{"id":10054,"date":"2021-09-07T02:52:39","date_gmt":"2021-09-07T00:52:39","guid":{"rendered":"https:\/\/www.rc03-ilbenstadt.de\/?page_id=10054"},"modified":"2021-09-07T14:27:03","modified_gmt":"2021-09-07T12:27:03","slug":"ilbenstaedter-radtourenradwanderung-von-wickstadt-nach-laubacham-mittwoch-den-8-september-2021-ueber-auen-und-seenplatte-zum-laubacher-schloss","status":"publish","type":"post","link":"https:\/\/www.rc03-ilbenstadt.de\/?p=10054","title":{"rendered":"Ilbenst\u00e4dter Radtouren<br>Radwanderung &#8222;Von Wickstadt nach Laubach&#8220;<br><br>am Mittwoch, den 8. September 2021<br><br> \u00dcber Auen und Seenplatte zum Laubacher Schloss<br>"},"content":{"rendered":"<p><strong>Liebe Mitglieder und Freunde des RC 03 Ilbenstadt,<\/strong><\/p>\n<p>der Radtourenfachwart und Wetterexperte Erwin Loscher hat den Mittwoch mit exzellentem Radfahrwetter entdeckt und l\u00e4dt zu Radtour nach Laubach ein: <\/p>\n<p><strong>Start am Mittwoch, den 8. September 2021<\/strong><br \/>\n<strong>um 09:00 Uhr an der Wickst\u00e4dter Niddabr\u00fccke<\/strong><br \/>\n<strong>um 09:30 Uhr am Bingenheimer Schloss<\/strong><\/p>\n<p>Die <a href=\"https:\/\/www.rc03-ilbenstadt.de\/?page_id=9416\" target=\"_blank\" rel=\"noopener\">Hygiene- und Abstandsregeln des RC 03 Ilbenstadt<\/a>, abgestimmt f\u00fcr das Radwandern, des RC 03 Ilbenstadt sind vorab zur Kenntnis <!--more--> zu nehmen und am Veranstaltungstag strikt einzuhalten. Unn\u00f6tige Risiken auf Kosten der Gesundheit werden nicht eingegangen.<br \/>\n<strong><span style=\"color: #ff0000;\">NEU: Zur Teilnahme an Radtouren des RC 03 Ilbenstadt ist ab sofort nur der Personenkreis nach der 3G-Regel (Geimpft\/Genesen\/Getestet) zugelassen.<\/span><\/strong><br \/>\nVergesst nicht die Mund- und Nasenbedeckung (OP-Maske, FFP 2-Maske oder gleichwertig). Diese ist w\u00e4hrend der Fahrt nicht notwendig, f\u00fcr Aufenthalte in Pausen und\/oder anderen Bereichen mit einer Tragepflicht muss sie bereitgehalten werden.<\/p>\n<p>Vom Start geht es in die fr\u00fchherbstliche Wetterau. Das goldene Herbstlaub l\u00e4sst sicher nicht mehr lange auf sich warten. Die Auenlandschaft ab Reichelsheim wird durchquert und an den regelm\u00e4\u00dfig verborgenen Tagebauseen vorbei, liegt Laubach mit seiner kleinen, beschaulichen Innenstadt und dem Laubacher Schloss vor der Radelgruppe. <a href=\"https:\/\/de.wikipedia.org\/wiki\/Laubach\" target=\"_blank\" rel=\"noopener\">Laubach<\/a>, in dessen Stadtbild die sp\u00e4ter schloss\u00e4hnlich ausgebaute Burg dominiert, war schon des \u00f6fteren Ziel unserer Radwanderungen. Die Solmser Grafen mit dem Namenszusatz &#8222;Laubach&#8220; sind hier zu Hause, seit sie  Burg und Dorf vom Sohn des Ulrich von Hanau 1340 k\u00e4uflich erworben  hatten.<\/p>\n<p>Nach einer Rast am Marktplatz geht es wieder heimw\u00e4rts, Es gr\u00fc\u00dft der W\u00f6lfersheimer See, der Paffen- und der Bergwerkssee, bevor Wickstadt das Ende der Tour verhei\u00dft.<br \/>\nDie Tour \u00fcber rund 85 Kilometer in welligem Terrain, hat am Ende in der Summe der \u201eBodenwellen\u201c doch 500 H\u00f6henmeter erlebbar gemacht. Sie l\u00e4sst sich mit Touren-, Trekkingr\u00e4dern und Mountainbikes bei guter Kondition leicht bew\u00e4ltigen.<\/p>\n<p>Haben wir Euer Interesse geweckt? Wir freuen uns auf eine rege Teilnahme.<br \/>\nErwin Loscher ist f\u00fcr R\u00fcckfragen unter der Telefonnummer 01512 02 30 745 erreichbar.<\/p>\n<p>F\u00fcr das Radwanderteam<\/p>\n<p>Wilhelm Schr\u00f6der<br \/>\nFachbereichsleiter \u00d6ffentlichkeitsarbeit und Sport (RTF\/CTF)<\/p>\n<p>Streckendownload f\u00fcr Navigationsger\u00e4te:<br \/>\n<a href=\"https:\/\/rc03-ilbenstadt.de\/GPX\/GPX-RW\/RC03_RW_210908_Wickstadt_Laubach.gpx\">Radwanderung &#8222;Von Wickstadt nach Laubach&#8220;<\/a><\/p>\n<p><a href=\"http:\/\/umap.openstreetmap.fr\/de\/map\/rc03_rw_210908_wickstadt_laubach_653289#12\/50.4238\/8.9127\" target=\"_blank\" rel=\"noopener\">Radwanderung &#8222;Von Wickstadt nach Laubach&#8220;<br \/>(Vollbildanzeige)<\/a><br \/>\n<iframe loading=\"lazy\" width=\"200%\" height=\"300px\" frameborder=\"0\" allowfullscreen src=\"\/\/umap.openstreetmap.fr\/de\/map\/rc03_rw_210908_wickstadt_laubach_653289?scaleControl=true&#038;miniMap=false&#038;scrollWheelZoom=true&#038;zoomControl=true&#038;allowEdit=false&#038;moreControl=true&#038;searchControl=true&#038;tilelayersControl=true&#038;embedControl=null&#038;datalayersControl=true&#038;onLoadPanel=undefined&#038;captionBar=false&#038;fullscreenControl=true&#038;measureControl=true\"><\/iframe><\/p>\n","protected":false},"excerpt":{"rendered":"<p>Liebe Mitglieder und Freunde des RC 03 Ilbenstadt, der Radtourenfachwart und Wetterexperte Erwin Loscher hat den Mittwoch mit exzellentem Radfahrwetter entdeckt und l\u00e4dt zu Radtour nach Laubach ein: Start am Mittwoch, den 8. September 2021 um 09:00 Uhr an der &hellip; <a href=\"https:\/\/www.rc03-ilbenstadt.de\/?p=10054\">Weiterlesen <span class=\"meta-nav\">&rarr;<\/span><\/a><\/p>\n","protected":false},"author":9,"featured_media":4738,"comment_status":"closed","ping_status":"closed","sticky":false,"template":"","format":"standard","meta":{"_crdt_document":"","footnotes":""},"categories":[1],"tags":[],"class_list":["post-10054","post","type-post","status-publish","format-standard","has-post-thumbnail","hentry","category-allgemein"],"_links":{"self":[{"href":"https:\/\/www.rc03-ilbenstadt.de\/index.php?rest_route=\/wp\/v2\/posts\/10054","targetHints":{"allow":["GET"]}}],"collection":[{"href":"https:\/\/www.rc03-ilbenstadt.de\/index.php?rest_route=\/wp\/v2\/posts"}],"about":[{"href":"https:\/\/www.rc03-ilbenstadt.de\/index.php?rest_route=\/wp\/v2\/types\/post"}],"author":[{"embeddable":true,"href":"https:\/\/www.rc03-ilbenstadt.de\/index.php?rest_route=\/wp\/v2\/users\/9"}],"replies":[{"embeddable":true,"href":"https:\/\/www.rc03-ilbenstadt.de\/index.php?rest_route=%2Fwp%2Fv2%2Fcomments&post=10054"}],"version-history":[{"count":5,"href":"https:\/\/www.rc03-ilbenstadt.de\/index.php?rest_route=\/wp\/v2\/posts\/10054\/revisions"}],"predecessor-version":[{"id":10066,"href":"https:\/\/www.rc03-ilbenstadt.de\/index.php?rest_route=\/wp\/v2\/posts\/10054\/revisions\/10066"}],"wp:featuredmedia":[{"embeddable":true,"href":"https:\/\/www.rc03-ilbenstadt.de\/index.php?rest_route=\/wp\/v2\/media\/4738"}],"wp:attachment":[{"href":"https:\/\/www.rc03-ilbenstadt.de\/index.php?rest_route=%2Fwp%2Fv2%2Fmedia&parent=10054"}],"wp:term":[{"taxonomy":"category","embeddable":true,"href":"https:\/\/www.rc03-ilbenstadt.de\/index.php?rest_route=%2Fwp%2Fv2%2Fcategories&post=10054"},{"taxonomy":"post_tag","embeddable":true,"href":"https:\/\/www.rc03-ilbenstadt.de\/index.php?rest_route=%2Fwp%2Fv2%2Ftags&post=10054"}],"curies":[{"name":"wp","href":"https:\/\/api.w.org\/{rel}","templated":true}]}}