{"id":10072,"date":"2021-09-13T10:42:37","date_gmt":"2021-09-13T08:42:37","guid":{"rendered":"https:\/\/www.rc03-ilbenstadt.de\/?p=10072"},"modified":"2021-09-13T23:45:46","modified_gmt":"2021-09-13T21:45:46","slug":"ilbenstaedter-radtourenradwanderung-von-assenheim-zum-lohrberg-und-hoher-strasseam-dienstag-den-14-september-2021die-lohrberg-altstrassenkombi","status":"publish","type":"post","link":"https:\/\/www.rc03-ilbenstadt.de\/?p=10072","title":{"rendered":"Ilbenst\u00e4dter Radtouren<br>Radwanderung &#8222;Von Assenheim zum Lohrberg und Hoher Stra\u00dfe&#8220;<br><br>am Dienstag, den 14. September 2021<br><br>Die Lohrberg-Altstra\u00dfen-Kombi<br>"},"content":{"rendered":"<p><strong>Liebe Mitglieder und Freunde des RC 03 Ilbenstadt,<\/strong><\/p>\n<p>Der Radtouren- und Wetterfachwart Erwin Loscher hat jetzt den Sch\u00f6nwetter-Dienstag entdeckt und entf\u00fchrt einer Radtour zum Lohrberg und zur Hohen Stra\u00dfe: <\/p>\n<p><strong>Start am Dienstag, den 14. September 2021<\/strong><br \/>\n<strong>um 09:30 Uhr an dem Assenheimer B\u00fcrgerhaus<\/strong><\/p>\n<p>Die <a href=\"https:\/\/www.rc03-ilbenstadt.de\/?page_id=9416\" target=\"_blank\" rel=\"noopener\">Hygiene- und Abstandsregeln des RC 03 Ilbenstadt<\/a>, abgestimmt f\u00fcr das Radwandern, des RC 03 Ilbenstadt sind vorab zur Kenntnis <!--more--> zu nehmen und am Veranstaltungstag strikt einzuhalten. Unn\u00f6tige Risiken auf Kosten der Gesundheit werden nicht eingegangen.<br \/>\nVergesst nicht die Mund- und Nasenbedeckung (OP-Maske, FFP 2-Maske oder gleichwertig). Diese ist w\u00e4hrend der Fahrt nicht notwendig, f\u00fcr Aufenthalte in Pausen und\/oder anderen Bereichen mit einer Tragepflicht muss sie bereitgehalten werden.<\/p>\n<p>Ab Assenheim vertrauen wir uns dem Hessenradweg R 4 an, der uns garantiert nach Bad Vilbel bringt. Ein bisschen weiter verlassen wir diesen in Richtung Berkersheim. Nein, wir steigen hier nicht in die S-Bahn ein, die Radwanderung  hat noch einen interessanten Teil. \u00dcber Preungesheim steigen wir auf den Berger R\u00fccken zum <a href=\"https:\/\/de.wikipedia.org\/wiki\/Lohrberg_(Frankfurt_am_Main)\" target=\"_blank\" rel=\"noopener\">Lohrberg<\/a> hin. Keine Angst, der Frankfurter Hausberg weist nur 184 Meter in der H\u00f6he auf. Damit befindet ihr euch etwa 20 Meter \u00fcber dem Niveau des Westturmes des Frankfurter Domes.<\/p>\n<p>Der Lohrberg ist der Frankfurter Weinberg. Dass die Frankfurter mit Wein umgehen k\u00f6nnen, beweisen sie mit ihrem Weingut in Hochheim am Main. Von daher werden sie den Reben am Lohrberg auch einen passablen Wein abringen. Doch warum ist der Lohrberg auch ein &#8222;\u00c4ppelwoiparadies? Findet es heraus. Im \u00c4pplerhaus und in der Lohrberg Sch\u00e4nke gibt es was zum Verkosten. Genie\u00dft auf jeden Fall die Aussicht \u00fcber Frankfurt bis in in Taunus und Odenwald.<\/p>\n<p>Bei Bergen trefft ihr unsere alte Bekannte, die <a href=\"https:\/\/www.altstrassen-in-hessen.de\/altstrassen\/antsanvia.php\" target=\"_blank\" rel=\"noopener\">Hohe Stra\u00dfe<\/a>, die bis in die Zeiten der Kelten genutzt wurde und wird. Warum m\u00fchten sich unsere Vorfahren mit h\u00fcgeligen Stra\u00dfen ab? Da entging man sich den sumpfigen Gebieten und brachte seine Fracht sicher nach Leipzig und Frankfurt. Heute wird zwar Frankfurt hier und da auch mal als &#8222;Sumpf&#8220; charakterisiert, aber das ist ein anderes Thema. Wir folgen nun einen Teil des Weges, den schon Bonifatius nutze, wie im Leben, so im Tod (754). Heute sind an der Hohen Stra\u00dfe viele beschauliche Orte angesiedelt. Die Entwicklung heutiger Handelsrouten, verbunden mit der Ansiedlung gro\u00dfer Firmen in verkehrsg\u00fcnstiger Lage, hat die Hohe Stra\u00dfe nicht mitgemacht. Wei\u00df aber, dass die Stra\u00dfe nicht immer Segen war. S\u00f6ldnerheere im 30-j\u00e4hrigen Krieg, sp\u00e4ter auch napoleonische Truppen, nutzen die Stra\u00dfe. Die Versorgung der Heere war auch zu diesen Zeiten eine anspruchsvolle Aufgabe. Sie bedienten sich oftmals an Eigentum und Arbeitsertrag der Anlieger. Nicht in allen F\u00e4llen wurde dies gerecht entlohnt, Verw\u00fcstungen und Tod gingen mit diesen unfreiwilligen Versorgungsleistungen auch einher.<br \/>\nWir rollen nun in profiliertem Gebiet Mark\u00f6bel zu und k\u00f6nnen mal nachvollziehen, was es hie\u00df, mit einem Ochsengespann Fracht auf dieser Stra\u00dfe zu bef\u00f6rdern. Stra\u00dfe ist dabei nicht im heutigen Sinne zu verstehen, sondern man fuhr in einem Korridor, wo es gerade ging.  Heute bewahren euch die Naturschutzgesetze und Verordnungen vor den Abweichungen vom Wege.<br \/>\nMit diesen Gedanken verlassen wir  in Mark\u00f6bel unsere Altstra\u00dfe, wechseln auf den Limes, schwenken in Richtung Heimat und sind \u00fcber H\u00f6chst und Wickstadt einige Bodenwellen sp\u00e4ter zur\u00fcck in Assenheim.<br \/>\nDie Rast haben wir vergessen, doch hier hat der Radwanderfachwart sich ausgeschwiegen. Ich w\u00fcrde den Lohrberg nehmen &#8230;<\/p>\n<p>Die Erlebnistour \u00fcber rund 70 Kilometer in leicht welligem Terrain, das \u00fcber kurze Abschnitte schon mal als profiliert bezeichnet werden kann, passt in das Leistungsverm\u00f6gen unserer Radfahrer. Touren- und Trekkingr\u00e4der sowie Mountainbikes sind erste Wahl f\u00fcr diese Tour.<br \/>\nIst das Interesse geweckt, freut sich der RC 03 Ilbenstadt auf eine rege Teilnahme.<\/p>\n<p>Haben wir Euer Interesse geweckt? Wir freuen uns auf eine rege Teilnahme.<br \/>\nErwin Loscher ist f\u00fcr R\u00fcckfragen unter der Telefonnummer 01512 02 30 745 erreichbar.<\/p>\n<p>F\u00fcr das Radwanderteam<\/p>\n<p>Wilhelm Schr\u00f6der<br \/>\nFachbereichsleiter \u00d6ffentlichkeitsarbeit und Sport (RTF\/CTF)<\/p>\n<p>Streckendownload f\u00fcr Navigationsger\u00e4te:<br \/>\n<a href=\"https:\/\/rc03-ilbenstadt.de\/GPX\/GPX-RW\/RC03_RW_Assenheim_Lohrberg_HoheStrasse.gpx\">Radwanderung &#8222;Assenheim-Lohrberg-Hohe Stra\u00dfe&#8220;<\/a><\/p>\n<p><a href=\"http:\/\/umap.openstreetmap.fr\/de\/map\/rc03_rw_assenheim_lohrberg_hohestrasse_655455#13\/50.2666\/8.9394\" target=\"_blank\" rel=\"noopener\">Radwanderung &#8222;Assenheim-Lohrberg-Hohe Stra\u00dfe<br \/>(Vollbildanzeige)<\/a><br \/>\n<iframe loading=\"lazy\" width=\"200%\" height=\"300px\" frameborder=\"0\" allowfullscreen src=\"\/\/umap.openstreetmap.fr\/de\/map\/rc03_rw_assenheim_lohrberg_hohestrasse_655455?scaleControl=true&#038;miniMap=false&#038;scrollWheelZoom=true&#038;zoomControl=true&#038;allowEdit=false&#038;moreControl=true&#038;searchControl=true&#038;tilelayersControl=true&#038;embedControl=null&#038;datalayersControl=true&#038;onLoadPanel=undefined&#038;captionBar=false&#038;fullscreenControl=true&#038;measureControl=true\"><\/iframe><\/p>\n","protected":false},"excerpt":{"rendered":"<p>Liebe Mitglieder und Freunde des RC 03 Ilbenstadt, Der Radtouren- und Wetterfachwart Erwin Loscher hat jetzt den Sch\u00f6nwetter-Dienstag entdeckt und entf\u00fchrt einer Radtour zum Lohrberg und zur Hohen Stra\u00dfe: Start am Dienstag, den 14. September 2021 um 09:30 Uhr an &hellip; <a href=\"https:\/\/www.rc03-ilbenstadt.de\/?p=10072\">Weiterlesen <span class=\"meta-nav\">&rarr;<\/span><\/a><\/p>\n","protected":false},"author":9,"featured_media":4738,"comment_status":"closed","ping_status":"closed","sticky":false,"template":"","format":"standard","meta":{"_crdt_document":"","footnotes":""},"categories":[1],"tags":[],"class_list":["post-10072","post","type-post","status-publish","format-standard","has-post-thumbnail","hentry","category-allgemein"],"_links":{"self":[{"href":"https:\/\/www.rc03-ilbenstadt.de\/index.php?rest_route=\/wp\/v2\/posts\/10072","targetHints":{"allow":["GET"]}}],"collection":[{"href":"https:\/\/www.rc03-ilbenstadt.de\/index.php?rest_route=\/wp\/v2\/posts"}],"about":[{"href":"https:\/\/www.rc03-ilbenstadt.de\/index.php?rest_route=\/wp\/v2\/types\/post"}],"author":[{"embeddable":true,"href":"https:\/\/www.rc03-ilbenstadt.de\/index.php?rest_route=\/wp\/v2\/users\/9"}],"replies":[{"embeddable":true,"href":"https:\/\/www.rc03-ilbenstadt.de\/index.php?rest_route=%2Fwp%2Fv2%2Fcomments&post=10072"}],"version-history":[{"count":5,"href":"https:\/\/www.rc03-ilbenstadt.de\/index.php?rest_route=\/wp\/v2\/posts\/10072\/revisions"}],"predecessor-version":[{"id":10080,"href":"https:\/\/www.rc03-ilbenstadt.de\/index.php?rest_route=\/wp\/v2\/posts\/10072\/revisions\/10080"}],"wp:featuredmedia":[{"embeddable":true,"href":"https:\/\/www.rc03-ilbenstadt.de\/index.php?rest_route=\/wp\/v2\/media\/4738"}],"wp:attachment":[{"href":"https:\/\/www.rc03-ilbenstadt.de\/index.php?rest_route=%2Fwp%2Fv2%2Fmedia&parent=10072"}],"wp:term":[{"taxonomy":"category","embeddable":true,"href":"https:\/\/www.rc03-ilbenstadt.de\/index.php?rest_route=%2Fwp%2Fv2%2Fcategories&post=10072"},{"taxonomy":"post_tag","embeddable":true,"href":"https:\/\/www.rc03-ilbenstadt.de\/index.php?rest_route=%2Fwp%2Fv2%2Ftags&post=10072"}],"curies":[{"name":"wp","href":"https:\/\/api.w.org\/{rel}","templated":true}]}}