{"id":10083,"date":"2021-09-21T09:12:44","date_gmt":"2021-09-21T07:12:44","guid":{"rendered":"https:\/\/www.rc03-ilbenstadt.de\/?p=10083"},"modified":"2021-09-21T16:24:42","modified_gmt":"2021-09-21T14:24:42","slug":"radtourenfahren-rtf-in-ilbenstadtbericht-zur45-herbst-rtf-wetterau-vogelsberg-rundfahrtmit-familientouram-sonntag-den-12-september-2021","status":"publish","type":"post","link":"https:\/\/www.rc03-ilbenstadt.de\/?p=10083","title":{"rendered":"Radtourenfahren (RTF) in Ilbenstadt<br><br>Bericht zur<br><br>45. Herbst-RTF &#8222;Wetterau &#8211; Vogelsberg &#8211; Rundfahrt&#8220;<br>mit Familientour<br>am Sonntag, den 12. September 2021<br><br><br>"},"content":{"rendered":"<p>Dunkel war es an Start und Ziel, doch es herrschte emsiges Treiben. Schon ab 06.30 Uhr wurde Material, Verpflegung und Getr\u00e4nke f\u00fcr die Service- und Kontrollpunkte verladen. Mit je einem Packen der Hinweisbeschilderung f\u00fcr Tourteilungen, Service- und Kontrollpunkten und Richtungspfeilen ging es schon zur Streckenkontrolle und Erg\u00e4nzung der Beschilderung.<br \/>\nAn Start und Ziel war das Klappern der Festzeltgarnituren zu h\u00f6ren, Einlasskontrolle, Anmelde- und Bewirtungsbereich wurden aufgebaut, so wie der neue Fahrradst\u00e4nder, der seiner ersten Bew\u00e4hrungsprobe entgegensah.<br \/>\nKurz vor 7 Uhr kamen die ersten unentwegten Fr\u00fchstarter <!--more-->und harrten ihrer Startunterunterlagen. Nach einem kurzen H\u00e4nger unserer EDV, die sich auch an die Morgenfrische gew\u00f6hnen musste, traten die ersten in die Pedale, der Sonne, dem Hohen Vogelsberg entgegen. In den ersten Startgruppen waren mehrheitlich die Langstreckenfahrer vertreten, die sich 156 Kilometer und mehr als 1600 H\u00f6henmeter auf die Fahne geschrieben hatten. Ein kontinuierlicher Strom aus Radlerinnen und Radlern schloss sich an, es folgte Start auf Start in entspannter Atmosph\u00e4re. Die Online-Voranmeldung mit zeitlich gestaffelten Startbl\u00f6cken machte es m\u00f6glich.<br \/>\nDie Sonne meinte es gut mit der Radlerschar. Nach langer, fast zweij\u00e4hriger Pause wieder eine der wenigen Radtourenfahrten (RTF). Nicht, dass man das Radfahren vermisst h\u00e4tte, nein, es war das gesellige Radfahren, das Genie\u00dfen der Atmosph\u00e4re einer RTF, das Treffen vieler Freunde und Bekannter, das in der Pandemie nicht stattfand oder viel zu kurz war. Auch das entspannte Fahren auf einer ausgeschilderten Strecke geh\u00f6rte dazu. Und dann dieses Wetter! Die sonnendurchflutete Wetterau pr\u00e4sentierte sich von ihrer besten Seite. Hier und da mussten noch ein paar Dunst- und Nebelfetzen weichen, die morgendliche Frische war schnell durch kr\u00e4ftiges Pedalieren aus dem K\u00f6rper getrieben. Auch das geh\u00f6rt zum Radelgenuss. Nach Abschluss der Raps- und Getreideernte waren viele Felder schon zur Neuaussaat vorbereitet, Zuckerr\u00fcbenfelder, Mais und das Begleitgr\u00fcn von Stra\u00dfen und Wirtschaftswegen leuchtete in satten Farben. B\u00e4ume trugen \u00fcberwiegend ihr gr\u00fcnes Kleid, doch bald wird auch der Herbst seien Tribut verlangen, die Laubkleider werden bunt, ein Bild, das nicht verpasst werden sollte. Alles in Allem konnte man die Seele baumeln lassen, frische Kraft sch\u00f6pfen.<\/p>\n<p>Unser ebenso buntes Teilnehmerfeld, vorwiegend auf Rennr\u00e4dern und CyclocCrossern, manche auch auf Gravelbikes unterwegs, verteilte sich auf das breite Streckenangebot. Je nach Leistungsverm\u00f6gen, Lust und Laune, konnten 41- 77-, 111- oder 156 Kilometer in Angriff genommen werden. Auch f\u00fcr Familien wurde ein Streckenangebot \u00fcber 32 Kilometer \u00fcber das Wetterauer Radwegenetz nach Staden gemacht. In M\u00fcnzenberg, Staden, Glash\u00fctten, im Hohen Vogelsberg hinter Ilbeshausen und in Bergheim wurde sich an den Service- und Kontrollpunkten gest\u00e4rkt. Wie es in Pandemiezeiten \u00fcblich ist, war die Verpflegung verpackt, die Getr\u00e4nke in 0,5 l-Flaschen ausschlie\u00dflich f\u00fcr den pers\u00f6nlichen Verbrauch vorgesehen. Zwei Servicefahrzeuge waren auf den Strecken unterwegs, um Hilfe leisten zu k\u00f6nnen.<\/p>\n<p>Zur\u00fcck an Start und Ziel warteten Gegrilltes, Kaffee und Kuchen und nicht zuletzt k\u00fchle Getr\u00e4nke auf Radlerinnen und Radler. Rund um das Zelt, unter dem der An- und Abmeldebereich, auch die Frauen und M\u00e4nner an Grill und Kuchentheke ihren T\u00e4tigkeiten nachgingen, sa\u00dfen, standen die R\u00fcckkehrer in kleineren und gr\u00f6\u00dferen Gruppen zusammen, tauschten sich rege aus und lie\u00dfen einen gelungenen Radsporttag in Ilbenstadt ausklingen. <\/p>\n<p>Wir bedanken uns bei dem 172 K\u00f6pfe z\u00e4hlenden Teilnehmerfeld, das weit \u00fcberwiegend Verst\u00e4ndnis f\u00fcr das notwendige Hygienekonzept und die 3G-Zugangsregel (Geimpft, Genesen, Getestet) zeigte.<br \/>\nDer Kontakt unter Radlerinnen und Radlern ist auch in schwierigen Zeiten nicht abgerissen und wenn, dann schnell erneuert. Stark, dass auch gr\u00f6\u00dfere Vereinsgruppen an den Start gingen, so der VC Frankfurt, der bayerische Block vom RV Wenigumstadt, der RV Anspach, der RV Ober-M\u00f6rlen  und die Jederm\u00e4nner vom TV Ilbenstadt nicht zu vergessen, um nur einige zu nennen.<br \/>\nDer Niddataler B\u00fcrgermeister, Herr Michael Hahn, war auch am Start und nahm erstmalig nach Amtsantritt die Atmosph\u00e4re einer Radsportveranstaltung in Ilbenstadt auf. Wir k\u00f6nnen ihn sicher zur n\u00e4chsten RTF am 20. M\u00e4rz 2022 begr\u00fc\u00dfen. Dann mit Fahrrad? &#8211; Radfahren verbindet.<\/p>\n<p>Unseren Helferinnen und Helfern, dabei auch Unterst\u00fctzung vom RTC Sandhasen W\u00f6lfersheim und dem ehemaligen RSC Niederdorfelden, einem Verein, der nicht mehr durch die Pandemie kam, danken wir ausdr\u00fccklich. Die Arbeit war unter den neuen Bedingungen nicht leicht. Das vielfache Lob und der Dank der Teilnehmerinnen und Teilnehmern motiviert.<br \/>\nGemeinsam haben wir in schwierigen Zeiten ein Zeichen gesetzt: Der RC 03 Ilbenstadt lebt und mit ihm die Radsportszene. Mit Optimismus kann es in die Saison 2022 gehen!<\/p>\n<p>Wir wurden freundlich unterst\u00fctzt von:<\/p>\n<ul>\n<li><strong>Firma<\/strong> <strong><a title=\"TRADECONNECTIONKREBS\" href=\"http:\/\/www.tc-krebs.de\/\" target=\"_blank\" rel=\"noopener noreferrer\">TRADECONNECTIONKREBS<\/a> \u2013 DIGITALE MEDIENGESTALTUNG UND WERBUNG<\/strong><\/li>\n<li><strong><a href=\"https:\/\/www.metzgerei.org\/niddatal\/manfred-mahl-3112435.html\" target=\"_blank\" rel=\"noopener noreferrer\">Metzgerei Manfred Mahl in Ilbenstadt<\/a><\/strong><\/li>\n<li><a href=\"https:\/\/scan.bike\/\" target=\"_blank\" rel=\"noopener noreferrer\"><strong>scan&amp;bike<\/strong><\/a><\/li>\n<li><a href=\"https:\/\/www.tv-ilbenstadt.de\/\" target=\"_blank\" rel=\"noopener noreferrer\"><strong>TV Ilbenstadt<\/strong><\/a><\/li>\n<\/ul>\n<p><strong>Impressionen der Herbst-RTF &#8222;Wetterau-Vogelsberg-Rundfahrt&#8220;:<\/strong><\/p>\n<table style=\"border-collapse: collapse; width: 100%;\">\n<tbody>\n<tr>\n<td style=\"width: 33.3333%;\"><a href=\"https:\/\/www.rc03-ilbenstadt.de\/wp-content\/uploads\/2021\/09\/B-RC03-RTF-210912-004-RC03_Ilbenstadt-WEB.jpg\" rel=\"lightbox[10083]\"><img loading=\"lazy\" decoding=\"async\" class=\"aligncenter size-thumbnail wp-image-10088\" src=\"https:\/\/www.rc03-ilbenstadt.de\/wp-content\/uploads\/2021\/09\/B-RC03-RTF-210912-004-RC03_Ilbenstadt-WEB.jpg\" alt=\"\" width=\"150\" height=\"150\" \/><\/a><\/td>\n<td style=\"width: 33.3333%;\"><a href=\"https:\/\/www.rc03-ilbenstadt.de\/wp-content\/uploads\/2021\/09\/B-RC03-RTF-210912-005-RC03_Ilbenstadt-WEB.jpg\" rel=\"lightbox[10083]\"><img loading=\"lazy\" decoding=\"async\" class=\"aligncenter size-thumbnail wp-image-10089\" src=\"https:\/\/www.rc03-ilbenstadt.de\/wp-content\/uploads\/2021\/09\/B-RC03-RTF-210912-005-RC03_Ilbenstadt-WEB.jpg\" alt=\"\" width=\"150\" height=\"150\" \/><\/a><\/td>\n<td style=\"width: 33.3333%;\"><a href=\"https:\/\/www.rc03-ilbenstadt.de\/wp-content\/uploads\/2021\/09\/B-RC03-RTF-210912-006-RC03_Ilbenstadt-WEB.jpg\" rel=\"lightbox[10083]\"><img loading=\"lazy\" decoding=\"async\" class=\"aligncenter size-thumbnail wp-image-10090\" src=\"https:\/\/www.rc03-ilbenstadt.de\/wp-content\/uploads\/2021\/09\/B-RC03-RTF-210912-006-RC03_Ilbenstadt-WEB.jpg\" alt=\"\" width=\"150\" height=\"150\" \/><\/a><\/td>\n<\/tr>\n<tr>\n<td style=\"width: 33.3333%;\"><a href=\"https:\/\/www.rc03-ilbenstadt.de\/wp-content\/uploads\/2021\/09\/B-RC03-RTF-210912-007-RC03_Ilbenstadt-WEB.jpg\" rel=\"lightbox[10083]\"><img loading=\"lazy\" decoding=\"async\" class=\"aligncenter size-thumbnail wp-image-10091\" src=\"https:\/\/www.rc03-ilbenstadt.de\/wp-content\/uploads\/2021\/09\/B-RC03-RTF-210912-007-RC03_Ilbenstadt-WEB.jpg\" alt=\"\" width=\"150\" height=\"150\" \/><\/a><\/td>\n<td style=\"width: 33.3333%;\"><a href=\"https:\/\/www.rc03-ilbenstadt.de\/wp-content\/uploads\/2021\/09\/B-RC03-RTF-210912-008-RC03_Ilbenstadt-WEB.jpg\" rel=\"lightbox[10083]\"><img loading=\"lazy\" decoding=\"async\" class=\"aligncenter size-thumbnail wp-image-10092\" src=\"https:\/\/www.rc03-ilbenstadt.de\/wp-content\/uploads\/2021\/09\/B-RC03-RTF-210912-008-RC03_Ilbenstadt-WEB.jpg\" alt=\"\" width=\"150\" height=\"150\" \/><\/a><\/td>\n<td style=\"width: 33.3333%;\"><a href=\"https:\/\/www.rc03-ilbenstadt.de\/wp-content\/uploads\/2021\/09\/B-RC03-RTF-210912-009-RC03_Ilbenstadt-WEB.jpg\" rel=\"lightbox[10083]\"><img loading=\"lazy\" decoding=\"async\" class=\"aligncenter size-thumbnail wp-image-10093\" src=\"https:\/\/www.rc03-ilbenstadt.de\/wp-content\/uploads\/2021\/09\/B-RC03-RTF-210912-009-RC03_Ilbenstadt-WEB.jpg\" alt=\"\" width=\"150\" height=\"150\" \/><\/a><\/td>\n<\/tr>\n<tr>\n<td style=\"width: 33.3333%;\"><a href=\"https:\/\/www.rc03-ilbenstadt.de\/wp-content\/uploads\/2021\/09\/B-RC03-RTF-210912-010-RC03_Ilbenstadt-WEB.jpg\" rel=\"lightbox[10083]\"><img loading=\"lazy\" decoding=\"async\" class=\"aligncenter size-thumbnail wp-image-10094\" src=\"https:\/\/www.rc03-ilbenstadt.de\/wp-content\/uploads\/2021\/09\/B-RC03-RTF-210912-010-RC03_Ilbenstadt-WEB.jpg\" alt=\"\" width=\"150\" height=\"150\" \/><\/a><\/td>\n<td style=\"width: 33.3333%;\"><a href=\"https:\/\/www.rc03-ilbenstadt.de\/wp-content\/uploads\/2021\/09\/B-RC03-RTF-210912-012-RC03_Ilbenstadt-WEB.jpg\" rel=\"lightbox[10083]\"><img loading=\"lazy\" decoding=\"async\" class=\"aligncenter size-thumbnail wp-image-10095\" src=\"https:\/\/www.rc03-ilbenstadt.de\/wp-content\/uploads\/2021\/09\/B-RC03-RTF-210912-012-RC03_Ilbenstadt-WEB.jpg\" alt=\"\" width=\"150\" height=\"150\" \/><\/a><\/td>\n<td style=\"width: 33.3333%;\"><a href=\"https:\/\/www.rc03-ilbenstadt.de\/wp-content\/uploads\/2021\/09\/B-RC03-RTF-210912-014-RC03_Ilbenstadt-WEB.jpg\" rel=\"lightbox[10083]\"><img loading=\"lazy\" decoding=\"async\" class=\"aligncenter size-thumbnail wp-image-10096\" src=\"https:\/\/www.rc03-ilbenstadt.de\/wp-content\/uploads\/2021\/09\/B-RC03-RTF-210912-014-RC03_Ilbenstadt-WEB.jpg\" alt=\"\" width=\"150\" height=\"150\" \/><\/a><\/td>\n<\/tr>\n<tr>\n<td style=\"width: 33.3333%;\"><a href=\"https:\/\/www.rc03-ilbenstadt.de\/wp-content\/uploads\/2021\/09\/B-RC03-RTF-210912-015-RC03_Ilbenstadt-WEB.jpg\" rel=\"lightbox[10083]\"><img loading=\"lazy\" decoding=\"async\" class=\"aligncenter size-thumbnail wp-image-10097\" src=\"https:\/\/www.rc03-ilbenstadt.de\/wp-content\/uploads\/2021\/09\/B-RC03-RTF-210912-015-RC03_Ilbenstadt-WEB.jpg\" alt=\"\" width=\"150\" height=\"150\" \/><\/a><\/td>\n<td style=\"width: 33.3333%;\"><a href=\"https:\/\/www.rc03-ilbenstadt.de\/wp-content\/uploads\/2021\/09\/B-RC03-RTF-210912-016-RC03_Ilbenstadt-WEB.jpg\" rel=\"lightbox[10083]\"><img loading=\"lazy\" decoding=\"async\" class=\"aligncenter size-thumbnail wp-image-10098\" src=\"https:\/\/www.rc03-ilbenstadt.de\/wp-content\/uploads\/2021\/09\/B-RC03-RTF-210912-016-RC03_Ilbenstadt-WEB.jpg\" alt=\"\" width=\"150\" height=\"150\" \/><\/a><\/td>\n<td style=\"width: 33.3333%;\"><a href=\"https:\/\/www.rc03-ilbenstadt.de\/wp-content\/uploads\/2021\/09\/B-RC03-RTF-210912-018-RC03_Ilbenstadt-StefanZ-WEB.jpg\" rel=\"lightbox[10083]\"><img loading=\"lazy\" decoding=\"async\" class=\"aligncenter size-thumbnail wp-image-10099\" src=\"https:\/\/www.rc03-ilbenstadt.de\/wp-content\/uploads\/2021\/09\/B-RC03-RTF-210912-018-RC03_Ilbenstadt-StefanZ-WEB.jpg\" alt=\"\" width=\"150\" height=\"150\" \/><\/a><\/td>\n<\/tr>\n<\/tbody>\n<\/table>\n","protected":false},"excerpt":{"rendered":"<p>Dunkel war es an Start und Ziel, doch es herrschte emsiges Treiben. Schon ab 06.30 Uhr wurde Material, Verpflegung und Getr\u00e4nke f\u00fcr die Service- und Kontrollpunkte verladen. Mit je einem Packen der Hinweisbeschilderung f\u00fcr Tourteilungen, Service- und Kontrollpunkten und Richtungspfeilen &hellip; <a href=\"https:\/\/www.rc03-ilbenstadt.de\/?p=10083\">Weiterlesen <span class=\"meta-nav\">&rarr;<\/span><\/a><\/p>\n","protected":false},"author":9,"featured_media":8311,"comment_status":"closed","ping_status":"closed","sticky":false,"template":"","format":"standard","meta":{"_crdt_document":"","footnotes":""},"categories":[1],"tags":[],"class_list":["post-10083","post","type-post","status-publish","format-standard","has-post-thumbnail","hentry","category-allgemein"],"_links":{"self":[{"href":"https:\/\/www.rc03-ilbenstadt.de\/index.php?rest_route=\/wp\/v2\/posts\/10083","targetHints":{"allow":["GET"]}}],"collection":[{"href":"https:\/\/www.rc03-ilbenstadt.de\/index.php?rest_route=\/wp\/v2\/posts"}],"about":[{"href":"https:\/\/www.rc03-ilbenstadt.de\/index.php?rest_route=\/wp\/v2\/types\/post"}],"author":[{"embeddable":true,"href":"https:\/\/www.rc03-ilbenstadt.de\/index.php?rest_route=\/wp\/v2\/users\/9"}],"replies":[{"embeddable":true,"href":"https:\/\/www.rc03-ilbenstadt.de\/index.php?rest_route=%2Fwp%2Fv2%2Fcomments&post=10083"}],"version-history":[{"count":5,"href":"https:\/\/www.rc03-ilbenstadt.de\/index.php?rest_route=\/wp\/v2\/posts\/10083\/revisions"}],"predecessor-version":[{"id":10100,"href":"https:\/\/www.rc03-ilbenstadt.de\/index.php?rest_route=\/wp\/v2\/posts\/10083\/revisions\/10100"}],"wp:featuredmedia":[{"embeddable":true,"href":"https:\/\/www.rc03-ilbenstadt.de\/index.php?rest_route=\/wp\/v2\/media\/8311"}],"wp:attachment":[{"href":"https:\/\/www.rc03-ilbenstadt.de\/index.php?rest_route=%2Fwp%2Fv2%2Fmedia&parent=10083"}],"wp:term":[{"taxonomy":"category","embeddable":true,"href":"https:\/\/www.rc03-ilbenstadt.de\/index.php?rest_route=%2Fwp%2Fv2%2Fcategories&post=10083"},{"taxonomy":"post_tag","embeddable":true,"href":"https:\/\/www.rc03-ilbenstadt.de\/index.php?rest_route=%2Fwp%2Fv2%2Ftags&post=10083"}],"curies":[{"name":"wp","href":"https:\/\/api.w.org\/{rel}","templated":true}]}}