{"id":10115,"date":"2021-09-21T21:26:16","date_gmt":"2021-09-21T19:26:16","guid":{"rendered":"https:\/\/www.rc03-ilbenstadt.de\/?p=10115"},"modified":"2021-09-22T15:39:47","modified_gmt":"2021-09-22T13:39:47","slug":"ilbenstaedter-radtourenradwanderung-von-assenheim-nach-frankfurt-schwanheimam-dienstag-den-14-september-2021die-federvieh-borstenviehfrage","status":"publish","type":"post","link":"https:\/\/www.rc03-ilbenstadt.de\/?p=10115","title":{"rendered":"Ilbenst\u00e4dter Radtouren<br>Radwanderung &#8222;Von Assenheim nach Frankfurt-Schwanheim&#8220;<br><br>am Donnerstag, den 23. September 2021<br><br>Die Federvieh-\/Borstenviehfrage<br>"},"content":{"rendered":"<p><strong>Liebe Mitglieder und Freunde des RC 03 Ilbenstadt,<\/strong><\/p>\n<p>Der Radtouren- und Wetterfachwart Erwin Loscher hat jetzt den Sch\u00f6nwetter-Donnerstag entdeckt und entf\u00fchrt uns zu einer Radtour nach Frankfurt-Schwanheim: <\/p>\n<p><strong>Start am Donnerstag, den 23. September 2021<\/strong><br \/>\n<strong>um 09:30 Uhr an dem Assenheimer B\u00fcrgerhaus<\/strong><\/p>\n<p>Die <a href=\"https:\/\/www.rc03-ilbenstadt.de\/?page_id=9416\" target=\"_blank\" rel=\"noopener\">Hygiene- und Abstandsregeln des RC 03 Ilbenstadt<\/a>, abgestimmt f\u00fcr das Radwandern, des RC 03 Ilbenstadt sind vorab zur Kenntnis <!--more--> zu nehmen und am Veranstaltungstag strikt einzuhalten. Unn\u00f6tige Risiken auf Kosten der Gesundheit werden nicht eingegangen.<br \/>\nVergesst nicht die Mund- und Nasenbedeckung (OP-Maske, FFP 2-Maske oder gleichwertig). Diese ist w\u00e4hrend der Fahrt nicht notwendig, f\u00fcr Aufenthalte in Pausen und\/oder anderen Bereichen mit einer Tragepflicht muss sie bereitgehalten werden.<\/p>\n<p>F\u00fcr diese Tourbeschreibung Eulen nach Athen tragen? Nein, auch wenn wir Touren oft unter die R\u00e4der genommen haben, gibt es immer neue Facetten zu entdecken. Wir fahren durch jahreszeitlich und wetterabh\u00e4ngig gepr\u00e4gte Landschaften, wir haben immer wieder Kontakt mit anderen Radlerinnen und Radlern, kommen beim Rasten sogar mit Nichtradlern zusammen und letztlich werden wir \u00fcber Medien auch auf manchen Umstand aufmerksam, den wir fr\u00fcher haben links liegen lassen. Lasst uns immer wieder Neues wagen!<br \/>\nFlugs sind wir nach dem Start auf dem Niddaradweg in Richtung S\u00fcden unterwegs. In Gronau wenden wir uns Niederdorfelden und Bischofsheim zu. Wir treffen auf den Main, nutzen die Rumpenheimer F\u00e4hre und haben den S\u00fcden gefunden. Am S\u00fcdufer des Mains streben wir nun Schwanheim entgegen.<br \/>\nNebenbei: Die &#8222;Mainlinie&#8220; teilt Deutschland in Nord und S\u00fcd. Leider auch das Wetter, welches hier aber oftmals nicht eindeutig vorausgesagt wird. Die Mainlinie ist in Verbindung mit den Mittelgebirgsz\u00fcgen in unserem Bereich oft schwere Kost f\u00fcr die Offenbacher Wetterfr\u00f6sche vom Frankfurter Wetterdienst.<\/p>\n<p>Schwanheim, so oft haben wir das 1928 nach Frankfurt eingemeindete D\u00f6rfchen in unsere Touren einbezogen. Viele Aspekte der Geschichte, des Lebens haben wir in unseren Fokus ger\u00fcckt. Die gestoppte Wanderd\u00fcne und geschichtliche Hintergr\u00fcnde, vom Erben, Schenken, Bekriegen, alles was Adel und Klerus aufzubieten hatten, wurde schon mehr oder minder pointiert gestreift. Hatten wir schon das Namensthema? In London, vielleicht auch in gesamt Gro\u00dfbritannien ist die Queen Eigent\u00fcmerin aller Schw\u00e4ne, l\u00e4sst sie j\u00e4hrlich hegen und z\u00e4hlen. Ihr geht es um den Tierschutz, weil die stolzen V\u00f6gel nicht nur gut aussahen, sondern auch schmackhaft waren. Sie sorgte f\u00fcr einen ge\u00e4nderten Speiseplan zum Schutz der Schw\u00e4ne. Lief so etwas auch in Schwanheim? Auf keinen Fall, denn die Namensgebung geht auf eine mundartlich bedingte Unsch\u00e4rfe zur\u00fcck. Sueinheim, manchmal auch Suainheim geschrieben, war der urspr\u00fcngliche Dorfname. Wir m\u00f6gen uns nicht vorstellen, wie der geneigte &#8222;Schwanheimer&#8220; in fr\u00fcheren Zeiten das mit der Aussprache gehandhabt hat, obwohl wir aus der Wetterau manch harten Tobak gewohnt sind. Sprachforscher und die es werden wollen, f\u00fchren den Namen strittig auf Sumpf und auch Schwein zur\u00fcck. Bei unserem Schwanheim trifft alles zu; in &#8222;Schweinheim&#8220; suhlten sich die Tiere im Sumpf &#8230; Tats\u00e4chlich liegt der Hinweis auf &#8222;Schweinheim&#8220; nahe, trieben doch die Frankfurter im Sommer ihre Schweine in den Stadtwald, damit die reiche Eichel-, Kastanien- und Bucheckernkost auch in der Speckschwarte einen Mehrwert brachte. Namen, wie Ober- und Unterschweinstiege weisen noch heute auf diese Praxis hin.<\/p>\n<p>Genug schwadroniert, in Schwanheim wird beim <a href=\"https:\/\/frankfurterhof-seppche.de\/\" target=\"_blank\" rel=\"noopener\">Seppche<\/a> gerastet. Hier gibt es f\u00fcr jeden etwas, das f\u00fcr die n\u00e4chsten Kilometer Segen und Fluch sein kann.<br \/>\nNach der Rast steuern wir H\u00f6chst an. Im Schatten des Bolongaropalastes setzen wir mit der F\u00e4hre \u00fcber und befinden uns an der Niddam\u00fcndung, die noch verborgen vom Hotelschiff Schlott ihr Wasser dem Main \u00fcbergibt. Wer genau hinschaut, kann noch das Niddawasser am n\u00f6rdlichen Mainufer entlang verfolgen, bevor es sich an der n\u00e4chsten Flussbiegung mit dem Wasser des Mains gemischt hat.<\/p>\n<p>Der Niddaradweg hat uns wieder. Wir folgen ihm, denn er bringt uns zum Ausgangspunkt unserer Tour zur\u00fcck.   Ganze 43 Kilometer folgen wir den Windungen. W\u00e4re das Fl\u00fcsschen mal so richtig begradigt worden, w\u00e4ren uns 14 Kilometer erspart geblieben. Wir wissen alle, dass dies unsinnig ist. Selbst, wenn wir es wollten, st\u00e4nden wir mal so richtig im politischen Abseits. Aber was k\u00f6nnte es f\u00fcr die Energieeinsparung beim E-Bike-Einsatz bedeuten &#8230;?<\/p>\n<p>Die Erlebnistour \u00fcber rund 88 Kilometer in kaum welligem Terrain, mehr als zwei Drittel sind flussbegleitend, fordert das Sitzfleisch gegen\u00fcber den Beinmuskeln in gr\u00f6\u00dferem Ma\u00dfe. Touren- und Trekkingr\u00e4der sowie Mountainbikes sind erste Wahl f\u00fcr diese Tour. <\/p>\n<p>Ist das Interesse geweckt, freut sich der RC 03 Ilbenstadt auf eine rege Teilnahme.<br \/>\nErwin Loscher ist f\u00fcr R\u00fcckfragen unter der Telefonnummer 01512 02 30 745 erreichbar.<\/p>\n<p>F\u00fcr das Radwanderteam<\/p>\n<p>Wilhelm Schr\u00f6der<br \/>\nFachbereichsleiter \u00d6ffentlichkeitsarbeit und Sport (RTF\/CTF)<\/p>\n<p>Streckendownload f\u00fcr Navigationsger\u00e4te:<br \/>\n<a href=\"https:\/\/rc03-ilbenstadt.de\/GPX\/GPX-RW\/RC03_RW_210923_Assenheim_FFm-Schwanheim.gpx\">Radwanderung &#8222;Assenheim-Frankfurt-Schwanheim&#8220;<\/a><\/p>\n<p><a href=\"http:\/\/umap.openstreetmap.fr\/de\/map\/rc03-rw_210923_assenheim_frankfurt-schwanheim_659106#12\/50.1929\/8.7659\" target=\"_blank\" rel=\"noopener\">Radwanderung &#8222;Assenheim-Frankfurt-Schwanheim<br \/>(Vollbildanzeige)<\/a><br \/>\n<iframe loading=\"lazy\" width=\"200%\" height=\"300px\" frameborder=\"0\" allowfullscreen src=\"\/\/umap.openstreetmap.fr\/de\/map\/rc03-rw_210923_assenheim_frankfurt-schwanheim_659106?scaleControl=true&#038;miniMap=false&#038;scrollWheelZoom=true&#038;zoomControl=true&#038;allowEdit=false&#038;moreControl=true&#038;searchControl=true&#038;tilelayersControl=true&#038;embedControl=null&#038;datalayersControl=true&#038;onLoadPanel=undefined&#038;captionBar=false&#038;fullscreenControl=true&#038;measureControl=true\"><\/iframe><\/p>\n","protected":false},"excerpt":{"rendered":"<p>Liebe Mitglieder und Freunde des RC 03 Ilbenstadt, Der Radtouren- und Wetterfachwart Erwin Loscher hat jetzt den Sch\u00f6nwetter-Donnerstag entdeckt und entf\u00fchrt uns zu einer Radtour nach Frankfurt-Schwanheim: Start am Donnerstag, den 23. September 2021 um 09:30 Uhr an dem Assenheimer &hellip; <a href=\"https:\/\/www.rc03-ilbenstadt.de\/?p=10115\">Weiterlesen <span class=\"meta-nav\">&rarr;<\/span><\/a><\/p>\n","protected":false},"author":9,"featured_media":4738,"comment_status":"closed","ping_status":"closed","sticky":false,"template":"","format":"standard","meta":{"_crdt_document":"","footnotes":""},"categories":[1],"tags":[],"class_list":["post-10115","post","type-post","status-publish","format-standard","has-post-thumbnail","hentry","category-allgemein"],"_links":{"self":[{"href":"https:\/\/www.rc03-ilbenstadt.de\/index.php?rest_route=\/wp\/v2\/posts\/10115","targetHints":{"allow":["GET"]}}],"collection":[{"href":"https:\/\/www.rc03-ilbenstadt.de\/index.php?rest_route=\/wp\/v2\/posts"}],"about":[{"href":"https:\/\/www.rc03-ilbenstadt.de\/index.php?rest_route=\/wp\/v2\/types\/post"}],"author":[{"embeddable":true,"href":"https:\/\/www.rc03-ilbenstadt.de\/index.php?rest_route=\/wp\/v2\/users\/9"}],"replies":[{"embeddable":true,"href":"https:\/\/www.rc03-ilbenstadt.de\/index.php?rest_route=%2Fwp%2Fv2%2Fcomments&post=10115"}],"version-history":[{"count":5,"href":"https:\/\/www.rc03-ilbenstadt.de\/index.php?rest_route=\/wp\/v2\/posts\/10115\/revisions"}],"predecessor-version":[{"id":10133,"href":"https:\/\/www.rc03-ilbenstadt.de\/index.php?rest_route=\/wp\/v2\/posts\/10115\/revisions\/10133"}],"wp:featuredmedia":[{"embeddable":true,"href":"https:\/\/www.rc03-ilbenstadt.de\/index.php?rest_route=\/wp\/v2\/media\/4738"}],"wp:attachment":[{"href":"https:\/\/www.rc03-ilbenstadt.de\/index.php?rest_route=%2Fwp%2Fv2%2Fmedia&parent=10115"}],"wp:term":[{"taxonomy":"category","embeddable":true,"href":"https:\/\/www.rc03-ilbenstadt.de\/index.php?rest_route=%2Fwp%2Fv2%2Fcategories&post=10115"},{"taxonomy":"post_tag","embeddable":true,"href":"https:\/\/www.rc03-ilbenstadt.de\/index.php?rest_route=%2Fwp%2Fv2%2Ftags&post=10115"}],"curies":[{"name":"wp","href":"https:\/\/api.w.org\/{rel}","templated":true}]}}