{"id":10126,"date":"2021-09-22T09:16:54","date_gmt":"2021-09-22T07:16:54","guid":{"rendered":"https:\/\/www.rc03-ilbenstadt.de\/?p=10126"},"modified":"2021-09-23T12:14:18","modified_gmt":"2021-09-23T10:14:18","slug":"deutsches-radsportabzeichenzeitfahren-am-3-oktober-2021in-reichelsheim-weckesheim","status":"publish","type":"post","link":"https:\/\/www.rc03-ilbenstadt.de\/?p=10126","title":{"rendered":"<br><br>Deutsches Radsportabzeichen<br>Zeitfahren am 3. Oktober 2021<br><br>in Reichelsheim-Weckesheim<br><br>"},"content":{"rendered":"<p><strong>Liebe Radsportlerinnen und Radsportler,<\/strong><\/p>\n<p>auch in diesem Jahr nehmen wir das Zeitfahren f\u00fcr das Deutsche Radsportabzeichen ab. Dazu laden wir f\u00fcr<\/p>\n<p><strong>Sonntag, den 3. Oktober 2021 von 09:00 Uhr bis 10:00 Uhr (Startzeitfenster)<\/strong><br \/>\n<strong> in 61203 Reichelsheim-Weckesheim, Borngasse\/Barbarastra\u00dfe<\/strong><\/p>\n<p>herzlich ein. Der Rundkurs f\u00fcr Erwachsene (10 Kilometer) ist ausgeschildert. Er muss zweimal durchfahren werden. F\u00fcr Jugendliche ist eine Zeitnahme nach 5 Kilometern in Echzell auf der Hauptstra\u00dfe, H\u00f6he Taunusstra\u00dfe,  vorbereitet. Nach der Zeitnahme rollen die Jugendlichen aus und erreichen \u00fcber die 10-Kilometerstrecke gem\u00fctlich Weckesheim.<br \/>\nDie Teilnehmerinnen und Teilnehmer gehen mit je einer Minute Abstand auf die Strecke.<br \/>\nWir k\u00f6nnen keine abgesperrte Strecke anbieten und f\u00fchren das Zeitfahren im \u00f6ffentlichen Verkehrsraum durch. Eine Genehmigung zur Durchf\u00fchrung des Zeitfahrens im \u00f6ffentlichen Verkehrsraum durch die Stra\u00dfenverkehrsbeh\u00f6rde des Wetteraukreises l\u00e4uft. Die Streckenskizze ist am Ende des Artikels eingef\u00fcgt.<br \/>\nDie Abnahme des Zeitfahrens f\u00fcr das Deutsche Radsportabzeichen ist ein kostenfreier Service des RC 03 Ilbentadt und steht jedermann offen.<br \/>\n<!--more--><\/p>\n<p><strong>Informationen zum Deutschen Radsportabzeichen gibt der Bund Deutscher Radfahrer (BDR):<\/strong><\/p>\n<ul>\n<li><a href=\"https:\/\/www.rad-net.de\/radsportabzeichen.htm\" target=\"_blank\" rel=\"noopener\">\u00dcberblick<\/a>\n<\/li>\n<li><a href=\"https:\/\/static.rad-net.de\/html\/disziplinen\/breitensport\/dradabz_ver2019_ascr.pdf\" target=\"_blank\" rel=\"noopener\">Ausschreibung<\/a>\n<\/li>\n<li><a href=\"https:\/\/breitensport.rad-net.de\/files\/dra_leistungs-anford_2011-erwachsene-ohne-durchschn.pdf\" target=\"_blank\" rel=\"noopener\">Bedingungen f\u00fcr Erwachsene<\/a>\n<\/li>\n<li><a href=\"https:\/\/static.rad-net.de\/html\/disziplinen\/breitensport\/2016\/dra_leistungs-anford_2008-jugendliche-v2.pdf\" target=\"_blank\" rel=\"noopener\">Bedingungen f\u00fcr Kinder und Jugendliche<\/a>\n<\/li>\n<li><a href=\"https:\/\/rc03-ilbenstadt.de\/RC03-DOC\/RC03-DRA_Leistungsnachweis_Erwachsene_2021-mod.pdf\" target=\"_blank\" rel=\"noopener\">Leistungsnachweis Erwachsene<\/a>\n<\/li>\n<li><a href=\"https:\/\/rc03-ilbenstadt.de\/RC03-DOC\/RC03-DRA_Leistungsnachweis_Kinder_2021-mod.pdf\" target=\"_blank\" rel=\"noopener\">Leistungsnachweis Kinder<\/a>\n<\/li>\n<\/ul>\n<li>\n<strong>Teilnahmebedingungen <\/strong><\/p>\n<ul>\n<li>Strikte Einhaltung des veranstaltungsbezogenen Hygienekonzeptes:<\/li>\n<li>Teilnahme nach der 3G-Regel (Geimpft, Genesen, Getestet) &#8211; Nachweis erforderlich!<\/li>\n<li>Verhalten so einrichten, dass Infektionsgefahren f\u00fcr sich und andere nach menschlichem Ermessen ausgeschlossen sind. <\/li>\n<li>Abst\u00e4nde wahren, in (m\u00f6glichen!) Gedr\u00e4ngesituationen am Start besteht Maskenpflicht (medizinische oder FFP2-Maske) <\/li>\n<li>Desinfektionsmittel nutzen<\/li>\n<li>Nies- und Schn\u00e4uzregeln auf der Strecke beachten<\/li>\n<li>Die <a href=\"https:\/\/www.rc03-ilbenstadt.de\/?page_id=9416\" target=\"_blank\" rel=\"noopener\">Hygiene- und Abstandsregeln des RC 03 Ilbenstadt<\/a> gelten grunds\u00e4tzlich mit<\/li>\n<li>Das Verhalten auf der Strecke:<\/li>\n<li>Das Tragen eines Kopfschutzes ist Pflicht.<\/li>\n<li>Veranstaltungsbezogene R\u00fcckennummern sind sichtbar zu tragen. Sie werden am Start ausgegeben.<\/li>\n<li>Jede Teilnehmerin\/Jeder Teilnehmer hat nach der Allgemeinen StVO zu fahren; die Veranstaltungsteilnehmer genie\u00dfen <strong>keine Sonderrechte<\/strong><\/li>\n<li>Den Weisungen von Streckenposten ist Folge zu leisten. Sie garantieren grunds\u00e4tzlich keine freie Fahrt. Insbesondere am Kreisel an der Hohen Stra\u00dfe und der Einm\u00fcndung der Gettenauer Stra\u00dfe auf die L 3186 (Reichelsheim) signalisiert die erhobene rote Flagge, dass vorfahrtsberechtigter Verkehr naht, nachdem die Teilnehmerinnen und Teilnehmer  ihre Fahrt eigenst\u00e4ndig und verkehrskonform einzurichten haben.<\/li>\n<li>B\u00fcrokratie:<\/li>\n<li>Voranmeldungen und das \u00dcbersenden der oben eingestellten Leistungsnachweise an die <a href=\"mailto:geschaeftsstelle@rc03-ilbenstadt.de\" target=\"_blank\" rel=\"noopener\">Gesch\u00e4ftsstelle<\/a> des RC 03 erleichtern die organisatorische Abwicklung. Den Leistungsnachweis bitte mit der Erreichbarkeit (Telefonnummer oder E-Mailadresse) zur Kontaktnachverfolgung erg\u00e4nzen.<\/li>\n<li>Unser Pr\u00fcfer Michael Hammann, unterst\u00fctzt von Hans Sch\u00f6niger (Zeitnahme), wird Eure Leistung abnehmen und bescheinigen.<\/li>\n<li>Das Deutsche Radsportabzeichen wird grunds\u00e4tzlich \u00fcber den Fachwart des Vereins beim Beauftragten f\u00fcr das DRA, Erich Kampe, beantragt.<br \/>\n\tF\u00fcr vereinslose Teilnehmerinnen und Teilnehmer, auch in Einzelf\u00e4llen f\u00fcr BDR-Vereine, kann der RC 03 Ilbenstadt diesen Antrag \u00fcbernehmen. Voraussetzung ist, dass die erforderlichen Nachweise zum Streckenfahren und zur Saisonleistung vorgelegt werden. <\/li>\n<li>Datenschutz<\/li>\n<li>Habt Ihr noch Fragen: Z\u00f6gert nicht mit Eurer <a href=\"mailto:geschaeftsstelle@rc03-ilbenstadt.de\" target=\"_blank\" rel=\"noopener\">E-Mail<\/a> oder Eurem Anruf (Michael Hammann: 0175 77 87 035\/Wilhelm Schr\u00f6der: 01523 42 10 315<\/li>\n<\/ul>\n<\/li>\n<p>Wir w\u00fcnschen viel Erfolg<\/p>\n<p>Euer\/Ihr<br \/>\nRC 03 Ilbenstadt<\/p>\n<p><strong>Streckendownload f\u00fcr Navigationsger\u00e4te:<br \/>\n<a href=\"https:\/\/rc03-ilbenstadt.de\/GPX\/GPX-DRA\/RC03_DRA_Zeitfahren_Weckesheim.gpx\">10-Kilometerrundkurs (Erwachsene 2 x durchfahren)<\/a><\/strong><\/p>\n<p><a href=\"http:\/\/umap.openstreetmap.fr\/de\/map\/rc03-dra-zeitfahren_weckesheim_655954\" target=\"_blank\" rel=\"noopener noreferrer\"><strong>10-Kilometerrundkurs (Erwachsene 2 x durchfahren) mit Zeitnahme bei 5 Kilometern  f\u00fcr jugendliche Teilnehmer (Vollbildanzeige):<\/strong><\/a><br \/>\n<iframe loading=\"lazy\" width=\"200%\" height=\"300px\" frameborder=\"0\" allowfullscreen src=\"\/\/umap.openstreetmap.fr\/de\/map\/rc03-dra-zeitfahren_weckesheim_655954?scaleControl=true&#038;miniMap=false&#038;scrollWheelZoom=true&#038;zoomControl=true&#038;allowEdit=false&#038;moreControl=true&#038;searchControl=true&#038;tilelayersControl=true&#038;embedControl=null&#038;datalayersControl=true&#038;onLoadPanel=undefined&#038;captionBar=false&#038;fullscreenControl=true&#038;measureControl=true\"><\/iframe><\/p>\n","protected":false},"excerpt":{"rendered":"<p>Liebe Radsportlerinnen und Radsportler, auch in diesem Jahr nehmen wir das Zeitfahren f\u00fcr das Deutsche Radsportabzeichen ab. Dazu laden wir f\u00fcr Sonntag, den 3. Oktober 2021 von 09:00 Uhr bis 10:00 Uhr (Startzeitfenster) in 61203 Reichelsheim-Weckesheim, Borngasse\/Barbarastra\u00dfe herzlich ein. Der &hellip; <a href=\"https:\/\/www.rc03-ilbenstadt.de\/?p=10126\">Weiterlesen <span class=\"meta-nav\">&rarr;<\/span><\/a><\/p>\n","protected":false},"author":9,"featured_media":9070,"comment_status":"closed","ping_status":"closed","sticky":false,"template":"","format":"standard","meta":{"_crdt_document":"","footnotes":""},"categories":[1],"tags":[],"class_list":["post-10126","post","type-post","status-publish","format-standard","has-post-thumbnail","hentry","category-allgemein"],"_links":{"self":[{"href":"https:\/\/www.rc03-ilbenstadt.de\/index.php?rest_route=\/wp\/v2\/posts\/10126","targetHints":{"allow":["GET"]}}],"collection":[{"href":"https:\/\/www.rc03-ilbenstadt.de\/index.php?rest_route=\/wp\/v2\/posts"}],"about":[{"href":"https:\/\/www.rc03-ilbenstadt.de\/index.php?rest_route=\/wp\/v2\/types\/post"}],"author":[{"embeddable":true,"href":"https:\/\/www.rc03-ilbenstadt.de\/index.php?rest_route=\/wp\/v2\/users\/9"}],"replies":[{"embeddable":true,"href":"https:\/\/www.rc03-ilbenstadt.de\/index.php?rest_route=%2Fwp%2Fv2%2Fcomments&post=10126"}],"version-history":[{"count":5,"href":"https:\/\/www.rc03-ilbenstadt.de\/index.php?rest_route=\/wp\/v2\/posts\/10126\/revisions"}],"predecessor-version":[{"id":10154,"href":"https:\/\/www.rc03-ilbenstadt.de\/index.php?rest_route=\/wp\/v2\/posts\/10126\/revisions\/10154"}],"wp:featuredmedia":[{"embeddable":true,"href":"https:\/\/www.rc03-ilbenstadt.de\/index.php?rest_route=\/wp\/v2\/media\/9070"}],"wp:attachment":[{"href":"https:\/\/www.rc03-ilbenstadt.de\/index.php?rest_route=%2Fwp%2Fv2%2Fmedia&parent=10126"}],"wp:term":[{"taxonomy":"category","embeddable":true,"href":"https:\/\/www.rc03-ilbenstadt.de\/index.php?rest_route=%2Fwp%2Fv2%2Fcategories&post=10126"},{"taxonomy":"post_tag","embeddable":true,"href":"https:\/\/www.rc03-ilbenstadt.de\/index.php?rest_route=%2Fwp%2Fv2%2Ftags&post=10126"}],"curies":[{"name":"wp","href":"https:\/\/api.w.org\/{rel}","templated":true}]}}