{"id":10166,"date":"2021-09-29T04:00:39","date_gmt":"2021-09-29T02:00:39","guid":{"rendered":"https:\/\/www.rc03-ilbenstadt.de\/?p=10166"},"modified":"2021-10-05T10:10:39","modified_gmt":"2021-10-05T08:10:39","slug":"test-rw","status":"publish","type":"post","link":"https:\/\/www.rc03-ilbenstadt.de\/?p=10166","title":{"rendered":"Ilbenst\u00e4dter Radtouren<br>Radwanderung &#8222;Von Wickstadt in die Taunusausl\u00e4ufer&#8220;<br><br>am Donnerstag, den 30. September 2021<br><br><br>Abwechslungsreiche Tour in spannender Landschaft<br>"},"content":{"rendered":"<p><strong>Liebe Mitglieder und Freunde des RC 03 Ilbenstadt,<\/strong><\/p>\n<p>oft herrscht Donnerstags gutes Radfahrwetter. So auch in dieser Woche und unser Radwanderfachwart Erwin Loscher l\u00e4dt herzlich zu einer Radtour in die Ausl\u00e4ufer des Taunus ein: <\/p>\n<p><strong>Start am Donnerstag, den 30. September 2021<\/strong><br \/>\n<strong>um 10:00 Uhr an der Wickst\u00e4dter Niddabr\u00fccke<\/strong><\/p>\n<p>Die <a href=\"https:\/\/www.rc03-ilbenstadt.de\/?page_id=9416\" target=\"_blank\" rel=\"noopener\">Hygiene- und Abstandsregeln des RC 03 Ilbenstadt<\/a>, abgestimmt f\u00fcr das Radwandern, des RC 03 Ilbenstadt sind vorab zur Kenntnis <!--more--> zu nehmen und am Veranstaltungstag strikt einzuhalten. Unn\u00f6tige Risiken auf Kosten der Gesundheit werden nicht eingegangen.<br \/>\nVergesst nicht die Mund- und Nasenbedeckung (OP-Maske, FFP 2-Maske oder gleichwertig). Diese ist w\u00e4hrend der Fahrt nicht notwendig, f\u00fcr Aufenthalte in Pausen und\/oder anderen Bereichen mit einer Tragepflicht muss sie bereitgehalten werden.<\/p>\n<p>Die R\u00e4der werden gen Friedberg ausgerichtet. Unser erstes Ziel hei\u00dft Ossenheim. Kurz vor dem Ossenheimer W\u00e4ldchen haben wir unversehens den Usatalradweg unter den Reifen. Was ist passiert? Der Usatalradweg  &#8222;beginnt&#8220; aus unserer Sicht am Niddaradweg in H\u00f6he des Assenheimer Sportplatz und strebt dann der Usaquelle bei Anspach entgegen. Von der Usa ist weit und breit nichts zu sehen. Da hilft auch die unweit aufgestellte  <a href=\"https:\/\/www.regionalpark-rheinmain.de\/portfolio-item\/hueterin-der-gewaesser\/\" target=\"_blank\" rel=\"noopener\">H\u00fcterin des Wassers<\/a> nicht. Die Usa hat sich kurz hinter Friedberg-Fauerbach schon mit dem Wasser der Wetter vermischt. Offensichtlich hat man den Usatalradweg elegant mit dem Niddaradweg verbunden. Wie dem auch sei, jetzt sind wir richtig und folgen diesem Radweg und freuen uns, dass ab Ortseingang  Friedberg-Fauerbach sich dann auch die Usa zum passenden Radweg einfindet.<br \/>\nHinter Friedberg verlassen wir den Lauf der Usa in Richtung Westen ins Wintersteingebiet. \u00dcber die Panzerstra\u00dfe geht es dann \u00fcber die BAB A 5 in Richtung Kapersburg, fahren dann aber am r\u00f6mischen Kleinkastell Kaisergrube  vorbei zum 397 Meter hohen Gaulskopf mit seinem r\u00f6mischen Wachturm, einem steinernen Zeugen des Limes. Keine Angst, zum Gaulskopf geht es bergab. Ganz nebenbei haben wir von Bad Nauheim gute 250 H\u00f6henmeter auf 10 Kilometer den Oberschenkeln abgetrotzt. Nun geht es weiter \u00fcber den Limesradweg ins Tal und erst hinter Langenhain-Ziegenberg werden wir wieder mit wenigen H\u00f6henmetern zum  <a href=\"https:\/\/www.bauernhofcafe-birkenhof.de\/\" target=\"_blank\" rel=\"noopener\">Bauernhofcafe Birkenhof<\/a>  in Fauerbach &#8222;gehoben&#8220; Die Rast ist schon erarbeitet und in der R\u00fcckschau ist man sicher stolz, souver\u00e4n die Herausforderungen des Taunus gemeistert zu haben.<br \/>\nVoller Tatendrang wird jetzt der Hessenradweg R 6 unter die R\u00e4der genommen und locker pedalierend n\u00e4hern wir uns Rockenberg und lassen die leichte Steigung unbeachtet, denn mit dem Wetterauer Tintenfass in der herbstlichen H\u00fcgellandschaft ist f\u00fcr Ablenkung gesorgt. Die M\u00fcnzenburg im R\u00fccken, vor uns die R\u00f6merstra\u00dfe in Richtung S\u00f6del: Wer freie Sicht zur Frankfurter Skyline haben m\u00f6chte, muss jetzt einen kurzen, aber giftigen H\u00fcgel glatt b\u00fcgeln. Dann mit Schwung aus dem Wald heraus sehen wir in der Ferne Frankfurt. Dem Auge wird etwas geboten. Damit lassen wir die Tour im flachen Terrain langsam \u00fcber Melbach, Beienheim und Florstadt ausklingen. Ob dann direkt Wickstadt wieder angefahren wird, richtet sich nach der Anziehungskraft des Florst\u00e4dter Eissalons. Wir dr\u00fccken die Daumen, dass die Sonne \u00fcber Florstadt  steht &#8230;<\/p>\n<p>Die Erlebnistour \u00fcber rund 70 Kilometer in der sanften H\u00fcgellandschaft der Wetterau mit einem kurzen Schwenk \u00fcber die Taunusausl\u00e4ufer \u00fcberfordert keinen ge\u00fcbten Radwanderer. Touren- und Trekkingr\u00e4der sowie Mountainbikes sind erste Wahl f\u00fcr diese Tour. <\/p>\n<p>Ist das Interesse geweckt, freut sich der RC 03 Ilbenstadt auf eine rege Teilnahme.<br \/>\nErwin Loscher ist f\u00fcr R\u00fcckfragen unter der Telefonnummer 01512 02 30 745 erreichbar.<\/p>\n<p>F\u00fcr das Radwanderteam<\/p>\n<p>Wilhelm Schr\u00f6der<br \/>\nFachbereichsleiter \u00d6ffentlichkeitsarbeit und Sport (RTF\/CTF)<\/p>\n<p>Streckendownload f\u00fcr Navigationsger\u00e4te:<br \/>\n<a href=\"https:\/\/rc03-ilbenstadt.de\/GPX\/GPX-RW\/RC03_RW_210930_Wickstadt_Taunusausl\u00e4ufer.gpx\">Radwanderung &#8222;Von Wickstadt in die Taunusausl\u00e4ufer&#8220;<\/a><\/p>\n<p><a href=\"http:\/\/umap.openstreetmap.fr\/de\/map\/rc03_rw_210930_wickstadt_taunusauslaufer_661978#12\/50.3760\/8.7396\" target=\"_blank\" rel=\"noopener\">Radwanderung &#8222;Von Wickstadt in die Taunusausl\u00e4ufer&#8220;<br \/>(Vollbildanzeige)<\/a><br \/>\n<iframe loading=\"lazy\" width=\"200%\" height=\"300px\" frameborder=\"0\" allowfullscreen src=\"\/\/umap.openstreetmap.fr\/de\/map\/rc03_rw_210930_wickstadt_taunusauslaufer_661978?scaleControl=true&#038;miniMap=false&#038;scrollWheelZoom=true&#038;zoomControl=true&#038;allowEdit=false&#038;moreControl=true&#038;searchControl=true&#038;tilelayersControl=true&#038;embedControl=null&#038;datalayersControl=true&#038;onLoadPanel=undefined&#038;captionBar=false&#038;fullscreenControl=true&#038;locateControl=true&#038;measureControl=true\"><\/iframe><\/p>\n","protected":false},"excerpt":{"rendered":"<p>Liebe Mitglieder und Freunde des RC 03 Ilbenstadt, oft herrscht Donnerstags gutes Radfahrwetter. So auch in dieser Woche und unser Radwanderfachwart Erwin Loscher l\u00e4dt herzlich zu einer Radtour in die Ausl\u00e4ufer des Taunus ein: Start am Donnerstag, den 30. September &hellip; <a href=\"https:\/\/www.rc03-ilbenstadt.de\/?p=10166\">Weiterlesen <span class=\"meta-nav\">&rarr;<\/span><\/a><\/p>\n","protected":false},"author":9,"featured_media":10165,"comment_status":"closed","ping_status":"closed","sticky":false,"template":"","format":"standard","meta":{"_crdt_document":"","footnotes":""},"categories":[1],"tags":[],"class_list":["post-10166","post","type-post","status-publish","format-standard","has-post-thumbnail","hentry","category-allgemein"],"_links":{"self":[{"href":"https:\/\/www.rc03-ilbenstadt.de\/index.php?rest_route=\/wp\/v2\/posts\/10166","targetHints":{"allow":["GET"]}}],"collection":[{"href":"https:\/\/www.rc03-ilbenstadt.de\/index.php?rest_route=\/wp\/v2\/posts"}],"about":[{"href":"https:\/\/www.rc03-ilbenstadt.de\/index.php?rest_route=\/wp\/v2\/types\/post"}],"author":[{"embeddable":true,"href":"https:\/\/www.rc03-ilbenstadt.de\/index.php?rest_route=\/wp\/v2\/users\/9"}],"replies":[{"embeddable":true,"href":"https:\/\/www.rc03-ilbenstadt.de\/index.php?rest_route=%2Fwp%2Fv2%2Fcomments&post=10166"}],"version-history":[{"count":6,"href":"https:\/\/www.rc03-ilbenstadt.de\/index.php?rest_route=\/wp\/v2\/posts\/10166\/revisions"}],"predecessor-version":[{"id":10179,"href":"https:\/\/www.rc03-ilbenstadt.de\/index.php?rest_route=\/wp\/v2\/posts\/10166\/revisions\/10179"}],"wp:featuredmedia":[{"embeddable":true,"href":"https:\/\/www.rc03-ilbenstadt.de\/index.php?rest_route=\/wp\/v2\/media\/10165"}],"wp:attachment":[{"href":"https:\/\/www.rc03-ilbenstadt.de\/index.php?rest_route=%2Fwp%2Fv2%2Fmedia&parent=10166"}],"wp:term":[{"taxonomy":"category","embeddable":true,"href":"https:\/\/www.rc03-ilbenstadt.de\/index.php?rest_route=%2Fwp%2Fv2%2Fcategories&post=10166"},{"taxonomy":"post_tag","embeddable":true,"href":"https:\/\/www.rc03-ilbenstadt.de\/index.php?rest_route=%2Fwp%2Fv2%2Ftags&post=10166"}],"curies":[{"name":"wp","href":"https:\/\/api.w.org\/{rel}","templated":true}]}}