{"id":10173,"date":"2021-10-05T10:08:36","date_gmt":"2021-10-05T08:08:36","guid":{"rendered":"https:\/\/www.rc03-ilbenstadt.de\/?p=10173"},"modified":"2021-10-05T13:06:36","modified_gmt":"2021-10-05T11:06:36","slug":"ilbenstaedter-radtourenradwanderung-von-assenheim-nach-buedingenam-donnerstag-den-7-oktober-2021hohe-strasse-und-kloster-engelthal-werden-erfahren","status":"publish","type":"post","link":"https:\/\/www.rc03-ilbenstadt.de\/?p=10173","title":{"rendered":"Ilbenst\u00e4dter Radtouren<br>Radwanderung &#8222;Von Assenheim nach B\u00fcdingen<br><br>am Donnerstag, den 7. Oktober 2021<br><br><br>Hohe Stra\u00dfe und Kloster Engelthal werden erfahren<br>"},"content":{"rendered":"<p>  <strong>Liebe Mitglieder und Freunde des RC 03 Ilbenstadt,<\/strong><\/p>\n<p>Wetter-Radtourenfachwart Erwin Loscher hat wieder gutes Radfahrwetter am Donnerstag gefunden. Er l\u00e4dt herzlich zur Radtour von Assenheim \u00fcber die Hohe Stra\u00dfe nach B\u00fcdingen ein und l\u00e4sst auf dem R\u00fcckweg Kloster Engelthal nicht aus: <\/p>\n<p><strong>Start am Donnerstag, den 7. Oktober 2021<\/strong><br \/>\n<strong>um 10:00 Uhr am Assenheimer B\u00fcrgerhaus<\/strong><\/p>\n<p>Die <a href=\"https:\/\/www.rc03-ilbenstadt.de\/?page_id=9416\" target=\"_blank\" rel=\"noopener\">Hygiene- und Abstandsregeln des RC 03 Ilbenstadt<\/a>, abgestimmt f\u00fcr das Radwandern, des RC 03 Ilbenstadt sind vorab zur Kenntnis <!--more--> zu nehmen und am Veranstaltungstag strikt einzuhalten. Unn\u00f6tige Risiken auf Kosten der Gesundheit werden nicht eingegangen.<br \/>\nVergesst nicht die Mund- und Nasenbedeckung (OP-Maske, FFP 2-Maske oder gleichwertig). Diese ist w\u00e4hrend der Fahrt nicht notwendig, f\u00fcr Aufenthalte in Pausen und\/oder anderen Bereichen mit einer Tragepflicht muss sie bereitgehalten werden.<\/p>\n<p>Was erwartet uns nach dem Start? Sicher der Herbst. Er hat mit Wind, Regen und farblicher Gestaltung der Laubb\u00e4ume zugeschlagen. Donnerstag will diese Jahreszeit, die eklig und sehr sch\u00f6n zugleich sein kann, auf das Nass von oben verzichten. Also treten wir zum Start an!<br \/>\nVom Assenheimer B\u00fcrgerhaus befahren wir den Niddaradweg bis Burg-Gr\u00e4fenrode. Mit einem Radwanderfachwart an der Spitze wird nicht direkt nach B\u00fcdingen gefahren. Er zeigt uns die Sch\u00f6nheit der herbstlichen Wetterau, dreht ab nach Kaichen und \u00fcber Heldenbergen kann man auch nach Eichen fahren. Manch einer w\u00fcrde dies einen Umweg nennen, doch gest\u00e4hlte Radwanderinnen und Radwanderer ficht dies nicht an, auch wenn man schon mal dar\u00fcber nachdenkt, welche Kapazit\u00e4t der Akku eines E-Bikes haben m\u00fcsste, um allen Widrigkeiten zu trotzen &#8230;  Von  Eichen nach Langen-Bergheim ist es nicht mehr weit und hier treffen wir hinter der BAB A 45 eine alte Freundin: Im September haben wir die Hohe Stra\u00dfe schon mal unter die R\u00e4der genommen, haben aber vor Langen-Bergheim abgedreht. <a href=\"https:\/\/www.rc03-ilbenstadt.de\/?page_id=10072\" target=\"_blank\" rel=\"noopener\">Ihr erinnert Euch?<\/a>  Jetzt ist Teil 2 dieses historischen Radweges dran, der uns nach B\u00fcdingen und damit an das Radwegende f\u00fchrt. Richtig geh\u00f6rt, gelesen und wahrgenommen: Dieser historische Weg von Mainz \u00fcber Frankfurt nach Leipzig ist als Radweg stark verk\u00fcrzt. 39 Kilometer hat die Regionalpark Ballungsraum RheinMain GmbH von Bergen-Enkheim bis B\u00fcdingen erschlossen und l\u00e4sst den Rest der Geschichte anderen zur Aufarbeitung zur\u00fcck. Lassen wir halt den Fuldaer Raum, hinter dem die Hohe Stra\u00dfe dann Antsanvia hei\u00dft &#8211; dem klerikalen fuldischen D\u00fcnkel , der seinerzeit auch Gottesdienste in lateinischer Sprache feierte, folgend, rechts liegen und fahren B\u00fcdingen entgegen.<br \/>\nDie Rast im B\u00fcdinger  <a href=\"https:\/\/www.buedingen.info\/planen-informieren\/essen-trinken\/Caf%C3%A9s-Bars\/Naumanns-Caf%C3%A9Zeit\/\" target=\"_blank\" rel=\"noopener\">Caf\u00e9Zeit<\/a> kommt nicht zur Unzeit. Die Radlerschar kann hier die Speicher f\u00fcllen und mit frischen Kr\u00e4ften auf leicht gewellter Strecke \u00fcber B\u00fcches, D\u00fcdelsheim nach Altenstadt und H\u00f6chst pedalieren.  Jetzt noch &#8222;hoch&#8220; zum Kloster Engelthal, einem Kleinod auf dem Weg nach Stammheim.<\/p>\n<p>Kloster Engelthal &#8211; Wir erinnern uns an eine <a href=\"https:\/\/www.rc03-ilbenstadt.de\/?page_id=5455\" target=\"_blank\" rel=\"noopener\">Radtour mit Ilbenstadts Kolping-Jugend im Mai 2017.<\/a> \u00c4btissin Elisabeth Kralemann empfing uns seinerzeit, berichtete von der wechselvollen Geschichte des Klosters. Von der Stiftung im Jahre 1268 durch die Ritter von B\u00fcches und dem Friedberger Burggrafen Rupert von Carben als Zisterzienserkloster \u00fcber die S\u00e4kularisierung und der Erweckung des &#8222;Landwirtschaftlichen Betriebes&#8220; durch die Benediktinerinnen. Alles soweit weg? Nein! 1951 erwarb das Bistum Mainz die Liegenschaft und am 1. Mai 1962 zogen die Benediktinerinnen ein und wirken bis heute an diesem Ort. Bewegend war seinerzeit, dass unser Vereinsmitglied Gottfried Haas beim Einzug der Benediktinerinnen unter den G\u00e4sten dieser Feier weilte und seine pr\u00e4sente, lebhafte Erinnerung mit uns beim Besuch des Klosters teilen konnte. An dieser Stelle liebe Gr\u00fc\u00dfe an Gottfried.<\/p>\n<p>Nachdem wir das reizvolle Klosterensemble  in Richtung Stammheim verlassen haben, wird uns gleich bewusst werden, dass uns noch wenige H\u00f6henmeter auf dem Weg nach Stammheim bevorstehen. Doch nicht lange und wir fahren nach Stammheim ab. Mit der zweiten Luft, so ist das nun mal in Radlerkreisen, wird die n\u00e4chste Bodenwelle nach Florstadt fast ignoriert. Dann hei\u00dft es entspannen. Wir rollen nach Florstadt, folgen der Nidda und sind unversehens wieder in Assenheim zur\u00fcck. Sch\u00f6n wirds bestimmt wieder!<\/p>\n<p>Die Fahrt \u00fcber rund 76 Kilometer in abwechslungsreichem Terrain, mit lockerem Ausrollen &#8211; wenn die Sicht auf Florstadt frei ist &#8211; l\u00e4sst sich mit Touren-, Trekkingr\u00e4dern und Mountainbikes leicht bew\u00e4ltigen.<\/p>\n<p>Ist das Interesse geweckt, freut sich der RC 03 Ilbenstadt auf eine rege Teilnahme.<br \/>\nErwin Loscher ist f\u00fcr R\u00fcckfragen unter der Telefonnummer 01512 02 30 745 erreichbar.<\/p>\n<p>F\u00fcr das Radwanderteam<\/p>\n<p>Wilhelm Schr\u00f6der<br \/>\nFachbereichsleiter \u00d6ffentlichkeitsarbeit und Sport (RTF\/CTF)<\/p>\n<p>Streckendownload f\u00fcr Navigationsger\u00e4te:<br \/>\n<a href=\"https:\/\/rc03-ilbenstadt.de\/GPX\/GPX-RW\/RC03_RW_211007_Assenheim_HS_B\u00dcD.gpx\">Radwanderung &#8222;Von Assenheim nach B\u00fcdingen, Hohe Stra\u00dfe und Kloster Engelthal&#8220;<\/a><\/p>\n<p><a href=\"http:\/\/umap.openstreetmap.fr\/de\/map\/rc03_rw_211007_assenheim_hs_bud_664517#13\/50.2790\/8.9357\" target=\"_blank\" rel=\"noopener\">Radwanderung &#8222;Von Assenheim nach B\u00fcdingen, Hohe Stra\u00dfe und Kloster Engelthal&#8220;<br \/>(Vollbildanzeige)<\/a><br \/>\n<iframe loading=\"lazy\" width=\"200%\" height=\"300px\" frameborder=\"0\" allowfullscreen src=\"\/\/umap.openstreetmap.fr\/de\/map\/rc03_rw_211007_assenheim_hs_bud_664517?scaleControl=true&#038;miniMap=false&#038;scrollWheelZoom=true&#038;zoomControl=true&#038;allowEdit=false&#038;moreControl=true&#038;searchControl=true&#038;tilelayersControl=true&#038;embedControl=null&#038;datalayersControl=true&#038;onLoadPanel=undefined&#038;captionBar=false&#038;fullscreenControl=true&#038;measureControl=true\"><\/iframe><\/p>\n","protected":false},"excerpt":{"rendered":"<p>Liebe Mitglieder und Freunde des RC 03 Ilbenstadt, Wetter-Radtourenfachwart Erwin Loscher hat wieder gutes Radfahrwetter am Donnerstag gefunden. Er l\u00e4dt herzlich zur Radtour von Assenheim \u00fcber die Hohe Stra\u00dfe nach B\u00fcdingen ein und l\u00e4sst auf dem R\u00fcckweg Kloster Engelthal nicht &hellip; <a href=\"https:\/\/www.rc03-ilbenstadt.de\/?p=10173\">Weiterlesen <span class=\"meta-nav\">&rarr;<\/span><\/a><\/p>\n","protected":false},"author":9,"featured_media":10165,"comment_status":"closed","ping_status":"closed","sticky":false,"template":"","format":"standard","meta":{"_crdt_document":"","footnotes":""},"categories":[1],"tags":[],"class_list":["post-10173","post","type-post","status-publish","format-standard","has-post-thumbnail","hentry","category-allgemein"],"_links":{"self":[{"href":"https:\/\/www.rc03-ilbenstadt.de\/index.php?rest_route=\/wp\/v2\/posts\/10173","targetHints":{"allow":["GET"]}}],"collection":[{"href":"https:\/\/www.rc03-ilbenstadt.de\/index.php?rest_route=\/wp\/v2\/posts"}],"about":[{"href":"https:\/\/www.rc03-ilbenstadt.de\/index.php?rest_route=\/wp\/v2\/types\/post"}],"author":[{"embeddable":true,"href":"https:\/\/www.rc03-ilbenstadt.de\/index.php?rest_route=\/wp\/v2\/users\/9"}],"replies":[{"embeddable":true,"href":"https:\/\/www.rc03-ilbenstadt.de\/index.php?rest_route=%2Fwp%2Fv2%2Fcomments&post=10173"}],"version-history":[{"count":6,"href":"https:\/\/www.rc03-ilbenstadt.de\/index.php?rest_route=\/wp\/v2\/posts\/10173\/revisions"}],"predecessor-version":[{"id":10186,"href":"https:\/\/www.rc03-ilbenstadt.de\/index.php?rest_route=\/wp\/v2\/posts\/10173\/revisions\/10186"}],"wp:featuredmedia":[{"embeddable":true,"href":"https:\/\/www.rc03-ilbenstadt.de\/index.php?rest_route=\/wp\/v2\/media\/10165"}],"wp:attachment":[{"href":"https:\/\/www.rc03-ilbenstadt.de\/index.php?rest_route=%2Fwp%2Fv2%2Fmedia&parent=10173"}],"wp:term":[{"taxonomy":"category","embeddable":true,"href":"https:\/\/www.rc03-ilbenstadt.de\/index.php?rest_route=%2Fwp%2Fv2%2Fcategories&post=10173"},{"taxonomy":"post_tag","embeddable":true,"href":"https:\/\/www.rc03-ilbenstadt.de\/index.php?rest_route=%2Fwp%2Fv2%2Ftags&post=10173"}],"curies":[{"name":"wp","href":"https:\/\/api.w.org\/{rel}","templated":true}]}}