{"id":10201,"date":"2021-10-14T10:16:49","date_gmt":"2021-10-14T08:16:49","guid":{"rendered":"https:\/\/www.rc03-ilbenstadt.de\/?p=10201"},"modified":"2021-10-20T22:56:37","modified_gmt":"2021-10-20T20:56:37","slug":"deutsches-radsportabzeichenzeitfahren-am-3-oktober-2021-in-weckesheimbericht","status":"publish","type":"post","link":"https:\/\/www.rc03-ilbenstadt.de\/?p=10201","title":{"rendered":"<br><br>Deutsches Radsportabzeichen<br>Zeitfahren am 3. Oktober 2021 in Weckesheim<br><br>Bericht<br><br>"},"content":{"rendered":"<p>Das traditionelle Zeitfahren des RC 03 Ilbenstadt f\u00fcr das Deutsche Radsportabzeichen fand auch im zweiten Coronajahr statt. Die Rahmenbedingungen, angefangen von der 3G-Regel, den veranstaltungsbezogenen Hygienebedingungen und dem Dreh- und Angelpunkt eines Zeitfahrens im \u00f6ffentlichen Stra\u00dfenverkehr, der Stra\u00dfenverkehrsordnung, waren im Teilnehmerfeld bekannt, wurden akzeptiert und standen der erfolgreichen Durchf\u00fchrung des Zeitfahrens nicht im Wege.<br \/>\nDass sich nur 10 Teilnehmer am Start in Weckesheim eingefunden hatten, konnte<!--more--> nicht den angef\u00fchrten Rahmenbdingungen angelastet werden. War es dem Respekt vor dem SARS-CoV-2-Virus geschuldet oder waren es schn\u00f6de nur die nahezu niederschmetternden Wetterberichte , die am Vorabend des Zeitfahrens durch die Medien geisterten? Wir neigen zum letzteren Grund, denn die dunklen Wolken vermochten nur unverbesserlichte Optimisten unter Radsportlern  nicht vom Start abschrecken. So erschien der unerschrockene harte Kern der Zeitfahrer, gestandene M\u00e4nner zwischen 54 und 78 Jahren.  Bis auf einen Teilnehmer kamen sie alle aus BDR-Vereinen, so vom RV Opel R\u00fcsselsheim, dem RV Oppershofen, dem RVW Gambach, dem RV Lollar, dem Radteam Goethetour und nicht zuletzt vom RC 03 Ilbenstadt.  Nach langer Veranstaltungspause war das Zeitfahren dann auch ein willkommener Anlass sich auszutauschen.<\/p>\n<p>Das Zeitfahren wurde p\u00fcnktlich gestartet und diszipliniert ging es im Minutentakt unter den aufmerksamen Augen unseres Pr\u00fcfers Michael Hammann und des Zeitnehmers Hans Sch\u00f6niger auf die Strecke. Hier wurden tolle Zeiten auf den trockenen Asphalt gezaubert. Dabei st\u00f6rte auch nicht das &#8222;bisschen&#8220; Wind. Auf der ausgeschilderten, verkehrsarmen  Rundstrecke von Weckesheim nach Echzell-Gettenau, Heuchelheim und Reichelsheim zur\u00fcck nach Weckesheim surrten die R\u00e4der, wirbelten die Pedale. Unsere Streckenposten Inge Schr\u00f6der am Melbacher Kreisel und Horst K\u00f6hler in Reichelsheim hielten dabei den Sicherheitsstandard hoch. <\/p>\n<p>Die Zeiten k\u00f6nnen sich alle sehen lassen! Von 26, 7 km\/h bis 35,95 km\/h im Schnitt wurde gezeigt, was regelm\u00e4\u00dfiges Ausdauertraining f\u00fcr die k\u00f6rperliche Fitness in der entsprechenden Alterstufe bedeutet. Auch unser \u00e4ltester Teilnehmer lag mit seiner Zeit im Mittelfeld. Alle Teilnehmer erreichten in ihrer Altersklasse den Goldlevel im Zeitfahren. Zum Erwerb des Deutschen Radfahrabzeichens m\u00fcssen zus\u00e4tzlich Leitstungen im Streckenfahren und die Saisonleistung auf dem Gebiet von RTF\/CTF oder entsprechende Jahreskilometer nachgewiesen werden. Alle haben mit einer Ausnahme die Bedingungen f\u00fcr das Radsportabzeichen in Gold erf\u00fcllt; ein Teilnehmer erh\u00e4lt das silberne Radsportabzeichen, er schrammte wegen des Streckenfahrens und der Saisonleistung knapp an der Auszeichnung in Gold vorbei.<br \/>\nRespekt f\u00fcr die gezeigten Leistungen.<br \/>\n<strong>Wir hoffen auf ein Wiedersehen im n\u00e4chsten Jahr am 3. Oktober 2022.<\/strong><\/p>\n<p>Wir m\u00f6chten weiter f\u00fcr das Deutsche Radsportabzeichen werben und uns auch von der geringen Teilnehmerzahl nicht abschrecken lassen, obwohl der Aufwand zur Durchf\u00fchrung des Zeitfahrens von der Genehmigung bis hin zur Durchf\u00fchrung und Nacharbeit nicht gering ist. Das Radsportabzeichen ist das radsportliche Pendant zum Deutschen Sportabzeichen. Die zu erbringenden Leistungen sind schon sportlich und nicht durch einen Gelegenheitsradler mal so nebenbei zu erbringen. Etwas Training geh\u00f6rt auch dazu. Dies ist f\u00fcr Radlerinnen und Radler beim \u00f6rtlichen Radfahrverein m\u00f6glich. Werdet aktiv! Das Deutsche Radsportabzeichen ist ein Ausweis guter k\u00f6rperlicher Fitness!. Fragt mal bei eurer Krankenversicherung nach einem Bonus.<\/p>\n<p>Informationen zum Deutschen Radsportabzeichen:<br \/>\n<a href=\"https:\/\/www.rc03-ilbenstadt.de\/?page_id=10126\" target=\"_blank\" rel=\"noopener\">Ausschreibung zum Zeitfahren 2021<\/a><br \/>\n<a href=\"https:\/\/www.rad-net.de\/radsportabzeichen.htm\" target=\"_blank\" rel=\"noopener\">Infoseite des Bundes Deutscher Radfahrer<\/a><br \/>\n<a href=\"https:\/\/static.rad-net.de\/html\/disziplinen\/breitensport\/2018\/dradabz_flyer_jug_erw.pdf\" target=\"_blank\" rel=\"noopener\">Flyer des Bundes Deutscher Radfahrer<\/a><\/p>\n<p><strong>Impressionen<\/strong><\/p>\n<table style=\"border-collapse: collapse; width: 100%;\">\n<tbody>\n<tr>\n<td style=\"width: 33.3333%;\"><a href=\"https:\/\/www.rc03-ilbenstadt.de\/wp-content\/uploads\/2021\/10\/B-RC03-211003-01-DRA_Weckesheim.JPG-WEB.jpg\" rel=\"lightbox[10201]\"><img loading=\"lazy\" decoding=\"async\" class=\"aligncenter size-thumbnail wp-image-10088\" src=\"https:\/\/www.rc03-ilbenstadt.de\/wp-content\/uploads\/2021\/10\/B-RC03-211003-01-DRA_Weckesheim.JPG-WEB.jpg\" alt=\"\" width=\"150\" height=\"150\" \/><\/a><\/td>\n<td style=\"width: 33.3333%;\"><a href=\"https:\/\/www.rc03-ilbenstadt.de\/wp-content\/uploads\/2021\/10\/B-RC03-211003-26-DRA_Weckesheim.JPG-WEB.jpg\" rel=\"lightbox[10201]\"><img loading=\"lazy\" decoding=\"async\" class=\"aligncenter size-thumbnail wp-image-10089\" src=\"https:\/\/www.rc03-ilbenstadt.de\/wp-content\/uploads\/2021\/10\/B-RC03-211003-26-DRA_Weckesheim.JPG-WEB.jpg\" alt=\"\" width=\"150\" height=\"150\" \/><\/a><\/td>\n<td style=\"width: 33.3333%;\"><a href=\"https:\/\/www.rc03-ilbenstadt.de\/wp-content\/uploads\/2021\/10\/B-RC03-211003-02-DRA_Weckesheim.JPG-WEB.jpg\" rel=\"lightbox[10201]\"><img loading=\"lazy\" decoding=\"async\" class=\"aligncenter size-thumbnail wp-image-10090\" src=\"https:\/\/www.rc03-ilbenstadt.de\/wp-content\/uploads\/2021\/10\/B-RC03-211003-02-DRA_Weckesheim.JPG-WEB.jpg\" alt=\"\" width=\"150\" height=\"150\" \/><\/a><\/td>\n<\/tr>\n<tr>\n<td style=\"width: 33.3333%;\"><a href=\"https:\/\/www.rc03-ilbenstadt.de\/wp-content\/uploads\/2021\/10\/B-RC03-211003-04-DRA_Weckesheim.JPG-WEB.jpg\" rel=\"lightbox[10201]\"><img loading=\"lazy\" decoding=\"async\" class=\"aligncenter size-thumbnail wp-image-10091\" src=\"https:\/\/www.rc03-ilbenstadt.de\/wp-content\/uploads\/2021\/10\/B-RC03-211003-04-DRA_Weckesheim.JPG-WEB.jpg\" alt=\"\" width=\"150\" height=\"150\" \/><\/a><\/td>\n<td style=\"width: 33.3333%;\"><a href=\"https:\/\/www.rc03-ilbenstadt.de\/wp-content\/uploads\/2021\/10\/B-RC03-211003-05-DRA_Weckesheim.JPG-WEB.jpg\" rel=\"lightbox[10201]\"><img loading=\"lazy\" decoding=\"async\" class=\"aligncenter size-thumbnail wp-image-10092\" src=\"https:\/\/www.rc03-ilbenstadt.de\/wp-content\/uploads\/2021\/10\/B-RC03-211003-05-DRA_Weckesheim.JPG-WEB.jpg\" alt=\"\" width=\"150\" height=\"150\" \/><\/a><\/td>\n<td style=\"width: 33.3333%;\"><a href=\"https:\/\/www.rc03-ilbenstadt.de\/wp-content\/uploads\/2021\/10\/B-RC03-211003-06-DRA_Weckesheim.JPG-WEB.jpg\" rel=\"lightbox[10201]\"><img loading=\"lazy\" decoding=\"async\" class=\"aligncenter size-thumbnail wp-image-10093\" src=\"https:\/\/www.rc03-ilbenstadt.de\/wp-content\/uploads\/2021\/10\/B-RC03-211003-06-DRA_Weckesheim.JPG-WEB.jpg\" alt=\"\" width=\"150\" height=\"150\" \/><\/a><\/td>\n<\/tr>\n<tr>\n<td style=\"width: 33.3333%;\"><a href=\"https:\/\/www.rc03-ilbenstadt.de\/wp-content\/uploads\/2021\/10\/B-RC03-211003-07-DRA_Weckesheim.JPG-WEB.jpg\" rel=\"lightbox[10201]\"><img loading=\"lazy\" decoding=\"async\" class=\"aligncenter size-thumbnail wp-image-10094\" src=\"https:\/\/www.rc03-ilbenstadt.de\/wp-content\/uploads\/2021\/10\/B-RC03-211003-07-DRA_Weckesheim.JPG-WEB.jpg\" alt=\"\" width=\"150\" height=\"150\" \/><\/a><\/td>\n<td style=\"width: 33.3333%;\"><a href=\"https:\/\/www.rc03-ilbenstadt.de\/wp-content\/uploads\/2021\/10\/B-RC03-211003-08-DRA_Weckesheim.JPG-WEB.jpg\" rel=\"lightbox[10201]\"><img loading=\"lazy\" decoding=\"async\" class=\"aligncenter size-thumbnail wp-image-10095\" src=\"https:\/\/www.rc03-ilbenstadt.de\/wp-content\/uploads\/2021\/10\/B-RC03-211003-08-DRA_Weckesheim.JPG-WEB.jpg\" alt=\"\" width=\"150\" height=\"150\" \/><\/a><\/td>\n<td style=\"width: 33.3333%;\"><a href=\"https:\/\/www.rc03-ilbenstadt.de\/wp-content\/uploads\/2021\/10\/B-RC03-211003-09-DRA_Weckesheim.JPG-WEB.jpg\" rel=\"lightbox[10201]\"><img loading=\"lazy\" decoding=\"async\" class=\"aligncenter size-thumbnail wp-image-10096\" src=\"https:\/\/www.rc03-ilbenstadt.de\/wp-content\/uploads\/2021\/10\/B-RC03-211003-09-DRA_Weckesheim.JPG-WEB.jpg\" alt=\"\" width=\"150\" height=\"150\" \/><\/a><\/td>\n<\/tr>\n<tr>\n<td style=\"width: 33.3333%;\"><a href=\"https:\/\/www.rc03-ilbenstadt.de\/wp-content\/uploads\/2021\/10\/B-RC03-211003-10-DRA_Weckesheim.JPG-WEB.jpg\" rel=\"lightbox[10201]\"><img loading=\"lazy\" decoding=\"async\" class=\"aligncenter size-thumbnail wp-image-10097\" src=\"https:\/\/www.rc03-ilbenstadt.de\/wp-content\/uploads\/2021\/10\/B-RC03-211003-10-DRA_Weckesheim.JPG-WEB.jpg\" alt=\"\" width=\"150\" height=\"150\" \/><\/a><\/td>\n<td style=\"width: 33.3333%;\"><a href=\"https:\/\/www.rc03-ilbenstadt.de\/wp-content\/uploads\/2021\/10\/B-RC03-211003-12-DRA_Weckesheim.JPG-WEB.jpg\" rel=\"lightbox[10201]\"><img loading=\"lazy\" decoding=\"async\" class=\"aligncenter size-thumbnail wp-image-10098\" src=\"https:\/\/www.rc03-ilbenstadt.de\/wp-content\/uploads\/2021\/10\/B-RC03-211003-12-DRA_Weckesheim.JPG-WEB.jpg\" alt=\"\" width=\"150\" height=\"150\" \/><\/a><\/td>\n<td style=\"width: 33.3333%;\"><a href=\"https:\/\/www.rc03-ilbenstadt.de\/wp-content\/uploads\/2021\/10\/B-RC03-211003-14-DRA_Weckesheim.JPG-WEB.jpg\" rel=\"lightbox[10201]\"><img loading=\"lazy\" decoding=\"async\" class=\"aligncenter size-thumbnail wp-image-10099\" src=\"https:\/\/www.rc03-ilbenstadt.de\/wp-content\/uploads\/2021\/10\/B-RC03-211003-14-DRA_Weckesheim.JPG-WEB.jpg\" alt=\"\" width=\"150\" height=\"150\" \/><\/a><\/td>\n<\/tr>\n<tr>\n<td style=\"width: 33.3333%;\"><a href=\"https:\/\/www.rc03-ilbenstadt.de\/wp-content\/uploads\/2021\/10\/B-RC03-211003-10-DRA_Weckesheim.JPG-WEB.jpg\" rel=\"lightbox[10201]\"><img loading=\"lazy\" decoding=\"async\" class=\"aligncenter size-thumbnail wp-image-10097\" src=\"https:\/\/www.rc03-ilbenstadt.de\/wp-content\/uploads\/2021\/10\/B-RC03-211003-10-DRA_Weckesheim.JPG-WEB.jpg\" alt=\"\" width=\"150\" height=\"150\" \/><\/a><\/td>\n<td style=\"width: 33.3333%;\"><a href=\"https:\/\/www.rc03-ilbenstadt.de\/wp-content\/uploads\/2021\/10\/B-RC03-211003-12-DRA_Weckesheim.JPG-WEB.jpg\" rel=\"lightbox[10201]\"><img loading=\"lazy\" decoding=\"async\" class=\"aligncenter size-thumbnail wp-image-10098\" src=\"https:\/\/www.rc03-ilbenstadt.de\/wp-content\/uploads\/2021\/10\/B-RC03-211003-12-DRA_Weckesheim.JPG-WEB.jpg\" alt=\"\" width=\"150\" height=\"150\" \/><\/a><\/td>\n<td style=\"width: 33.3333%;\"><a href=\"https:\/\/www.rc03-ilbenstadt.de\/wp-content\/uploads\/2021\/10\/B-RC03-211003-14-DRA_Weckesheim.JPG-WEB.jpg\" rel=\"lightbox[10201]\"><img loading=\"lazy\" decoding=\"async\" class=\"aligncenter size-thumbnail wp-image-10099\" src=\"https:\/\/www.rc03-ilbenstadt.de\/wp-content\/uploads\/2021\/10\/B-RC03-211003-14-DRA_Weckesheim.JPG-WEB.jpg\" alt=\"\" width=\"150\" height=\"150\" \/><\/a><\/td>\n<\/tr>\n<tr>\n<td style=\"width: 33.3333%;\"><a href=\"https:\/\/www.rc03-ilbenstadt.de\/wp-content\/uploads\/2021\/10\/B-RC03-211003-15-DRA_Weckesheim.JPG-WEB.jpg\" rel=\"lightbox[10201]\"><img loading=\"lazy\" decoding=\"async\" class=\"aligncenter size-thumbnail wp-image-10097\" src=\"https:\/\/www.rc03-ilbenstadt.de\/wp-content\/uploads\/2021\/10\/B-RC03-211003-15-DRA_Weckesheim.JPG-WEB.jpg\" alt=\"\" width=\"150\" height=\"150\" \/><\/a><\/td>\n<td style=\"width: 33.3333%;\"><a href=\"https:\/\/www.rc03-ilbenstadt.de\/wp-content\/uploads\/2021\/10\/B-RC03-211003-16-DRA_Weckesheim.JPG-WEB.jpg\" rel=\"lightbox[10201]\"><img loading=\"lazy\" decoding=\"async\" class=\"aligncenter size-thumbnail wp-image-10098\" src=\"https:\/\/www.rc03-ilbenstadt.de\/wp-content\/uploads\/2021\/10\/B-RC03-211003-16-DRA_Weckesheim.JPG-WEB.jpg\" alt=\"\" width=\"150\" height=\"150\" \/><\/a><\/td>\n<td style=\"width: 33.3333%;\"><a href=\"https:\/\/www.rc03-ilbenstadt.de\/wp-content\/uploads\/2021\/10\/B-RC03-211003-17-DRA_Weckesheim.JPG-WEB.jpg\" rel=\"lightbox[10201]\"><img loading=\"lazy\" decoding=\"async\" class=\"aligncenter size-thumbnail wp-image-10099\" src=\"https:\/\/www.rc03-ilbenstadt.de\/wp-content\/uploads\/2021\/10\/B-RC03-211003-17-DRA_Weckesheim.JPG-WEB.jpg\" alt=\"\" width=\"150\" height=\"150\" \/><\/a><\/td>\n<\/tr>\n<tr>\n<td style=\"width: 33.3333%;\"><a href=\"https:\/\/www.rc03-ilbenstadt.de\/wp-content\/uploads\/2021\/10\/B-RC03-211003-18-DRA_Weckesheim.JPG-WEB.jpg\" rel=\"lightbox[10201]\"><img loading=\"lazy\" decoding=\"async\" class=\"aligncenter size-thumbnail wp-image-10097\" src=\"https:\/\/www.rc03-ilbenstadt.de\/wp-content\/uploads\/2021\/10\/B-RC03-211003-18-DRA_Weckesheim.JPG-WEB.jpg\" alt=\"\" width=\"150\" height=\"150\" \/><\/a><\/td>\n<td style=\"width: 33.3333%;\"><a href=\"https:\/\/www.rc03-ilbenstadt.de\/wp-content\/uploads\/2021\/10\/B-RC03-211003-19-DRA_Weckesheim.JPG-WEB.jpg\" rel=\"lightbox[10201]\"><img loading=\"lazy\" decoding=\"async\" class=\"aligncenter size-thumbnail wp-image-10098\" src=\"https:\/\/www.rc03-ilbenstadt.de\/wp-content\/uploads\/2021\/10\/B-RC03-211003-19-DRA_Weckesheim.JPG-WEB.jpg\" alt=\"\" width=\"150\" height=\"150\" \/><\/a><\/td>\n<td style=\"width: 33.3333%;\"><a href=\"https:\/\/www.rc03-ilbenstadt.de\/wp-content\/uploads\/2021\/10\/B-RC03-211003-20-DRA_Weckesheim.JPG-WEB.jpg\" rel=\"lightbox[10201]\"><img loading=\"lazy\" decoding=\"async\" class=\"aligncenter size-thumbnail wp-image-10099\" src=\"https:\/\/www.rc03-ilbenstadt.de\/wp-content\/uploads\/2021\/10\/B-RC03-211003-20-DRA_Weckesheim.JPG-WEB.jpg\" alt=\"\" width=\"150\" height=\"150\" \/><\/a><\/td>\n<\/tr>\n<tr>\n<td style=\"width: 33.3333%;\"><a href=\"https:\/\/www.rc03-ilbenstadt.de\/wp-content\/uploads\/2021\/10\/B-RC03-211003-21-DRA_Weckesheim.JPG-WEB.jpg\" rel=\"lightbox[10201]\"><img loading=\"lazy\" decoding=\"async\" class=\"aligncenter size-thumbnail wp-image-10097\" src=\"https:\/\/www.rc03-ilbenstadt.de\/wp-content\/uploads\/2021\/10\/B-RC03-211003-21-DRA_Weckesheim.JPG-WEB.jpg\" alt=\"\" width=\"150\" height=\"150\" \/><\/a><\/td>\n<td style=\"width: 33.3333%;\"><a href=\"https:\/\/www.rc03-ilbenstadt.de\/wp-content\/uploads\/2021\/10\/B-RC03-211003-22-DRA_Weckesheim.JPG-WEB.jpg\" rel=\"lightbox[10201]\"><img loading=\"lazy\" decoding=\"async\" class=\"aligncenter size-thumbnail wp-image-10098\" src=\"https:\/\/www.rc03-ilbenstadt.de\/wp-content\/uploads\/2021\/10\/B-RC03-211003-22-DRA_Weckesheim.JPG-WEB.jpg\" alt=\"\" width=\"150\" height=\"150\" \/><\/a><\/td>\n<td style=\"width: 33.3333%;\"><a href=\"https:\/\/www.rc03-ilbenstadt.de\/wp-content\/uploads\/2021\/10\/B-RC03-211003-24-DRA_Weckesheim.JPG-WEB.jpg\" rel=\"lightbox[10201]\"><img loading=\"lazy\" decoding=\"async\" class=\"aligncenter size-thumbnail wp-image-10099\" src=\"https:\/\/www.rc03-ilbenstadt.de\/wp-content\/uploads\/2021\/10\/B-RC03-211003-24-DRA_Weckesheim.JPG-WEB.jpg\" alt=\"\" width=\"150\" height=\"150\" \/><\/a><\/td>\n<\/tr>\n<tr>\n<td style=\"width: 33.3333%;\"><a href=\"https:\/\/www.rc03-ilbenstadt.de\/wp-content\/uploads\/2021\/10\/B-RC03-211003-25-DRA_Weckesheim.JPG-WEB.jpg\" rel=\"lightbox[10201]\"><img loading=\"lazy\" decoding=\"async\" class=\"aligncenter size-thumbnail wp-image-10097\" src=\"https:\/\/www.rc03-ilbenstadt.de\/wp-content\/uploads\/2021\/10\/B-RC03-211003-25-DRA_Weckesheim.JPG-WEB.jpg\" alt=\"\" width=\"150\" height=\"150\" \/><\/a><\/td>\n<td style=\"width: 33.3333%;\"><a href=\"https:\/\/www.rc03-ilbenstadt.de\/wp-content\/uploads\/2021\/10\/B-RC03-211003-26-DRA_Weckesheim.JPG-WEB.jpg\" rel=\"lightbox[10201]\"><img loading=\"lazy\" decoding=\"async\" class=\"aligncenter size-thumbnail wp-image-10098\" src=\"https:\/\/www.rc03-ilbenstadt.de\/wp-content\/uploads\/2021\/10\/B-RC03-211003-26-DRA_Weckesheim.JPG-WEB.jpg\" alt=\"\" width=\"150\" height=\"150\" \/><\/a><\/td>\n<\/tr>\n<\/tbody>\n<\/table>\n","protected":false},"excerpt":{"rendered":"<p>Das traditionelle Zeitfahren des RC 03 Ilbenstadt f\u00fcr das Deutsche Radsportabzeichen fand auch im zweiten Coronajahr statt. Die Rahmenbedingungen, angefangen von der 3G-Regel, den veranstaltungsbezogenen Hygienebedingungen und dem Dreh- und Angelpunkt eines Zeitfahrens im \u00f6ffentlichen Stra\u00dfenverkehr, der Stra\u00dfenverkehrsordnung, waren im &hellip; <a href=\"https:\/\/www.rc03-ilbenstadt.de\/?p=10201\">Weiterlesen <span class=\"meta-nav\">&rarr;<\/span><\/a><\/p>\n","protected":false},"author":9,"featured_media":9070,"comment_status":"closed","ping_status":"closed","sticky":false,"template":"","format":"standard","meta":{"_crdt_document":"","footnotes":""},"categories":[1],"tags":[],"class_list":["post-10201","post","type-post","status-publish","format-standard","has-post-thumbnail","hentry","category-allgemein"],"_links":{"self":[{"href":"https:\/\/www.rc03-ilbenstadt.de\/index.php?rest_route=\/wp\/v2\/posts\/10201","targetHints":{"allow":["GET"]}}],"collection":[{"href":"https:\/\/www.rc03-ilbenstadt.de\/index.php?rest_route=\/wp\/v2\/posts"}],"about":[{"href":"https:\/\/www.rc03-ilbenstadt.de\/index.php?rest_route=\/wp\/v2\/types\/post"}],"author":[{"embeddable":true,"href":"https:\/\/www.rc03-ilbenstadt.de\/index.php?rest_route=\/wp\/v2\/users\/9"}],"replies":[{"embeddable":true,"href":"https:\/\/www.rc03-ilbenstadt.de\/index.php?rest_route=%2Fwp%2Fv2%2Fcomments&post=10201"}],"version-history":[{"count":5,"href":"https:\/\/www.rc03-ilbenstadt.de\/index.php?rest_route=\/wp\/v2\/posts\/10201\/revisions"}],"predecessor-version":[{"id":10242,"href":"https:\/\/www.rc03-ilbenstadt.de\/index.php?rest_route=\/wp\/v2\/posts\/10201\/revisions\/10242"}],"wp:featuredmedia":[{"embeddable":true,"href":"https:\/\/www.rc03-ilbenstadt.de\/index.php?rest_route=\/wp\/v2\/media\/9070"}],"wp:attachment":[{"href":"https:\/\/www.rc03-ilbenstadt.de\/index.php?rest_route=%2Fwp%2Fv2%2Fmedia&parent=10201"}],"wp:term":[{"taxonomy":"category","embeddable":true,"href":"https:\/\/www.rc03-ilbenstadt.de\/index.php?rest_route=%2Fwp%2Fv2%2Fcategories&post=10201"},{"taxonomy":"post_tag","embeddable":true,"href":"https:\/\/www.rc03-ilbenstadt.de\/index.php?rest_route=%2Fwp%2Fv2%2Ftags&post=10201"}],"curies":[{"name":"wp","href":"https:\/\/api.w.org\/{rel}","templated":true}]}}