{"id":10635,"date":"2022-03-25T15:27:27","date_gmt":"2022-03-25T14:27:27","guid":{"rendered":"https:\/\/www.rc03-ilbenstadt.de\/?p=10635"},"modified":"2022-04-02T12:18:52","modified_gmt":"2022-04-02T10:18:52","slug":"radtourenfahren-in-ilbenstadtder-bericht-zur-saisoneroeffnung-und-zum-fruehlingsstartradtourenfahrt-rtf-rund-um-ilbenstadtcountrytourenfahrt-ctf-wetterauer-aecker-und-waeldertourgraveltou","status":"publish","type":"post","link":"https:\/\/www.rc03-ilbenstadt.de\/?p=10635","title":{"rendered":"Radtourenfahren in Ilbenstadt<br>Der Bericht zur Saisoner\u00f6ffnung und zum Fr\u00fchlingsstart<br><br>Radtourenfahrt (RTF) &#8222;Rund um Ilbenstadt&#8220;<br>Countrytourenfahrt (CTF) &#8222;Wetterauer \u00c4cker- und W\u00e4ldertour&#8220;<br>Graveltourenfahrt (GTF) &#8222;Wetterauer Schottertour&#8220;<br><br>am Sonntag, den 20. M\u00e4rz 2022<br><br>"},"content":{"rendered":"<p><strong><span style=\"color: #ff0000;\"><strong><span style=\"color: #ff0000;\">Fundsachen am Veranstaltungstag:<\/span><\/strong><\/span><\/strong><br \/>\n<strong><span style=\"color: #ff0000;\"><strong><span style=\"color: #ff0000;\">Regenjacke, Sonnenbrille, Trinkflasche &#8222;Maurten&#8220;<\/span><\/strong><\/span><\/strong><\/p>\n<p>Von einem bunten Strau\u00df positiver Gef\u00fchle k\u00f6nnen die Verantwortlichen des RC 03 Ilbenstadt, die vielen Helferinnen und Helfer, ob Vereinsmitglied oder dem Verein freundschaftlich verbunden, schon zu den ersten Minuten des Startes bis zum Ende der diesj\u00e4hrigen Fr\u00fchjahrsradtouren berichten. <\/p>\n<p>Doch der Reihe nach:<br \/>\n<strong>Im Vorfeld<\/strong><br \/>\nAls im Herbst letzten Jahres die Touren im Verband angemeldet wurden, kam noch keine Spannung auf. Einen m\u00f6glichen Verlust der Meldegeb\u00fchr war kalkuliert und verkraftbar. Im Januar wurde es langsam ernst, mussten die Touren <!--more-->der Stra\u00dfenverkehrsbeh\u00f6rde des Wetteraukreises zur Genehmigung eingereicht werden. Dazu kamen noch die Anzeigepflichten bei den Waldbesitzern. Die Strecken wurden zuvor gepr\u00fcft; dann traten die Beh\u00f6rden vom Kreis, den Kommunen, die Naturschutzbeh\u00f6rde, auch die Polizei, Hessen Mobil, die Deutsche Bahn und nicht zuletzt Hessen Forst und die Privatwaldbesitzer in Aktion. Jetzt kam man im Verein ins Gr\u00fcbeln. Nicht die beh\u00f6rdliche Pr\u00fcfung zauberte Sorgenfalten auf die Stirn der Verantwortlichen. Dazu haben beide Seiten in den letzten Jahren eine angenehme Zusammenarbeit entwickelt. Nein, wie w\u00fcrden die Radsportlerinnen und Radsportler reagieren? Individuell oder in kleineren Gruppen zwei Jahre auf Hessens Stra\u00dfen, auch in Feld und Wald, unterwegs, k\u00f6nnte das Verlangen zum Start im Rahmen einer Veranstaltung abgek\u00fchlt sein. Wollte man sich noch dem &#8222;Druck&#8220; aussetzen, des Morgens fr\u00fch aufstehen, in voller Radmontur mit \u00fcberpr\u00fcftem Sportger\u00e4t die Haust\u00fcr hinter sich verschlie\u00dfen, um auch nicht zu sp\u00e4t am Start zu sein, die Mitfahrerinnen und Mitfahrer nicht warten zu lassen? Reicht es noch f\u00fcr einen Kaffee, ein St\u00fcck Kuchen, ein belegtes Br\u00f6tchen, bevor die Strecke unter die R\u00e4der genommen wird?<br \/>\n<center><img decoding=\"async\" src=\"https:\/\/www.rc03-ilbenstadt.de\/wp-content\/uploads\/2022\/04\/Logo_Krombacher_BDR.jpg\"><\/center><br \/>\n<strong>Am Veranstaltungstag<\/strong><br \/>\nSchon die ersten Vormeldungen lie\u00dfen erahnen, dass eine Erfolgsgeschichte beginnen k\u00f6nnte. S\u00e4tze, wie &#8222;Ich freue mich riesig&#8220;, Smileys und des \u00f6fteren Dankesworte, dass die Planungen im &#8222;\u00fcblichen Rahmen&#8220; aufgenommen worden sind, stimmten vorsichtig optimistisch, auch wenn Mahner nicht verstummen wollten, die eine niedrige Beteiligung prognostizierten.<br \/>\nDer Sonntag war unbeschreiblich. Rund um den Startplatz wogte bei Kaiserwetter die bunte Radlerschar. Die Stimmung war gut und wurde letztlich durch die etwas l\u00e4ngere Wartezeit am Start, die durch Computer auf ihrer \u00fcberraschenden Suche nach dem Betriebssystem  verursacht wurde, nicht getr\u00fcbt. Hatte man doch durch die lange Pause viel Gespr\u00e4chsstoff, musste lange vermisste Freunde und Bekannte gr\u00fc\u00dfen und konnte so die Ungeduld auf die Strecke entlassen zu werden noch z\u00fcgeln. <\/p>\n<p><strong>Die Radtourenfahrt (RTF)<\/strong><br \/>\nSchlie\u00dflich gingen alle auf die verschiedenen Strecken.  Radtourenfahrerinnen und -fahrer konnten ihr Stra\u00dfenrennrad \u00fcber RTF-Strecken von 46, 72 oder 114 Kilometern bewegen. Durch das Wettertal bis kurz vor M\u00fcnzenberg fuhren alle vereint, hinter dem Servicepunkt in Melbach steuerten die Pedaleure auf der 46-Kilometerstrecke schon wieder das Ziel an, w\u00e4hrend es f\u00fcr den Gro\u00dfteil hie\u00df, gen Osten zu streben. Ab Gettenau f\u00fchrte die 72-Kilometerstrecke direkt zur Keltenwelt auf dem Glauberg, die Radlerschar auf der 114-Kilometerstrecke f\u00fcgten noch eine Schleife \u00fcber Borsdorf, Ulfa, Eichelsdorf und Ober-Lais an. Zwischen Bobenhausen und Wippenbach wurde deren Kletterf\u00e4higkeit getestet, bevor sie, vereint mit den Radlern der 72-Kilometertour, den Anstieg zur Keltenwelt meistern konnten. Die Keltenwelt, ein Highlight der Tour, einerseits wegen des Anstieges verflucht, andererseits wegen des tollen Ausblickes, der einzigartigen Lage geliebt, sollte auch \u00fcber diese Tour hinaus Ausflugsziel und Ort der Auseinandersetzung mit unserer Geschichte sein und bleiben. \u00dcber Rodenbach und Stammheim ging es zur\u00fcck nach Ilbenstadt.<br \/>\n<center><img decoding=\"async\" src=\"https:\/\/www.rc03-ilbenstadt.de\/wp-content\/uploads\/2019\/02\/Logo-Keltenwelt-800x192.jpg\"><\/center><br \/>\n<strong>Die Graveltourenfahrt (GTF)<\/strong><br \/>\nGravelfreundinnen und -freunde durften sich auf einer 79-Kilometerrunde, die sich weitgehend an der 72-Kilometertour der RTF orientierte, ausprobieren. Davon machte nur eine kleine einstellige Zahl GPS-gef\u00fchrt auf Wirtschafts-, Feld- und Waldwegen Gebrauch. Warum dies neue Angebot in der Gravelszene wenig Anklang fand, hat sich noch nicht erschlossen. War es der Schotter (= Gravel), der sich in unseren Breiten regelm\u00e4\u00dfig unter Beton und Asphalt versteckt, war es ungewohnt, dass ein Verein eine solche Tour organisiert anbietet, wo man sonst seine Freiheitsliebe und Ungebundenheit gerne vor sich her tr\u00e4gt? Auch wenn Frauen und M\u00e4nner des RC 03 noch nicht hinter das Geheimnis gekommen sind, hat es doch Spa\u00df gemacht, die Strecke zu erkunden, auch um sie in der Zukunft das ein oder andere Mal selbst unter die R\u00e4der zu nehmen.<\/p>\n<p><strong>Die Countrytourenfahrt (CTF)<\/strong><br \/>\nDie Countrytourenfahrt von Ilbenstadt nach Melbach \u00fcber 37 Kilometer und dar\u00fcber hinaus bis Trais-M\u00fcnzenberg auf der 71-Kilometerrunde, wenn nicht \u00fcber die 56-Kilometerschleife &#8222;abgek\u00fcrzt&#8220; wurde, deckte die ganze Palette des Wirtschafts- und Waldwegenetz der Wetterau ab. Traumhafte Aussichten zur Frankfurter Skyline, ins Wettertal und in den Taunus zur markanten Silhouette des Fernmeldeturmes auf dem Feldberg hatten diese Touren zu bieten, von der sanfth\u00fcgeligen Wetterau, die geschickt kleinere Bergpr\u00fcfungen verbergen kann, ganz zu schweigen. <\/p>\n<p><strong>Die Helferinnen und Helfer an den Service- und Verpflegungspunkten in Melbach, Am Kr\u00e4ppelstein, Eichelsdorf und an der Keltenwelt in Glauberg gaben ihr Bestes, mit Getr\u00e4nken, Bananen und kleineren H\u00e4ppchen jede und jeden zu versorgen. <\/strong><\/p>\n<p><strong>Der Abschluss<\/strong><br \/>\nIm Ziel, die Pedale sind in Ruhestellung, die erbrachte Leistung wurde in die Wertungskarte und\/oder Startkarte bescheinigt, richtete Herr Klein, Vertreter des Niddataler B\u00fcrgermeisters Michael Hahn ein Gru\u00dfwort an die Radlerinnen und Radler. Im Anschluss wurden durch den RTF-\/CTF-Fachwart Johannes Contag mit Wilhelm Schr\u00f6der die Siegerehrungen vorgenommen. Geehrt wurden in der Gruppe der RTF-Vereine auf dem ersten Platz der RC Hattersheim mit 28 Teilnehmern. Es folgten das Radteam Neu-Isenburg \/19 Teilnehmer) und der RV Ober-M\u00f6rlen (12 Teilnehmer). In der Gruppe der CTF-Teilnehmer wurden der RTC Sandhasen W\u00f6lfersheim und der VC Frankfurt geehrt, beide mit Teilnehmerzahlen im einstelligen Bereich. Statt der \u00fcblichen Hardware sind regionale Fl\u00fcssigkeiten zur Ehrung \u00fcbergeben worden, die es auf Wunsch mit und ohne Suchtpotential gab. <\/p>\n<p><strong>Der RC 03 Ilbenstadt konnte 625 Teilnehmerinnen und Teilnehmer begr\u00fc\u00dfen. Davon gingen 523 auf die RTF-, 97 auf die CTF und 5 auf die GTF (Graveltourenfahrt)-Strecke.<br \/>\nDieses gro\u00dfe Teilnehmerfeld war weniger erwartet, als erhofft worden. Doch waren alle Vorbereitungen darauf ausgerichtet. Der Optimismus hat sich durchgesetzt. <\/strong><\/p>\n<p><strong>Wilhelm Schr\u00f6der dankte ausdr\u00fccklich allen Helferinnen und Helfern, die eine solche Veranstaltung tragen und deren Einsatz nach Veranstaltungsende noch lange nicht vorbei ist.<\/strong><\/p>\n<p>Nach dem sportlichen Teil, der seinen Abschluss in der Siegerehrung fand, ging man noch nicht auseinander. Der Grill lief auf Hochtouren, Pommes zischten im \u00d6l, die Erbsensuppe brodelte, die Getr\u00e4nke waren k\u00fchl und auch Kaffee und Kuchen standen bereit, um verlorene Fl\u00fcssigkeit und K\u00f6rner zu ersetzen sowie den Rahmen f\u00fcr den geselligen Abschluss eines tollen Radsporttages in Ilbenstadt zu gestalten. Es gab viel zu erz\u00e4hlen und sicher ist, dass der Glaube an eine erfolgreiche Saison 2022\/2023 gefestigt ist und noch viele Breitenradsportveranstaltungen folgen werden.<br \/>\nDer RC 03 Ilbenstadt sagt allen Radsportlerinnen und Radsportlern herzlichen Dank f\u00fcr die Teilnahme und auf Wiedersehen in Ilbenstadt.<\/p>\n<p><strong>Impressionen von unserer Herbst-RTF:<\/strong><br \/>\nBilder: Eva C., Michael H., Jenni H. , Wilhelm S.<\/p>\n<table>\n<tbody>\n<tr>\n<td style=\"width: 33.3333%;\"><a href=\"https:\/\/www.rc03-ilbenstadt.de\/wp-content\/uploads\/2022\/04\/B-RC03-220320-056-RTF_Ilbenstadt_MH-WEB.jpg\" rel=\"lightbox[10635]\"><img loading=\"lazy\" decoding=\"async\" class=\"aligncenter size-thumbnail wp-image-10676\" src=\"https:\/\/www.rc03-ilbenstadt.de\/wp-content\/uploads\/2022\/04\/B-RC03-220320-056-RTF_Ilbenstadt_MH-WEB.jpg\" alt=\"\" width=\"150\" height=\"150\" \/><\/a><\/td>\n<td style=\"width: 33.3333%;\"><a href=\"https:\/\/www.rc03-ilbenstadt.de\/wp-content\/uploads\/2022\/04\/B-RC03-220320-058-RTF_Ilbenstadt_MH-WEB.jpg\" rel=\"lightbox[10635]\"><img loading=\"lazy\" decoding=\"async\" class=\"aligncenter size-thumbnail wp-image-10674\" src=\"https:\/\/www.rc03-ilbenstadt.de\/wp-content\/uploads\/2022\/04\/B-RC03-220320-058-RTF_Ilbenstadt_MH-WEB.jpg\" alt=\"\" width=\"150\" height=\"150\" \/><\/a><\/td>\n<td style=\"width: 33.3333%;\"><a href=\"https:\/\/www.rc03-ilbenstadt.de\/wp-content\/uploads\/2022\/04\/B-RC03-220320-060-RTF_Ilbenstadt_MH-WEB.jpg\" rel=\"lightbox[10635]\"><img loading=\"lazy\" decoding=\"async\" class=\"aligncenter size-thumbnail wp-image-10672\" src=\"https:\/\/www.rc03-ilbenstadt.de\/wp-content\/uploads\/2022\/04\/B-RC03-220320-060-RTF_Ilbenstadt_MH-WEB.jpg\" alt=\"\" width=\"150\" height=\"150\" \/><\/a><\/td>\n<\/tr>\n<tr>\n<td style=\"width: 33.3333%;\"><a href=\"https:\/\/www.rc03-ilbenstadt.de\/wp-content\/uploads\/2022\/03\/B-RC03-220320-055-RTF_Ilbenstadt-EC-WEB.jpg\" rel=\"lightbox[10635]\"><img loading=\"lazy\" decoding=\"async\" class=\"aligncenter size-thumbnail wp-image-10671\" src=\"https:\/\/www.rc03-ilbenstadt.de\/wp-content\/uploads\/2022\/03\/B-RC03-220320-055-RTF_Ilbenstadt-EC-WEB.jpg\" alt=\"\" width=\"150\" height=\"150\" \/><\/a><\/td>\n<td style=\"width: 33.3333%;\"><a href=\"https:\/\/www.rc03-ilbenstadt.de\/wp-content\/uploads\/2022\/03\/B-RC03-220320-011-RTF_Ilbenstadt-WS-WEB.jpg\" rel=\"lightbox[10635]\"><img loading=\"lazy\" decoding=\"async\" class=\"aligncenter size-thumbnail wp-image-10657\" src=\"https:\/\/www.rc03-ilbenstadt.de\/wp-content\/uploads\/2022\/03\/B-RC03-220320-011-RTF_Ilbenstadt-WS-WEB.jpg\" alt=\"\" width=\"150\" height=\"150\" \/><\/a><\/td>\n<td style=\"width: 33.3333%;\"><a href=\"https:\/\/www.rc03-ilbenstadt.de\/wp-content\/uploads\/2022\/03\/B-RC03-220320-010-RTF_Ilbenstadt-WS-WEB.jpg\" rel=\"lightbox[10635]\"><img loading=\"lazy\" decoding=\"async\" class=\"aligncenter size-thumbnail wp-image-10656\" src=\"https:\/\/www.rc03-ilbenstadt.de\/wp-content\/uploads\/2022\/03\/B-RC03-220320-010-RTF_Ilbenstadt-WS-WEB.jpg\" alt=\"\" width=\"150\" height=\"150\" \/><\/a><\/td>\n<\/tr>\n<tr>\n<td style=\"width: 33.3333%;\"><a href=\"https:\/\/www.rc03-ilbenstadt.de\/wp-content\/uploads\/2022\/03\/B-RC03-220320-043-RTF_Ilbenstadt-WS-WEB.jpg\" rel=\"lightbox[10635]\"><img loading=\"lazy\" decoding=\"async\" class=\"aligncenter size-thumbnail wp-image-10667\" src=\"https:\/\/www.rc03-ilbenstadt.de\/wp-content\/uploads\/2022\/03\/B-RC03-220320-043-RTF_Ilbenstadt-WS-WEB.jpg\" alt=\"\" width=\"150\" height=\"150\" \/><\/a><\/td>\n<td style=\"width: 33.3333%;\"><a href=\"https:\/\/www.rc03-ilbenstadt.de\/wp-content\/uploads\/2022\/03\/B-RC03-220320-015-RTF_Ilbenstadt-WS-WEB.jpg\" rel=\"lightbox[10635]\"><img loading=\"lazy\" decoding=\"async\" class=\"aligncenter size-thumbnail wp-image-10660\" src=\"https:\/\/www.rc03-ilbenstadt.de\/wp-content\/uploads\/2022\/03\/B-RC03-220320-015-RTF_Ilbenstadt-WS-WEB.jpg\" alt=\"\" width=\"150\" height=\"150\" \/><\/a><\/td>\n<td style=\"width: 33.3333%;\"><a href=\"https:\/\/www.rc03-ilbenstadt.de\/wp-content\/uploads\/2022\/03\/B-RC03-220320-014-RTF_Ilbenstadt-WS-WEB.jpg\" rel=\"lightbox[10635]\"><img loading=\"lazy\" decoding=\"async\" class=\"aligncenter size-thumbnail wp-image-10659\" src=\"https:\/\/www.rc03-ilbenstadt.de\/wp-content\/uploads\/2022\/03\/B-RC03-220320-014-RTF_Ilbenstadt-WS-WEB.jpg\" alt=\"\" width=\"150\" height=\"150\" \/><\/a><\/td>\n<\/tr>\n<tr>\n<td style=\"width: 33.3333%;\"><a href=\"https:\/\/www.rc03-ilbenstadt.de\/wp-content\/uploads\/2022\/03\/2022-03-10-11_49_41-RC03_RTF_CTF_GTF_3_2022_Plakat_v1col.pdf-Nuance-Power-PDF-Advanced.png\" rel=\"lightbox[10635]\"><img loading=\"lazy\" decoding=\"async\" class=\"aligncenter size-thumbnail wp-image-10584\" src=\"https:\/\/www.rc03-ilbenstadt.de\/wp-content\/uploads\/2022\/03\/2022-03-10-11_49_41-RC03_RTF_CTF_GTF_3_2022_Plakat_v1col.pdf-Nuance-Power-PDF-Advanced.png\" alt=\"\" width=\"150\" height=\"150\" \/><\/a><\/td>\n<td style=\"width: 33.3333%;\"><a href=\"https:\/\/www.rc03-ilbenstadt.de\/wp-content\/uploads\/2022\/03\/B-RC03-220320-002-RTF_Ilbenstadt-JH-WEB.jpg\" rel=\"lightbox[10635]\"><img loading=\"lazy\" decoding=\"async\" class=\"aligncenter size-thumbnail wp-image-10651\" src=\"https:\/\/www.rc03-ilbenstadt.de\/wp-content\/uploads\/2022\/03\/B-RC03-220320-002-RTF_Ilbenstadt-JH-WEB.jpg\" alt=\"\" width=\"150\" height=\"150\" \/><\/a><\/td>\n<td style=\"width: 33.3333%;\"><a href=\"https:\/\/www.rc03-ilbenstadt.de\/wp-content\/uploads\/2022\/03\/B-RC03-220320-001-RTF_Ilbenstadt-JH-WEB.jpg\" rel=\"lightbox[10635]\"><img loading=\"lazy\" decoding=\"async\" class=\"aligncenter size-thumbnail wp-image-1\u00df650\" src=\"https:\/\/www.rc03-ilbenstadt.de\/wp-content\/uploads\/2022\/03\/B-RC03-220320-001-RTF_Ilbenstadt-JH-WEB.jpg\" alt=\"\" width=\"150\" height=\"150\" \/><\/a><\/td>\n<\/tr>\n<tr>\n<td style=\"width: 33.3333%;\"><a href=\"https:\/\/www.rc03-ilbenstadt.de\/wp-content\/uploads\/2022\/03\/B-RC03-220320-009-RTF_Ilbenstadt-WS-WEB.jpg\" rel=\"lightbox[10635]\"><img loading=\"lazy\" decoding=\"async\" class=\"aligncenter size-thumbnail wp-image-10665\" src=\"https:\/\/www.rc03-ilbenstadt.de\/wp-content\/uploads\/2022\/03\/B-RC03-220320-009-RTF_Ilbenstadt-WS-WEB.jpg\" alt=\"\" width=\"150\" height=\"150\" \/><\/a><\/td>\n<td style=\"width: 33.3333%;\"><a href=\"https:\/\/www.rc03-ilbenstadt.de\/wp-content\/uploads\/2022\/03\/B-RC03-220320-006-RTF_Ilbenstadt-WS-WEB.jpg\" rel=\"lightbox[10635]\"><img loading=\"lazy\" decoding=\"async\" class=\"aligncenter size-thumbnail wp-image-10653\" src=\"https:\/\/www.rc03-ilbenstadt.de\/wp-content\/uploads\/2022\/03\/B-RC03-220320-006-RTF_Ilbenstadt-WS-WEB.jpg\" alt=\"\" width=\"150\" height=\"150\" \/><\/a><\/td>\n<td style=\"width: 33.3333%;\"><a href=\"https:\/\/www.rc03-ilbenstadt.de\/wp-content\/uploads\/2022\/03\/B-RC03-220320-008-RTF_Ilbenstadt-WS-WEB.jpg\" rel=\"lightbox[10635]\"><img loading=\"lazy\" decoding=\"async\" class=\"aligncenter size-thumbnail wp-image-10654\" src=\"https:\/\/www.rc03-ilbenstadt.de\/wp-content\/uploads\/2022\/03\/B-RC03-220320-008-RTF_Ilbenstadt-WS-WEB.jpg\" alt=\"\" width=\"150\" height=\"150\" \/><\/a><\/td>\n<\/tr>\n<tr>\n<td style=\"width: 33.3333%;\"><a href=\"https:\/\/www.rc03-ilbenstadt.de\/wp-content\/uploads\/2022\/03\/B-RC03-220320-038-RTF_Ilbenstadt-WS-WEB.jpg\" rel=\"lightbox[10635]\"><img loading=\"lazy\" decoding=\"async\" class=\"aligncenter size-thumbnail wp-image-10665\" src=\"https:\/\/www.rc03-ilbenstadt.de\/wp-content\/uploads\/2022\/03\/B-RC03-220320-038-RTF_Ilbenstadt-WS-WEB.jpg\" alt=\"\" width=\"150\" height=\"150\" \/><\/a><\/td>\n<td style=\"width: 33.3333%;\"><a href=\"https:\/\/www.rc03-ilbenstadt.de\/wp-content\/uploads\/2022\/03\/B-RC03-220320-022-RTF_Ilbenstadt-WS-WEB.jpg\" rel=\"lightbox[10635]\"><img loading=\"lazy\" decoding=\"async\" class=\"aligncenter size-thumbnail wp-image-10663\" src=\"https:\/\/www.rc03-ilbenstadt.de\/wp-content\/uploads\/2022\/03\/B-RC03-220320-022-RTF_Ilbenstadt-WS-WEB.jpg\" alt=\"\" width=\"150\" height=\"150\" \/><\/a><\/td>\n<td style=\"width: 33.3333%;\"><a href=\"https:\/\/www.rc03-ilbenstadt.de\/wp-content\/uploads\/2022\/03\/B-RC03-220320-040-RTF_Ilbenstadt-WS-WEB.jpg\" rel=\"lightbox[10635]\"><img loading=\"lazy\" decoding=\"async\" class=\"aligncenter size-thumbnail wp-image-10666\" src=\"https:\/\/www.rc03-ilbenstadt.de\/wp-content\/uploads\/2022\/03\/B-RC03-220320-040-RTF_Ilbenstadt-WS-WEB.jpg\" alt=\"\" width=\"150\" height=\"150\" \/><\/a><\/td>\n<\/tr>\n<tr>\n<td style=\"width: 33.3333%;\"><a href=\"https:\/\/www.rc03-ilbenstadt.de\/wp-content\/uploads\/2022\/03\/B-RC03-220320-020-RTF_Ilbenstadt-WS-WEB.jpg\" rel=\"lightbox[10635]\"><img loading=\"lazy\" decoding=\"async\" class=\"aligncenter size-thumbnail wp-image-10662\" src=\"https:\/\/www.rc03-ilbenstadt.de\/wp-content\/uploads\/2022\/03\/B-RC03-220320-020-RTF_Ilbenstadt-WS-WEB.jpg\" alt=\"\" width=\"150\" height=\"150\" \/><\/a><\/td>\n<td style=\"width: 33.3333%;\"><a href=\"https:\/\/www.rc03-ilbenstadt.de\/wp-content\/uploads\/2022\/03\/B-RC03-220320-016-RTF_Ilbenstadt-WS-WEB.jpg\" rel=\"lightbox[10635]\"><img loading=\"lazy\" decoding=\"async\" class=\"aligncenter size-thumbnail wp-image-10661\" src=\"https:\/\/www.rc03-ilbenstadt.de\/wp-content\/uploads\/2022\/03\/B-RC03-220320-016-RTF_Ilbenstadt-WS-WEB.jpg\" alt=\"\" width=\"150\" height=\"150\" \/><\/a><\/td>\n<td style=\"width: 33.3333%;\"><a href=\"https:\/\/www.rc03-ilbenstadt.de\/wp-content\/uploads\/2022\/03\/B-RC03-220320-044-RTF_Ilbenstadt-WS-WEB.jpg\" rel=\"lightbox[10635]\"><img loading=\"lazy\" decoding=\"async\" class=\"aligncenter size-thumbnail wp-image-10668\" src=\"https:\/\/www.rc03-ilbenstadt.de\/wp-content\/uploads\/2022\/03\/B-RC03-220320-044-RTF_Ilbenstadt-WS-WEB.jpg\" alt=\"\" width=\"150\" height=\"150\" \/><\/a><\/td>\n<td style=\"width: 33.3333%;\"><a href=\"\"><img loading=\"lazy\" decoding=\"async\" class=\"aligncenter size-thumbnail wp-image-\" src=\"\" alt=\"\" width=\"150\" height=\"150\" \/><\/a><\/td>\n<\/tr>\n<\/tbody>\n<\/table>\n<p>&nbsp;<\/p>\n","protected":false},"excerpt":{"rendered":"<p>Fundsachen am Veranstaltungstag: Regenjacke, Sonnenbrille, Trinkflasche &#8222;Maurten&#8220; Von einem bunten Strau\u00df positiver Gef\u00fchle k\u00f6nnen die Verantwortlichen des RC 03 Ilbenstadt, die vielen Helferinnen und Helfer, ob Vereinsmitglied oder dem Verein freundschaftlich verbunden, schon zu den ersten Minuten des Startes bis &hellip; <a href=\"https:\/\/www.rc03-ilbenstadt.de\/?p=10635\">Weiterlesen <span class=\"meta-nav\">&rarr;<\/span><\/a><\/p>\n","protected":false},"author":9,"featured_media":8311,"comment_status":"closed","ping_status":"closed","sticky":false,"template":"","format":"standard","meta":{"_crdt_document":"","footnotes":""},"categories":[1],"tags":[],"class_list":["post-10635","post","type-post","status-publish","format-standard","has-post-thumbnail","hentry","category-allgemein"],"_links":{"self":[{"href":"https:\/\/www.rc03-ilbenstadt.de\/index.php?rest_route=\/wp\/v2\/posts\/10635","targetHints":{"allow":["GET"]}}],"collection":[{"href":"https:\/\/www.rc03-ilbenstadt.de\/index.php?rest_route=\/wp\/v2\/posts"}],"about":[{"href":"https:\/\/www.rc03-ilbenstadt.de\/index.php?rest_route=\/wp\/v2\/types\/post"}],"author":[{"embeddable":true,"href":"https:\/\/www.rc03-ilbenstadt.de\/index.php?rest_route=\/wp\/v2\/users\/9"}],"replies":[{"embeddable":true,"href":"https:\/\/www.rc03-ilbenstadt.de\/index.php?rest_route=%2Fwp%2Fv2%2Fcomments&post=10635"}],"version-history":[{"count":5,"href":"https:\/\/www.rc03-ilbenstadt.de\/index.php?rest_route=\/wp\/v2\/posts\/10635\/revisions"}],"predecessor-version":[{"id":10726,"href":"https:\/\/www.rc03-ilbenstadt.de\/index.php?rest_route=\/wp\/v2\/posts\/10635\/revisions\/10726"}],"wp:featuredmedia":[{"embeddable":true,"href":"https:\/\/www.rc03-ilbenstadt.de\/index.php?rest_route=\/wp\/v2\/media\/8311"}],"wp:attachment":[{"href":"https:\/\/www.rc03-ilbenstadt.de\/index.php?rest_route=%2Fwp%2Fv2%2Fmedia&parent=10635"}],"wp:term":[{"taxonomy":"category","embeddable":true,"href":"https:\/\/www.rc03-ilbenstadt.de\/index.php?rest_route=%2Fwp%2Fv2%2Fcategories&post=10635"},{"taxonomy":"post_tag","embeddable":true,"href":"https:\/\/www.rc03-ilbenstadt.de\/index.php?rest_route=%2Fwp%2Fv2%2Ftags&post=10635"}],"curies":[{"name":"wp","href":"https:\/\/api.w.org\/{rel}","templated":true}]}}