{"id":10748,"date":"2022-05-07T08:38:51","date_gmt":"2022-05-07T06:38:51","guid":{"rendered":"https:\/\/www.rc03-ilbenstadt.de\/?p=10748"},"modified":"2022-05-07T09:24:54","modified_gmt":"2022-05-07T07:24:54","slug":"10748","status":"publish","type":"post","link":"https:\/\/www.rc03-ilbenstadt.de\/?p=10748","title":{"rendered":"Ilbenst\u00e4dter Radtouren<br>Radwanderung<br> &#8222;Kloster Arnsburg, Lich und Wetterauer Seen&#8220;<br><br>am Montag, den 9. Mai 2022<br><br>Locker pedalierend in die Stadt der &#8222;Pfeifen&#8220;"},"content":{"rendered":"<p><strong>Liebe Mitglieder und Freunde des RC 03 Ilbenstadt,<\/strong><\/p>\n<p>das Wetter k\u00f6nnte nicht besser sein: Strahlend blauer Himmel, Sonne satt und bis zu 23\u00b0 Celsius. Wer will sich da beschweren? Unser  Radwanderfachwart Erwin Loscher l\u00e4dt herzlich zur Radwanderung Kloster Arnsburg und Lich ein:<\/p>\n<p><strong>Start am Montag, dem 9. Mai 2022 <\/strong><br \/>\n<strong>um 10:00 Uhr an der Wickst\u00e4dter Niddabr\u00fccke und<br \/>\num 10:40 Uhr in Beienheim am Kreisel<\/strong><\/p>\n<p>Die Hygiene- und Abstandsregeln des RC 03 Ilbenstadt, abgestimmt f\u00fcr das Radwandern sind mittlerweile obsolet. <!--more--> Die politisch Verantwortlichen haben entschieden, dass schwerwiegende Gesundheitsgefahren durch das SARS-Cov-II-Virus  generell nicht mehr drohen. Die Mehrheit ist geimpft und dar\u00fcber hinaus ist sie mit einem Vernunftpotential ausgestattet, aus dem heraus eigenverantwortlich eine gute Pr\u00e4vention folgt. Das hei\u00dft, dass an den entscheidenden Stellen Abstand gehalten und\/oder eine geeignete Maske getragen sowie bei eigener Neigung zur &#8222;Triefnase&#8220; der Kontakt zu Mitmenschen selbstverst\u00e4ndlich eingeschr\u00e4nkt wird. Wer denn wissen will, was das Land Hessen unter unserem eigenverantwortlichen Handeln versteht, dem sei die Internetseite <a href=\"https:\/\/hessen.de\/handeln\/corona-in-hessen\">&#8222;corona-in-hessen&#8220;<\/a> zum Nachlesen empfohlen. Bleibt gesund!<br \/>\nNebenbei:<br \/>\nDie neue Verordnung hei\u00dft nun <a href=\"https:\/\/hessen.de\/handeln\/corona-in-hessen\">&#8222;Verordnung zum Basisschutz der Bev\u00f6lkerung vor Infektionen mit dem SARS-CoV-2-Virus (Coronavirus-Basisschutzma\u00dfnahmenverordnung &#8211; CoBaSchuV -)&#8220;<\/a> <\/p>\n<p>Es hie\u00dfe schon im Aristophanischen Sinne <a href=\"https:\/\/de.wikipedia.org\/wiki\/Eulen_nach_Athen_tragen\">&#8222;Eulen nach Athen tragen&#8220;<\/a>, wenn wir en D\u00e9tail den Streckenverlauf mit all seinen landschaftlichen, kulturellen und historischen Merkw\u00fcrdigkeiten beschreiben w\u00fcrden. Letztmalig haben wir eine fast identische Tour im Juli letzten Jahres zum <a href=\"https:\/\/www.rc03-ilbenstadt.de\/?p=9893\">Kloster Arnsburg<\/a> erfahren. Dieses Mal &#8222;streifen&#8220; wir Kloster Arnsburg und fahren weiter nach Lich, wo auf dem historischen Rathausplatz eine ausgezeichnete Gelegenheit f\u00fcr eine Rast auf uns wartet. Ich tippe hier auf <a href=\"https:\/\/relaunch2014.cafegoebel.de\/cafe-goebel-lich\/\">Kaffee und Kuchen<\/a> &#8230;<br \/>\nDoch was erwartet uns in <a href=\"https:\/\/de.wikipedia.org\/wiki\/Lich\">Lich<\/a> au\u00dfer einem h\u00fcbschen historischen Stadtkern und der Licher Brauerei? Hat uns die Geschichte, beginnend mit den Neandertalern vor \u00fcber 100.000 Jahren v. Chr. Bemerkenswertes hinterlassen? Ist es die besondere Lage des St\u00e4dtchens auf Wetterauer und Vogelsberger Terrain sowie einer ehemaligen Furt durch die Wetter? Nein, wir schlagen einen Bogen von der griechischen Mythologie \u00fcber Ilbenstadt bis hin nach Lich. <\/p>\n<p>Ziegenf\u00fc\u00dfe, H\u00f6rner und Bart bei einem Neugeborenen? In panischem Schrecken verlie\u00df die Mutter ihr Kind, das vom G\u00f6tterboten Hermes in Obhut genommen und auf den Olymp gebracht wurde. Doch hier wurde es auch nicht geduldet. Wom\u00f6glich hat G\u00f6ttervater Zeus in diesem Gesch\u00f6pf, einem Satyr, den zuk\u00fcnftig woll\u00fcstigen, ausschweifend lebenden und Nymphen jagenden Konkurrenten gesehen und ihn zu irdischem Leben verdonnert, das er ausnahmsweise als Gott dann auch auf der Erde aushauchen durfte. Eine gejagte Nymphe verwandelte sich in ein Schilfrohr, das im Wind klagende T\u00f6ne \u00fcber die Wellen schickte. <a href=\"https:\/\/de.wikipedia.org\/wiki\/Pan_(Mythologie)\">Pan<\/a>, so hie\u00df der J\u00e4ger, brach das Schilfrohr, band es zu einer 7-pfeifigen Fl\u00f6te und hatte das Objekt seiner Begierde in der Hand und konnte je nach Stimmung mit &#8222;ihr&#8220; kommunizieren.<br \/>\nPan, auch ein Gott der Hirten, wir n\u00e4hern uns wieder Lich, h\u00e4tte auch Schafhaltern und Hirten der Wetterau Schutz und Lebensfreude gew\u00e4hrt. Darunter sicher auch dem Sohn des Stadtsch\u00e4fers Conrad F\u00f6rster, dem Johann-Georg F\u00f6rster, der nach Schreiner- und Orgelbauerlehre 1842 in Lich einen Orgelbaubetrieb gr\u00fcndete, der noch heute aktiv ist, Orgeln restauriert, neu baut und wartet. Aktuell werden rund 1.400 Orgeln betreut, davon 900 mit Wartungsvertr\u00e4gen. Nat\u00fcrlich, auch die Ilbenst\u00e4dter <a href=\"https:\/\/www.foerster-nicolaus-orgelbau.de\/restaurierungen\/aktuelles-projekt\/\">Onymus-Orgel<\/a> von 1735 wurde von <a href=\"https:\/\/www.foerster-nicolaus-orgelbau.de\/restaurierungen\/referenzen\/\">F\u00f6rster &#038; Nicolaus<\/a> aus Lich restauriert.<br \/>\nOrgelbau in Lich. Dazu geh\u00f6rt noch die <a href=\"https:\/\/www.ottoheuss.de\/lich-und-seine-orgelbau-tradition\/\">Firma Heuss<\/a>, die Orgelteile aller Art in alle Welt verkauft.<br \/>\nSo schlie\u00dft sich der Kreis vom pfeifenden Hirtengott bis hin zu den Licher Orgelbauern, die auch in der Ilbenst\u00e4dter Basilika zum Erhalt des Wohlklanges ihren Beitrag geleistet haben. <\/p>\n<p>Dieser Exkurs bringt uns zwar auf dem Rad nicht weiter, doch hat er &#8211; so hoffe ich &#8211; wieder eine Facette unserer heimischen Region erschlossen.<br \/>\nNach der Rast geht es wieder Richtung Wickstadt. Vorbei am Barbarasee, den noch immer die Sachsen f\u00fcr sich reklamieren, weiter \u00fcber den unteren Knappensee zum Pfaffensee bis hin zum Bergwerkssee, dem Sorgenkind der Reichelsheimer, geht die unbeschwerte R\u00fcckfahrt bevor die Gruppe auseinandergeht.<\/p>\n<p>Diese Erlebnistour \u00fcber 74 Kilometer ist sanft wellig mit wenigen punktuellen Herausforderungen. 439 H\u00f6henmeter werden am Ende in der Summe bew\u00e4ltigt sein. Welches Rad sollte hier bewegt werden? Das ist egal, alles was gut rollt, ist auf dieser Strecke zu Hause. Ein Rennrad sollte man lieber zuhause lassen, wenn es nicht f\u00fcr Paris-Roubaix optimiert ist.<\/p>\n<p>Haben wir Euer Interesse geweckt? Wir freuen uns auf eine rege Teilnahme.<br \/>\nErwin Loscher ist f\u00fcr R\u00fcckfragen und Voranmeldungen unter der Telefonnummer 01512 02 30 745 erreichbar.<\/p>\n<p>F\u00fcr das Radwanderteam<\/p>\n<p>Wilhelm Schr\u00f6der<br \/>\nFachbereichsleiter \u00d6ffentlichkeitsarbeit und Sport (RTF\/CTF)<\/p>\n<p>Streckendownload f\u00fcr Navigationsger\u00e4te (Langer Dateiname):<br \/>\n<a href=\"https:\/\/rc03-ilbenstadt.de\/GPX\/GPX-RW\/RC03_RW_220509_Wickstadt_Lich_Wickstadt.gpx\">&#8222;Wickstadt &#8211; Kloster Arnsburg &#8211; Lich &#8211; Wickstadt&#8220;<\/a><br \/>\nStreckendownload f\u00fcr Navigationsger\u00e4te (Kurzer Dateiname):<br \/>\n<a href=\"https:\/\/rc03-ilbenstadt.de\/GPX\/GPX-RW\/RC03_RW_74km_220509.gpx\">&#8222;Wickstadt &#8211; Kloster Arnsburg &#8211; Lich &#8211; Wickstadt&#8220;<\/a><\/p>\n<p><a href=\"http:\/\/umap.openstreetmap.fr\/de\/map\/rc03_rw_220509_wickstadt_lich_wickstadt_758446#11\/50.4370\/8.8210\" target=\"_blank\" rel=\"noopener\">Zur Radwanderstrecke &#8222;Wickstadt &#8211; Kloster Arnsburg &#8211; Lich &#8211; Wickstadt&#8220;<br \/>\n(Vollbildanzeige):<\/a><br \/>\n<iframe loading=\"lazy\" width=\"200%\" height=\"300px\" frameborder=\"0\" allowfullscreen src=\"\/\/umap.openstreetmap.fr\/de\/map\/rc03_rw_220509_wickstadt_lich_wickstadt_758446?scaleControl=true&#038;miniMap=false&#038;scrollWheelZoom=true&#038;zoomControl=true&#038;allowEdit=false&#038;moreControl=true&#038;searchControl=true&#038;tilelayersControl=true&#038;embedControl=true&#038;datalayersControl=true&#038;onLoadPanel=undefined&#038;captionBar=false&#038;fullscreenControl=true&#038;measureControl=true\"><\/iframe><\/p>\n","protected":false},"excerpt":{"rendered":"<p>Liebe Mitglieder und Freunde des RC 03 Ilbenstadt, das Wetter k\u00f6nnte nicht besser sein: Strahlend blauer Himmel, Sonne satt und bis zu 23\u00b0 Celsius. Wer will sich da beschweren? Unser Radwanderfachwart Erwin Loscher l\u00e4dt herzlich zur Radwanderung Kloster Arnsburg und &hellip; <a href=\"https:\/\/www.rc03-ilbenstadt.de\/?p=10748\">Weiterlesen <span class=\"meta-nav\">&rarr;<\/span><\/a><\/p>\n","protected":false},"author":9,"featured_media":10165,"comment_status":"closed","ping_status":"closed","sticky":false,"template":"","format":"standard","meta":{"_crdt_document":"","footnotes":""},"categories":[1],"tags":[],"class_list":["post-10748","post","type-post","status-publish","format-standard","has-post-thumbnail","hentry","category-allgemein"],"_links":{"self":[{"href":"https:\/\/www.rc03-ilbenstadt.de\/index.php?rest_route=\/wp\/v2\/posts\/10748","targetHints":{"allow":["GET"]}}],"collection":[{"href":"https:\/\/www.rc03-ilbenstadt.de\/index.php?rest_route=\/wp\/v2\/posts"}],"about":[{"href":"https:\/\/www.rc03-ilbenstadt.de\/index.php?rest_route=\/wp\/v2\/types\/post"}],"author":[{"embeddable":true,"href":"https:\/\/www.rc03-ilbenstadt.de\/index.php?rest_route=\/wp\/v2\/users\/9"}],"replies":[{"embeddable":true,"href":"https:\/\/www.rc03-ilbenstadt.de\/index.php?rest_route=%2Fwp%2Fv2%2Fcomments&post=10748"}],"version-history":[{"count":5,"href":"https:\/\/www.rc03-ilbenstadt.de\/index.php?rest_route=\/wp\/v2\/posts\/10748\/revisions"}],"predecessor-version":[{"id":10762,"href":"https:\/\/www.rc03-ilbenstadt.de\/index.php?rest_route=\/wp\/v2\/posts\/10748\/revisions\/10762"}],"wp:featuredmedia":[{"embeddable":true,"href":"https:\/\/www.rc03-ilbenstadt.de\/index.php?rest_route=\/wp\/v2\/media\/10165"}],"wp:attachment":[{"href":"https:\/\/www.rc03-ilbenstadt.de\/index.php?rest_route=%2Fwp%2Fv2%2Fmedia&parent=10748"}],"wp:term":[{"taxonomy":"category","embeddable":true,"href":"https:\/\/www.rc03-ilbenstadt.de\/index.php?rest_route=%2Fwp%2Fv2%2Fcategories&post=10748"},{"taxonomy":"post_tag","embeddable":true,"href":"https:\/\/www.rc03-ilbenstadt.de\/index.php?rest_route=%2Fwp%2Fv2%2Ftags&post=10748"}],"curies":[{"name":"wp","href":"https:\/\/api.w.org\/{rel}","templated":true}]}}