{"id":10765,"date":"2022-06-09T15:07:00","date_gmt":"2022-06-09T13:07:00","guid":{"rendered":"https:\/\/www.rc03-ilbenstadt.de\/?p=10765"},"modified":"2022-06-09T22:20:25","modified_gmt":"2022-06-09T20:20:25","slug":"10765","status":"publish","type":"post","link":"https:\/\/www.rc03-ilbenstadt.de\/?p=10765","title":{"rendered":"Ilbenst\u00e4dter Radtouren<br>Radwanderung<br> &#8222;Auentour mit Keltenf\u00fcrstrunde&#8220;<br><br>am Freitag, den 10. Juni 2022<br><br>Endlich wieder im Sattel"},"content":{"rendered":"<p><strong>Liebe Mitglieder und Freunde des RC 03 Ilbenstadt,<\/strong><\/p>\n<p>unser Radwanderfachwart ist wieder genesen und voller Tatendrang. Mit allen Sinnen f\u00fchlt er sich in das aktuelle Wettergeschehen ein und hat den morgigen Freitag zum Radwandertag der Woche erkoren. Er l\u00e4dt ein zum<\/p>\n<p><strong>Start am Freitagtag, dem 10. Juni 2022 <\/strong><br \/>\n<strong>um 10:00 Uhr an der Wickst\u00e4dter Niddabr\u00fccke und<br \/>\num 10:30 Uhr am Sauerbrunnen am Rande Stadens<\/strong><\/p>\n<p>Die Hygiene- und Abstandsregeln des RC 03 Ilbenstadt, abgestimmt f\u00fcr das Radwandern sind mittlerweile obsolet. <!--more--> Die politisch Verantwortlichen haben entschieden, dass schwerwiegende Gesundheitsgefahren durch das SARS-Cov-II-Virus  generell nicht mehr drohen. Die Mehrheit ist geimpft und dar\u00fcber hinaus ist sie mit einem Vernunftpotential ausgestattet, aus dem heraus eigenverantwortlich eine gute Pr\u00e4vention folgt. Das hei\u00dft, dass an den entscheidenden Stellen Abstand gehalten und\/oder eine geeignete Maske getragen sowie bei eigener Neigung zur &#8222;Triefnase&#8220; der Kontakt zu Mitmenschen selbstverst\u00e4ndlich eingeschr\u00e4nkt wird. Wer denn wissen will, was das Land Hessen unter unserem eigenverantwortlichen Handeln versteht, dem sei die Internetseite <a href=\"https:\/\/hessen.de\/handeln\/corona-in-hessen\">&#8222;corona-in-hessen&#8220;<\/a> zum Nachlesen empfohlen. Bleibt gesund!<br \/>\nNebenbei:<br \/>\nDie immer noch neue und vermutlich kaum gelesene Verordnung hei\u00dft nun <a href=\"https:\/\/hessen.de\/handeln\/corona-in-hessen\">&#8222;Verordnung zum Basisschutz der Bev\u00f6lkerung vor Infektionen mit dem SARS-CoV-2-Virus (Coronavirus-Basisschutzma\u00dfnahmenverordnung &#8211; CoBaSchuV -)&#8220;<\/a> <\/p>\n<p>Es ist lange her. Die letzte Einladung zu einer Radwanderung schrieb ich zum 9. Mai, der Tour zum Kloster Arnsburg. Die Einleitung zur Streckenbeschreibung lautete seinerzeit:<br \/>\n&#8222;Es hie\u00dfe schon im Aristophanischen Sinne <a href=\"https:\/\/de.wikipedia.org\/wiki\/Eulen_nach_Athen_tragen\">&#8222;Eulen nach Athen tragen&#8220;<\/a>, wenn wir en D\u00e9tail den Streckenverlauf mit all seinen landschaftlichen, kulturellen und historischen Merkw\u00fcrdigkeiten beschreiben w\u00fcrden.&#8220;<br \/>\nNun, der Satz war nicht schlecht, drum muss er zur Zweitverwendung antreten. Alle Streckenteile sind uns bestens bekannt. Die Nidda hoch bis Staden, \u00fcber Nieder-Mockstadt nach Heegheim und Glauberg ins Niddertal, r\u00fcber nach Stockheim, dann l\u00e4ngs des Bleichenbaches in die dazugeh\u00f6rige Gemeinde. Ab dort fahren wir parallel zum Kleinen Bach nach Aulendiebach. Hier halten wir inne.<br \/>\nHat sich noch niemand des Ortsnamens angenommen? Was soll der Welt hier mitgeteilt werden? Da sind wir wieder bei den eingangs erw\u00e4hnten Eulen. &#8222;Uhl&#8220; ein Wetterauer Laut, der diesen Vogel &#8222;malerisch&#8220; beschreibt, k\u00f6nnte im Aulendiebacher Ortsnamen verwurstet sein. So f\u00fchrt auch ein Wetterauer Apfelweinhersteller die Eule als Firmenzeichen. Doch wir sind auf der falschen Spur. Wikipedia beschreibt <a href=\"https:\/\/de.wikipedia.org\/wiki\/Aulendiebach\">Aulendiebach<\/a> als altes T\u00f6pferdorf und leitet &#8222;Aul&#8220;, mitunter auch &#8222;ul&#8220; von der Bezeichnung eines Topfes ab, f\u00fcgt &#8222;Diet&#8220; als Bezeichnung f\u00fcr Volk an, verlegt das ganze an einen Bach und fertig ist Aulendiebach. Eine interessante Herleitung. Aus welchem sprachlichem Zweig die Begriffe stammen, l\u00e4sst Wikipedia mal offen. F\u00fcr uns eine tolle Gelegenheiten, der Phantasie freien Lauf zu lassen. Bevor sich die T\u00f6pferkunst im Ortsnamen festsetzte, sprach man am 6. August 1272 von &#8222;Catzendypach&#8220; Aber das eine muss das andere nicht ausschlie\u00dfen. Wer mal den Weg zu mir nach Dorheim findet, kann im Hof eine tolle Tonkatze bewundern, deren R\u00fccken als Pflanzgef\u00e4\u00df f\u00fcr Lavendel dient. Was aus dieser Kombination sprachlich wohl werden wird?<\/p>\n<p>Wie immer bringt uns auch dieser Exkurs sportlich nicht weiter. Hier m\u00fcssen wir selbst die Kettenbl\u00e4tter rotieren lassen. Von B\u00fcches aus begleitet uns, nicht immer in Sichtweite, der Seemenbach nach D\u00fcdelsheim und Lindheim, wo er sich der Nidder \u00fcbergibt. Wir folgen diesen Wassern, jetzt unter dem Namen Nidder gef\u00fchrt, in der gro\u00dffl\u00e4chigen Auenlandschaft bis nach H\u00f6chst. Wir biegen nun in n\u00f6rdliche Richtung in den Wald ein, in dessen wohltuender K\u00fchle wir fast Wickstadt erreichen.<\/p>\n<p>Den Keltenf\u00fcrsten haben wir diesmal nicht besucht, die Anh\u00f6he nicht gest\u00fcrmt. Es soll dieses Mal ausreichen, ihn umrundet, vielleicht schwindelig gefahren zu haben. <\/p>\n<p>Diese Erlebnistour \u00fcber 50 Kilometer ist sanft wellig mit wenigen punktuellen Herausforderungen. 393 H\u00f6henmeter werden am Ende in der Summe bew\u00e4ltigt sein. Welches Rad sollte hier bewegt werden? Das ist egal, alles was gut rollt, ist auf dieser Strecke zu Hause. Ein Rennrad sollte man lieber zuhause lassen, wenn es nicht f\u00fcr Paris-Roubaix optimiert ist.<\/p>\n<p>Haben wir Euer Interesse geweckt? Wir freuen uns auf eine rege Teilnahme.<br \/>\nErwin Loscher ist f\u00fcr R\u00fcckfragen und Voranmeldungen unter der Telefonnummer 01512 02 30 745 erreichbar.<\/p>\n<p>F\u00fcr das Radwanderteam<\/p>\n<p>Wilhelm Schr\u00f6der<br \/>\nFachbereichsleiter \u00d6ffentlichkeitsarbeit und Sport (RTF\/CTF)<\/p>\n<p>Streckendownload f\u00fcr Navigationsger\u00e4te (Langer Dateiname):<br \/>\n<a href=\"https:\/\/rc03-ilbenstadt.de\/GPX\/GPX-RW\/RC03_RW_220610_Wickstadt_Keltenf\u00fcrstrunde.gpx\">&#8222;Wickstadt &#8211; Auentour mit Keltenf\u00fcrstrunde&#8220;<\/a><br \/>\nStreckendownload f\u00fcr Navigationsger\u00e4te (Kurzer Dateiname):<br \/>\n<a href=\"https:\/\/rc03-ilbenstadt.de\/GPX\/GPX-RW\/RC03_RW_50km_220610.gpx\">&#8222;Wickstadt &#8211; Auentour mit Keltenf\u00fcrstrunde&#8220;<\/a><\/p>\n<p><a href=\"http:\/\/umap.openstreetmap.fr\/de\/map\/rc03_rw_220610_wickstadt_keltenfurstrunde_774708\" target=\"_blank\" rel=\"noopener\">Zur Radwanderstrecke &#8222;Wickstadt &#8211; Auentour mit Keltenf\u00fcrstrunde&#8220;<br \/>\n(Vollbildanzeige):<\/a><br \/>\n<iframe loading=\"lazy\" width=\"200%\" height=\"300px\" frameborder=\"0\" allowfullscreen src=\"\/\/umap.openstreetmap.fr\/de\/map\/rc03_rw_220610_wickstadt_keltenfurstrunde_774708?scaleControl=true&#038;miniMap=false&#038;scrollWheelZoom=true&#038;zoomControl=true&#038;allowEdit=false&#038;moreControl=true&#038;searchControl=true&#038;tilelayersControl=true&#038;embedControl=null&#038;datalayersControl=true&#038;onLoadPanel=undefined&#038;captionBar=false&#038;fullscreenControl=true&#038;measureControl=true\"><\/iframe><\/p>\n","protected":false},"excerpt":{"rendered":"<p>Liebe Mitglieder und Freunde des RC 03 Ilbenstadt, unser Radwanderfachwart ist wieder genesen und voller Tatendrang. Mit allen Sinnen f\u00fchlt er sich in das aktuelle Wettergeschehen ein und hat den morgigen Freitag zum Radwandertag der Woche erkoren. Er l\u00e4dt ein &hellip; <a href=\"https:\/\/www.rc03-ilbenstadt.de\/?p=10765\">Weiterlesen <span class=\"meta-nav\">&rarr;<\/span><\/a><\/p>\n","protected":false},"author":9,"featured_media":10165,"comment_status":"closed","ping_status":"closed","sticky":false,"template":"","format":"standard","meta":{"_crdt_document":"","footnotes":""},"categories":[1],"tags":[],"class_list":["post-10765","post","type-post","status-publish","format-standard","has-post-thumbnail","hentry","category-allgemein"],"_links":{"self":[{"href":"https:\/\/www.rc03-ilbenstadt.de\/index.php?rest_route=\/wp\/v2\/posts\/10765","targetHints":{"allow":["GET"]}}],"collection":[{"href":"https:\/\/www.rc03-ilbenstadt.de\/index.php?rest_route=\/wp\/v2\/posts"}],"about":[{"href":"https:\/\/www.rc03-ilbenstadt.de\/index.php?rest_route=\/wp\/v2\/types\/post"}],"author":[{"embeddable":true,"href":"https:\/\/www.rc03-ilbenstadt.de\/index.php?rest_route=\/wp\/v2\/users\/9"}],"replies":[{"embeddable":true,"href":"https:\/\/www.rc03-ilbenstadt.de\/index.php?rest_route=%2Fwp%2Fv2%2Fcomments&post=10765"}],"version-history":[{"count":4,"href":"https:\/\/www.rc03-ilbenstadt.de\/index.php?rest_route=\/wp\/v2\/posts\/10765\/revisions"}],"predecessor-version":[{"id":10769,"href":"https:\/\/www.rc03-ilbenstadt.de\/index.php?rest_route=\/wp\/v2\/posts\/10765\/revisions\/10769"}],"wp:featuredmedia":[{"embeddable":true,"href":"https:\/\/www.rc03-ilbenstadt.de\/index.php?rest_route=\/wp\/v2\/media\/10165"}],"wp:attachment":[{"href":"https:\/\/www.rc03-ilbenstadt.de\/index.php?rest_route=%2Fwp%2Fv2%2Fmedia&parent=10765"}],"wp:term":[{"taxonomy":"category","embeddable":true,"href":"https:\/\/www.rc03-ilbenstadt.de\/index.php?rest_route=%2Fwp%2Fv2%2Fcategories&post=10765"},{"taxonomy":"post_tag","embeddable":true,"href":"https:\/\/www.rc03-ilbenstadt.de\/index.php?rest_route=%2Fwp%2Fv2%2Ftags&post=10765"}],"curies":[{"name":"wp","href":"https:\/\/api.w.org\/{rel}","templated":true}]}}