{"id":10770,"date":"2022-06-16T00:47:27","date_gmt":"2022-06-15T22:47:27","guid":{"rendered":"https:\/\/www.rc03-ilbenstadt.de\/?p=10770"},"modified":"2022-06-16T01:41:12","modified_gmt":"2022-06-15T23:41:12","slug":"ilbenstaedter-radtourenradwanderung-von-wickstadt-nach-seligenstadtam-freitag-den-17-juni-2022unrecht-gut-gedeihet-nicht-die-reliquien-seligenstadts","status":"publish","type":"post","link":"https:\/\/www.rc03-ilbenstadt.de\/?p=10770","title":{"rendered":"Ilbenst\u00e4dter Radtouren<br>Radwanderung<br> &#8222;Von Wickstadt nach Seligenstadt&#8220;<br><br>am Freitag, den 17. Juni 2022<br><br>Unrecht Gut gedeihet, nicht? Die Reliquien Seligenstadts"},"content":{"rendered":"<p><strong>Liebe Mitglieder und Freunde des RC 03 Ilbenstadt,<\/strong><\/p>\n<p>unser Radwanderfachwart hat zur Zeit keine Schwierigkeiten mit der Wetterprognose. Einzig bleibt die Herausforderung die aktuelle Temperatur im Schatten und in der prallen Sonne vorherzusagen. Doch hier dr\u00fcckt sich Erwin mit der pauschalen Feststellung, dass es zu hei\u00df ist und sucht f\u00fcr die Radtour m\u00f6glichst waldreiche Gebiete  aus. So l\u00e4dt er  nach Seligenstadt ein:<\/p>\n<p><strong>Start am Freitagtag, dem 17. Juni 2022 <\/strong><br \/>\n<strong>um 09:30 Uhr an der Wickst\u00e4dter Niddabr\u00fccke <\/strong><\/p>\n<p><strong>Die Coronawelle nimmt wieder Fahrt auf, begleitet von einer Hitzewelle. Denkt auch an Euren <a href=\"https:\/\/www.rc03-ilbenstadt.de\/?page_id=9875\" target=\"_blank\" rel=\"noopener\">Sonnenschutz!<\/a> <\/strong><br \/>\nDie Hygiene- und Abstandsregeln des RC 03 Ilbenstadt, abgestimmt f\u00fcr das Radwandern sind mittlerweile obsolet. <!--more--> Die politisch Verantwortlichen haben entschieden, dass schwerwiegende Gesundheitsgefahren durch das SARS-Cov-II-Virus  generell nicht mehr drohen. Die Mehrheit ist geimpft und dar\u00fcber hinaus ist sie mit einem Vernunftpotential ausgestattet, aus dem heraus eigenverantwortlich eine gute Pr\u00e4vention folgt. Das hei\u00dft, dass an den entscheidenden Stellen Abstand gehalten und\/oder eine geeignete Maske getragen sowie bei eigener Neigung zur &#8222;Triefnase&#8220; der Kontakt zu Mitmenschen selbstverst\u00e4ndlich eingeschr\u00e4nkt wird. Wer denn wissen will, was das Land Hessen unter unserem eigenverantwortlichen Handeln versteht, dem sei die Internetseite <a href=\"https:\/\/hessen.de\/handeln\/corona-in-hessen\">&#8222;corona-in-hessen&#8220;<\/a> zum Nachlesen empfohlen. Bleibt gesund!<br \/>\nNebenbei:<br \/>\nDie immer noch neue und vermutlich kaum gelesene Verordnung hei\u00dft nun <a href=\"https:\/\/hessen.de\/handeln\/corona-in-hessen\">&#8222;Verordnung zum Basisschutz der Bev\u00f6lkerung vor Infektionen mit dem SARS-CoV-2-Virus (Coronavirus-Basisschutzma\u00dfnahmenverordnung &#8211; CoBaSchuV -)&#8220;<\/a> <\/p>\n<p>Nach dem Start an der Wickst\u00e4dter Niddabr\u00fccke richten wir das Vorderrad nach Eichen aus. Der k\u00fchle Hessenwald nimmt uns auf, in dem sich einige H\u00fcgelgr\u00e4ber befinden, die uns, sollten wir uns einem n\u00e4heren, sicherlich nicht als Grabst\u00e4tte ins Auge springen. Von Eichen sind es bis Mark\u00f6bel\/Hammersbach nur ein paar Katzenspr\u00fcnge und wir nehmen den Limesradweg unter die R\u00e4der, dem wir bis Gro\u00df-Krotzenburg folgen. Mainaufw\u00e4rts nutzen wir ein kurzes St\u00fcck den Kulturradweg Kurmainzer Herz, bevor mit der F\u00e4hre nach Seligenstadt \u00fcbergesetzt wird.<br \/>\nDas historische St\u00e4dtchen ist mit seinen Fachwerkh\u00e4usern, zahlreichen historischen Bauten und dem Klostergel\u00e4nde eine Augenweide, ein unvergleichliches Ambiente umf\u00e4ngt uns. Davon berichtet die Stadt stolz auf ihrer <a href=\"https:\/\/www.seligenstadt.de\/tourismus\/ueber-seligenstadt\/\">Homepage<\/a>. Sie nennt sich Einhardstadt, weil dieser Berater Karls des Gro\u00dfen, Laienabt vieler Kl\u00f6ster, Bauleiter der Mainzer Rheinbr\u00fccke und einigen Kaiserpfalzen, aus Dankbarkeit f\u00fcr seine Dienste Seligenstadt, zuvor Obermulinheim, 815 von Ludwig dem Frommen zum Geschenk erhielt. Sicherlich erwartete der Fromme auch einen R\u00fcckfluss in Form von Steuern, Abgaben und vielen Dingen mehr. Jetzt zum Namen Seligenstadts. Einhard hatte viele Talente und offenbar war ihm auch der Diebstahl nicht fremd. Er fuhr nach Rom, um sich um die Reliquien der <a href=\"https:\/\/de.wikipedia.org\/wiki\/Petrus_und_Marcellinus\" target=\"_blank\" rel=\"noopener noreferrer\">Heiligen M\u00e4rtyrer Marcellinus und Petrus<\/a> zu &#8222;bem\u00fchen&#8220;. W\u00e4hrend die einen von einem wertfreien Verbringen der Gebeine von Rom nach Steinbach-Michelbach und dann weiter nach Obermulinheim sprachen, so die <a href=\"https:\/\/www.vaticannews.va\/de\/tagesheiliger\/06\/02\/hl--marcellinus--priester--und-petrus--exorzist--beide-maertyrer.html\" target=\"_blank\" rel=\"noopener noreferrer\">Vatican News<\/a>, sprachen andere klar von Diebstahl (<a href=\"http:\/\/www.kathpedia.com\/index.php\/Marcellinus_und_Petrus\" target=\"_blank\" rel=\"noopener noreferrer\">KathPedia<\/a>, Wikipedia: <a href=\"https:\/\/de.wikipedia.org\/wiki\/Einhard\" target=\"_blank\" rel=\"noopener noreferrer\">Einhard<\/a>, <a href=\"https:\/\/de.wikipedia.org\/wiki\/Petrus_und_Marcellinus\" target=\"_blank\" rel=\"noopener noreferrer\">Petrus und Marellinus<\/a> und <a href=\"https:\/\/de.wikipedia.org\/wiki\/Seligenstadt\" target=\"_blank\" rel=\"noopener noreferrer\">Seligenstadt<\/a>. Schwer daneben lag wohl 1902 der Kapuzinerordenspriester Wilhelm Auer in seiner <a href=\"https:\/\/katholischglauben.info\/die-heiligen-maertyrer-petrus-und-marcellinus\/\" target=\"_blank\" rel=\"noopener noreferrer\">Heiligenlegende<\/a>, der folgende Feststellung traf: &#8222;Ihre Reliquien schenkte Papst Gregor IV. dem Geheimschreiber des Kaisers Karl d. Gr. Eginhard, welcher dieselben von Rom nach Stra\u00dfburg \u00fcberbringen lie\u00df.&#8220; Obermulinheim das neue Stra\u00dfburg? Falls der Papst die Schenkung veranlasste, w\u00e4re er mindestens genauso Straft\u00e4ter und Schlitzohr wie Einhard gewesen. Hochkar\u00e4tige Reliquien waren seinerzeit Gelddruckmaschinen, l\u00f6sten sie doch Wallfahrten aus, mehrten den Reichtum der Reliquienbewahrer und -aussteller durch religi\u00f6sen Tourismus und dem Einsammeln von Spenden. So etwas gibt wohl keiner freiwillig aus der Hand.<br \/>\nNun ja, mit den Reliquien war es dann an der Zeit aus Obermulinheim (Oberm\u00fchlheim) ein Seligenstadt zu machen; der Name spricht f\u00fcr sich. Es gibt aber noch eine andere Legende zur Namensgebung, in die Kaiser Karl der Gro\u00dfe h\u00f6chstpers\u00f6nlich verwickelt gewesen sein sollte. St\u00f6bert sie auf.<\/p>\n<p>Neben geschichtlicher Besinnung, dem Genuss von Stadtbild und Aufnahme des Flairs von Seligenstadt, war der Radlerschar auch eine Rast mit Einkehr m\u00f6glich. Frisch gest\u00e4rkt wird mainabw\u00e4rts geradelt, bei Steinheim \u00fcber die Br\u00fccke nach Hanau gewechselt und im nahen Hauptbahnhof der Zug nach Assenheim bestiegen (9 EUR-Ticket!); die Erholungsphase beginnt noch in der Vorw\u00e4rtsbewegung &#8230;<\/p>\n<p>Diese Genusstour \u00fcber verkehrsarmes und abwechslungsreiches Terrain mit guten Rad- und Wirtschaftswegen wird etwa 61 Kilometer lang sein. 352 H\u00f6henmeter sind zu meistern.<br \/>\nF\u00fcr die Teilnehmer fallen Kosten f\u00fcr die Mainf\u00e4hre und die Bahnfahrt an.<br \/>\nWelches Rad sollte hier bewegt werden? Das ist egal, alles was gut rollt, ist auf dieser Strecke zu Hause. Ein Rennrad sollte man lieber zuhause lassen, wenn es nicht f\u00fcr Paris-Roubaix optimiert ist.<\/p>\n<p>Haben wir Euer Interesse geweckt? Wir freuen uns auf eine rege Teilnahme.<br \/>\nErwin Loscher ist f\u00fcr R\u00fcckfragen und Voranmeldungen unter der Telefonnummer 01512 02 30 745 erreichbar.<\/p>\n<p>F\u00fcr das Radwanderteam<\/p>\n<p>Wilhelm Schr\u00f6der<br \/>\nFachbereichsleiter \u00d6ffentlichkeitsarbeit und Sport (RTF\/CTF)<\/p>\n<p>Streckendownload f\u00fcr Navigationsger\u00e4te (Langer Dateiname):<br \/>\n<a href=\"https:\/\/rc03-ilbenstadt.de\/GPX\/GPX-RW\/RC03_RW_220617_Wickstadt_Seligenstadt.gpx\">&#8222;Wickstadt &#8211; Seligenstadt&#8220;<\/a><br \/>\nStreckendownload f\u00fcr Navigationsger\u00e4te (Kurzer Dateiname):<br \/>\n<a href=\"https:\/\/rc03-ilbenstadt.de\/GPX\/GPX-RW\/RC03_RW_50km_220610.gpx\">&#8222;Wickstadt &#8211; Seligenstadt&#8220;<\/a><\/p>\n<p><a href=\"http:\/\/umap.openstreetmap.fr\/de\/map\/rc03_rw_220617_wickstadt_seligenstadt_hu_777340\" target=\"_blank\" rel=\"noopener\">Zur Radwanderstrecke &#8222;Wickstadt &#8211; Seligenstadt&#8220;<br \/>\n(Vollbildanzeige):<\/a><br \/>\n<iframe loading=\"lazy\" width=\"200%\" height=\"300px\" frameborder=\"0\" allowfullscreen src=\"\/\/umap.openstreetmap.fr\/de\/map\/rc03_rw_220617_wickstadt_seligenstadt_hu_777340?scaleControl=true&#038;miniMap=false&#038;scrollWheelZoom=true&#038;zoomControl=true&#038;allowEdit=false&#038;moreControl=true&#038;searchControl=true&#038;tilelayersControl=true&#038;embedControl=true&#038;datalayersControl=true&#038;onLoadPanel=undefined&#038;captionBar=false&#038;fullscreenControl=true&#038;measureControl=true\"><\/iframe><\/p>\n","protected":false},"excerpt":{"rendered":"<p>Liebe Mitglieder und Freunde des RC 03 Ilbenstadt, unser Radwanderfachwart hat zur Zeit keine Schwierigkeiten mit der Wetterprognose. Einzig bleibt die Herausforderung die aktuelle Temperatur im Schatten und in der prallen Sonne vorherzusagen. Doch hier dr\u00fcckt sich Erwin mit der &hellip; <a href=\"https:\/\/www.rc03-ilbenstadt.de\/?p=10770\">Weiterlesen <span class=\"meta-nav\">&rarr;<\/span><\/a><\/p>\n","protected":false},"author":9,"featured_media":10165,"comment_status":"closed","ping_status":"closed","sticky":false,"template":"","format":"standard","meta":{"_crdt_document":"","footnotes":""},"categories":[1],"tags":[],"class_list":["post-10770","post","type-post","status-publish","format-standard","has-post-thumbnail","hentry","category-allgemein"],"_links":{"self":[{"href":"https:\/\/www.rc03-ilbenstadt.de\/index.php?rest_route=\/wp\/v2\/posts\/10770","targetHints":{"allow":["GET"]}}],"collection":[{"href":"https:\/\/www.rc03-ilbenstadt.de\/index.php?rest_route=\/wp\/v2\/posts"}],"about":[{"href":"https:\/\/www.rc03-ilbenstadt.de\/index.php?rest_route=\/wp\/v2\/types\/post"}],"author":[{"embeddable":true,"href":"https:\/\/www.rc03-ilbenstadt.de\/index.php?rest_route=\/wp\/v2\/users\/9"}],"replies":[{"embeddable":true,"href":"https:\/\/www.rc03-ilbenstadt.de\/index.php?rest_route=%2Fwp%2Fv2%2Fcomments&post=10770"}],"version-history":[{"count":5,"href":"https:\/\/www.rc03-ilbenstadt.de\/index.php?rest_route=\/wp\/v2\/posts\/10770\/revisions"}],"predecessor-version":[{"id":10776,"href":"https:\/\/www.rc03-ilbenstadt.de\/index.php?rest_route=\/wp\/v2\/posts\/10770\/revisions\/10776"}],"wp:featuredmedia":[{"embeddable":true,"href":"https:\/\/www.rc03-ilbenstadt.de\/index.php?rest_route=\/wp\/v2\/media\/10165"}],"wp:attachment":[{"href":"https:\/\/www.rc03-ilbenstadt.de\/index.php?rest_route=%2Fwp%2Fv2%2Fmedia&parent=10770"}],"wp:term":[{"taxonomy":"category","embeddable":true,"href":"https:\/\/www.rc03-ilbenstadt.de\/index.php?rest_route=%2Fwp%2Fv2%2Fcategories&post=10770"},{"taxonomy":"post_tag","embeddable":true,"href":"https:\/\/www.rc03-ilbenstadt.de\/index.php?rest_route=%2Fwp%2Fv2%2Ftags&post=10770"}],"curies":[{"name":"wp","href":"https:\/\/api.w.org\/{rel}","templated":true}]}}