{"id":10814,"date":"2022-07-25T23:56:35","date_gmt":"2022-07-25T21:56:35","guid":{"rendered":"https:\/\/www.rc03-ilbenstadt.de\/?p=10814"},"modified":"2022-07-26T12:15:25","modified_gmt":"2022-07-26T10:15:25","slug":"ilbenstaedter-radtourenradwanderung-von-assenheim-und-reichelsheim-nach-laubacham-mittwoch-den-27-juli-2022im-wetterauer-auenverbund-unterwegs","status":"publish","type":"post","link":"https:\/\/www.rc03-ilbenstadt.de\/?p=10814","title":{"rendered":"Ilbenst\u00e4dter Radtouren<br>Radwanderung<br> &#8222;Von Assenheim und Reichelsheim nach Laubach&#8220;<br><br>am Mittwoch, den 27. Juli 2022<br><br>Im Wetterauer Auenverbund unterwegs"},"content":{"rendered":"<p><strong>Liebe Mitglieder und Freunde des RC 03 Ilbenstadt,<\/strong><\/p>\n<p>Radwanderfachwart Erwin Loscher weilt in Urlaub und Udo Seum nimmt jetzt die F\u00fchrung in die Hand. Recht so, die n\u00e4chste Radwanderung steht. Er l\u00e4dt ein zum<\/p>\n<p><strong>Start am Mittwoch, den 27. Juli 2022 <\/strong><br \/>\n<strong>um 09:00 Uhr am Assenheimer B\u00fcrgerhaus <\/strong><br \/>\n<strong>um 09:30 Uhr am Reichelsheimer Bahn\u00fcbergang in der Kleiststra\u00dfe <\/strong><\/p>\n<p><strong>Die Coronawelle ist wieder geh\u00f6rig in Fahrt, begleitet von einer Hitzewelle. Denkt auch an Euren <a href=\"https:\/\/www.rc03-ilbenstadt.de\/?page_id=9875\" target=\"_blank\" rel=\"noopener\">Sonnenschutz!<\/a> <\/strong><br \/>\nDie Hygiene- und Abstandsregeln des RC 03 Ilbenstadt, abgestimmt f\u00fcr das Radwandern sind mittlerweile obsolet. <!--more--> Die politisch Verantwortlichen haben entschieden, dass schwerwiegende Gesundheitsgefahren durch das SARS-Cov-II-Virus  generell nicht mehr drohen. Die Mehrheit ist geimpft und dar\u00fcber hinaus ist sie mit einem Vernunftpotential ausgestattet, aus dem heraus eigenverantwortlich eine gute Pr\u00e4vention folgt. Das hei\u00dft, dass an den entscheidenden Stellen Abstand gehalten und\/oder eine geeignete Maske getragen sowie bei eigener Neigung zur &#8222;Triefnase&#8220; der Kontakt zu Mitmenschen selbstverst\u00e4ndlich eingeschr\u00e4nkt wird. Wer denn wissen will, was das Land Hessen unter unserem eigenverantwortlichen Handeln versteht, dem sei die Internetseite <a href=\"https:\/\/hessen.de\/handeln\/corona-in-hessen\">&#8222;corona-in-hessen&#8220;<\/a> zum Nachlesen empfohlen. Bleibt gesund!<br \/>\nNebenbei:<br \/>\nDie aktuelle und vermutlich immer weniger gelesene Verordnung hei\u00dft nun<br \/>\n<a href=\"https:\/\/hessen.de\/handeln\/corona-in-hessen\">&#8222;Verordnung zum Basisschutz der Bev\u00f6lkerung vor Infektionen mit dem SARS-CoV-2-Virus (Coronavirus-Basisschutzma\u00dfnahmenverordnung &#8211; CoBaSchuV -)&#8220;<\/a> <\/p>\n<p>Wir st\u00fcrzen uns wieder in heimatliche Gefilde. Welches Gl\u00fcck im Auenverbund Wetterau zu Hause zu sein. Wetter, Horloff, Nidda und Nidder hei\u00dfen im Wesentlichen die Fl\u00fcsschen, die f\u00fcr ausgedehnte Feuchtgebiet in der Wetterau verantwortlich zeichnen. Hier hat sich eine reichhaltige Flora und Fauna angesiedelt, die in Europa ihresgleichen sucht. Wie das Rhein-Main-Gebiet mit dem Frankfurter Flughafen und seinem dichten Autobahnnetz ist die Wetterau das Drehkreuz insbesondere f\u00fcr die gefiederte Tierwelt. Diese ist im &#8222;normalen Leben&#8220; angekommen; die Zugv\u00f6gel sind f\u00fcr einen Moment sesshaft geworden. Durch diese Welt gleiten wir mit unseren Stahl-, Alu- oder auch Carbonr\u00f6ssern, k\u00f6nnen den L\u00e4ufen der Gew\u00e4sser folgen und haben ganz nebenbei ein intensives Naturerlebnis. Also nicht Kopf runter und Kette rechts, sondern mit wachen Sinnen diese Wetterau erleben.<br \/>\nNachdem sich die Gruppe nach dem Start in Assenheim und Reichelsheim vereinigt hat, f\u00fchrt der Weg nach Hungen. Wir verlassen das Bingenheimer Ried und streben der Horloffaue entgegen. Der Horloff kommen wir hinter Utphe, nachdem wir &#8222;zwischen&#8220; dem Unteren und dem Oberen Knappensee nach Osten geschwenkt sind, ganz nahe und fahren an ihr unmittelbar entlang nach Trais-Horloff. Erst bei Villingen werden wir das Umfeld des Fl\u00fcsschens verlassen, um wieder mal Laubach zu erfahren.<br \/>\nNebenbei: Viele Orte tragen den Namensbestandteil &#8222;Trais&#8220;. Was will uns dieser Namensbestandteil sagen?<br \/>\nNun ja, Genaues wei\u00df man nicht. Manche gleiten ins Walisische ab und sagen damit sei Gewalt gemeint, andere kommen bei Trias raus, das mehr oder minder deutlich die &#8222;Drei&#8220; im Namen tr\u00e4gt, aber eigentlich wei\u00df man nichts oder wenig. Wahrscheinlich ist Trais ein Namensbestandteil. so l\u00e4sst sich zumindest der Hinweis in <a href=\"https:\/\/de.wikipedia.org\/wiki\/Trais_(M%C3%BCnzenberg)\" target=\"_blank\" rel=\"noopener\">Wikipedia<\/a> zu Trais-M\u00fcnzenberg deuten:<br \/>\n&#8222;Im hohen Mittelalter erscheinen Herren von Trais im Gefolge Konrads von M\u00fcnzenberg als Burgmannen auf der Burg M\u00fcnzenberg. Die Familie von Trais hatte zeitweilig auch die Vogtei in Trais inne.&#8220;<br \/>\nFolglich umrei\u00dft &#8222;Trais&#8220; die Herrschaftsanspr\u00fcche der Familie derer von Trais.<br \/>\nWir lassen Trais hinter uns, biegen auf den Bahnradweg nach Laubach ein und freuen uns schon auf die Rast. Hier werden wir es uns im Umfeld des Marktplatzes gut gehen lassen, um frisch gest\u00e4rkt dieses angenehme Umfeld wieder in Richtung Hungen zu verlassen. Flott werden wir auf dem Bahnradweg in leicht absch\u00fcssigem Terrain unterwegs sein. Eine wahre Freude f\u00fcr unsere elektrisch unterst\u00fctzten Mitfahrer, deren Akkus einfach nicht leer werden wollen.<br \/>\nBellersheim, Obbornhofen, Berstadt l\u00e4sst seine Biogasanlage gr\u00fc\u00dfen, W\u00f6lfersheim, Melbach und Beienheim sind Stationen unseres R\u00fcckweges. Hier teilt sich die Gruppe wieder. W\u00e4hrend ein Teil nach Assenheim eilt, streben andere der Bingenheimer Region entgegen. Damit geht eine Genusstour zu Ende, die sicherlich des \u00f6fteren erneut gefahren werden wird.<\/p>\n<p>Diese Tour \u00fcber verkehrsarmes und abwechslungsreiches Terrain mit guten Rad- und Wirtschaftswegen wird etwa 70 Kilometer und f\u00fcr die Assenheimer Starter 87 Kilometer lang sein.<br \/>\nWelches Rad sollte hier bewegt werden? Das ist egal, alles was gut rollt, ist auf dieser Strecke zu Hause. Ein Rennrad sollte man lieber zuhause lassen, wenn es nicht f\u00fcr Paris-Roubaix optimiert ist.<\/p>\n<p>Haben wir Euer Interesse geweckt? Wir freuen uns auf eine rege Teilnahme.<br \/>\nUdo Seum ist f\u00fcr R\u00fcckfragen und Voranmeldungen unter der Telefonnummer 0171 89 49 455 erreichbar.<\/p>\n<p>F\u00fcr das Radwanderteam<\/p>\n<p>Wilhelm Schr\u00f6der<br \/>\nFachbereichsleiter \u00d6ffentlichkeitsarbeit und Sport (RTF\/CTF)<\/p>\n<p>Streckendownload f\u00fcr Navigationsger\u00e4te (Assenheim nach Laubach):<br \/>\n<a href=\"https:\/\/rc03-ilbenstadt.de\/GPX\/GPX-RW\/RC03_RW_220727_Reichelsheim_Laubach_87km_03.gpx\">&#8222;Zur Radwanderstrecke &#8222;Assenheim nach Laubach&#8220;<\/a><br \/>\nStreckendownload f\u00fcr Navigationsger\u00e4te (Reichelsheim nach Laubach):<br \/>\n<a href=\"https:\/\/rc03-ilbenstadt.de\/GPX\/GPX-RW\/RC03_RW_220727_Reichelsheim_Laubach_70km_03.gpx\">&#8222;Zur Radwanderstrecke &#8222;Reichelsheim nach Laubach&#8220;<\/a><\/p>\n<p><a href=\"http:\/\/umap.openstreetmap.fr\/de\/map\/rc03_rw_220727_reichelsheim_laubach_791045\" target=\"_blank\" rel=\"noopener\">Zur Radwanderstrecke &#8222;Assenheim und Reichelsheim nach Laubach&#8220;<br \/>\n(Vollbildanzeige):<\/a><br \/>\n<iframe loading=\"lazy\" width=\"200%\" height=\"300px\" frameborder=\"0\" allowfullscreen src=\"\/\/umap.openstreetmap.fr\/de\/map\/rc03_rw_220727_reichelsheim_laubach_791045?scaleControl=true&#038;miniMap=false&#038;scrollWheelZoom=true&#038;zoomControl=true&#038;allowEdit=false&#038;moreControl=true&#038;searchControl=true&#038;tilelayersControl=true&#038;embedControl=null&#038;datalayersControl=true&#038;onLoadPanel=undefined&#038;captionBar=false&#038;fullscreenControl=true&#038;locateControl=false&#038;measureControl=true\"><\/iframe><\/p>\n","protected":false},"excerpt":{"rendered":"<p>Liebe Mitglieder und Freunde des RC 03 Ilbenstadt, Radwanderfachwart Erwin Loscher weilt in Urlaub und Udo Seum nimmt jetzt die F\u00fchrung in die Hand. Recht so, die n\u00e4chste Radwanderung steht. Er l\u00e4dt ein zum Start am Mittwoch, den 27. Juli &hellip; <a href=\"https:\/\/www.rc03-ilbenstadt.de\/?p=10814\">Weiterlesen <span class=\"meta-nav\">&rarr;<\/span><\/a><\/p>\n","protected":false},"author":9,"featured_media":10165,"comment_status":"closed","ping_status":"closed","sticky":false,"template":"","format":"standard","meta":{"_crdt_document":"","footnotes":""},"categories":[1],"tags":[],"class_list":["post-10814","post","type-post","status-publish","format-standard","has-post-thumbnail","hentry","category-allgemein"],"_links":{"self":[{"href":"https:\/\/www.rc03-ilbenstadt.de\/index.php?rest_route=\/wp\/v2\/posts\/10814","targetHints":{"allow":["GET"]}}],"collection":[{"href":"https:\/\/www.rc03-ilbenstadt.de\/index.php?rest_route=\/wp\/v2\/posts"}],"about":[{"href":"https:\/\/www.rc03-ilbenstadt.de\/index.php?rest_route=\/wp\/v2\/types\/post"}],"author":[{"embeddable":true,"href":"https:\/\/www.rc03-ilbenstadt.de\/index.php?rest_route=\/wp\/v2\/users\/9"}],"replies":[{"embeddable":true,"href":"https:\/\/www.rc03-ilbenstadt.de\/index.php?rest_route=%2Fwp%2Fv2%2Fcomments&post=10814"}],"version-history":[{"count":5,"href":"https:\/\/www.rc03-ilbenstadt.de\/index.php?rest_route=\/wp\/v2\/posts\/10814\/revisions"}],"predecessor-version":[{"id":10822,"href":"https:\/\/www.rc03-ilbenstadt.de\/index.php?rest_route=\/wp\/v2\/posts\/10814\/revisions\/10822"}],"wp:featuredmedia":[{"embeddable":true,"href":"https:\/\/www.rc03-ilbenstadt.de\/index.php?rest_route=\/wp\/v2\/media\/10165"}],"wp:attachment":[{"href":"https:\/\/www.rc03-ilbenstadt.de\/index.php?rest_route=%2Fwp%2Fv2%2Fmedia&parent=10814"}],"wp:term":[{"taxonomy":"category","embeddable":true,"href":"https:\/\/www.rc03-ilbenstadt.de\/index.php?rest_route=%2Fwp%2Fv2%2Fcategories&post=10814"},{"taxonomy":"post_tag","embeddable":true,"href":"https:\/\/www.rc03-ilbenstadt.de\/index.php?rest_route=%2Fwp%2Fv2%2Ftags&post=10814"}],"curies":[{"name":"wp","href":"https:\/\/api.w.org\/{rel}","templated":true}]}}