{"id":10825,"date":"2022-09-18T12:00:20","date_gmt":"2022-09-18T10:00:20","guid":{"rendered":"https:\/\/www.rc03-ilbenstadt.de\/?p=10825"},"modified":"2022-09-18T14:27:48","modified_gmt":"2022-09-18T12:27:48","slug":"radtourenfahren-in-ilbenstadtder-fruehherbst-in-wetterau-und-vogelsbergrtf-46-wetterau-vogelsberg-rundfahrtgtf-2-wetterauer-schottertoursonntag-den-11-september-2022","status":"publish","type":"post","link":"https:\/\/www.rc03-ilbenstadt.de\/?p=10825","title":{"rendered":"Radtourenfahren in Ilbenstadt<br>Der Fr\u00fchherbst in Wetterau und Vogelsberg<br><br>RTF &#8222;46. Wetterau-Vogelsberg-Rundfahrt&#8220;<br>GTF &#8222;2. Wetterauer Schottertour&#8220;<br><br>Sonntag, den 11. September 2022"},"content":{"rendered":"<p><strong><span style=\"color: #ff0000;\">Erstver\u00f6ffentlichung am 6. August 2022<\/span><\/strong><\/p>\n<p><strong>Liebe Radsportlerinnen, liebe Radsportler,<br \/>\nnutzen wir die Zeit in der dem Coronavirus unter sommerlichen Bedingungen weitgehend die Luft ausgeht und wir ihm  mit unserem eigenverantwortlichen Handeln keine Angriffsfl\u00e4chen bieten. <\/strong><\/p>\n<p>Nat\u00fcrlich werden wir auch ein Hygienekonzept auf Basis der  <a href=\"https:\/\/hessen.de\/sites\/hessen.hessen.de\/files\/2022-07\/2022_07_19_Auslegungshinweise_CoBaSchuV_barrierefrei.pdf\" target=\"_blank\" rel=\"noopener\">Coronavirus-Basisschutzma\u00dfnahmenverordnung  (CoBaSchuV vom 19.07.2022) <\/a> erstellen, das die \u00fcblichen Abstandsregeln und in Innenr\u00e4umen, insbesondere in Gedr\u00e4ngesituationen, eine Maskenpflicht beinhalten wird. Wir hoffen, dass die relativ g\u00fcnstigen Bedingungen zu unserer Veranstaltung am 11. September 2022 noch gegeben sind und wir einen tollen Tag rund um den Radsport in geselliger Runde in Ilbenstadt erleben d\u00fcrfen. Daf\u00fcr arbeiten wir!<\/p>\n<p><strong>Was haben wir zu unserem herbstlichen Finale geplant?<br \/>\nEuch erwarten unsere  RTF mit Strecken von 32-, 41-, 77, 111- und 153 Kilometern und unsere 2. Wetterauer Schottertour, eine GPS-gef\u00fchrte Graveltour (GTF) \u00fcber 82 Kilometer:<\/strong><!--more--><\/p>\n<ul>\n<li><strong>Radtourenfahrt (RTF) &#8222;46. Wetterau &#8211; Vogelsberg &#8211; Rundfahrt&#8220;<\/strong>\n<p> F\u00fcr jeden ist etwas dabei. Von der Familientour, die den Sauerbrunnen in Staden zum Ziel hat, bis hin zu den abwechslungsreichen Runden in der Wetterau, die mit zunehmenden Streckenl\u00e4ngen sich immer weiter zum Vogelsberg hinziehen und in der K\u00f6nigsetappe auf dem Hohen Vogelsberg landschaftlich alle Leckerbissen der fr\u00fchherbstlichen Region um Ilbenstadt auf dem Tablett haben. Was wollen wir Radlerinnen und Radler mehr?<\/p>\n<\/li>\n<li><strong>Graveltourenfahrt (GTF) &#8222;2. Wetterauer Schottertour&#8220;<\/strong>\n<p>Die Wetterauer Schottertour orientiert sich grob an der 77-Kilometertour der RTF, ist 82 Kilometer lang und die geneigte Gravelfreundin, der geneigte Gravelfreund, fahren unsere Service- und Verpflegungspunkte in M\u00fcnzenberg und Staden an.<br \/>\n\tDie GTF wird <strong>nicht<\/strong> ausgeschildert und ist nach GPS-Daten zu fahren. Beschilderungen anderer Touren sind mit Ausnahme der Servicepunkte M\u00fcnzenberg und Staden zu ignorieren.<br \/>\n\tDie Tour wird mit drei Punkten in der Wertungskarte f\u00fcr BDR-Fahrerinnen und Fahrer eingetragen. Die Anteile der Wegstrecken mit wassergebundener Decke sowie Erde- und Graswege sind gegen\u00fcber der Fr\u00fchjahrsstrecke erh\u00f6ht. Ansonsten ist Schotter immer im Spiel, versteckt er sich dann \u00fcberwiegend unter Asphalt- und Betondecken im Unterbau der Wege. Dieses Ph\u00e4nomen tritt selbst im Wald bei wassergebunden Decken auf, deren feine Oberschicht mit einem Geovlies vom Schotter getrennt wird.<br \/>\n\tWir freuen uns, mit dieser naturnahen Strecke ein attraktives Angebot an die Gravelszene im Programm zu haben. Wir sind auf die Resonanz gespannt, im Ilbenst\u00e4dter Revier ein Zweirad zu bewegen, das man dem immer weiter verbreitetend Typus des Gravelbikes zurechnet. Keine Angst, andere R\u00e4der funktionieren auf dieser Strecke auch, selbst ein Rennrad, das Paris-Roubaix-tauglich sein sollte.<br \/>\n\tDie 2. Wetterauer Schottertour wird nicht im Rahmen einer Serie ausgefahren. <\/p>\n<\/li>\n<\/ul>\n<p>  <strong><span style=\"color: #ff0000;\">Hier geht es zu den Ausschreibungen und Strecken:<\/span><\/strong><\/p>\n<ul>\n<li><a href=\"https:\/\/www.rc03-ilbenstadt.de\/?page_id=10892\" rel=\"noopener noreferrer\"><strong>Zur RTF-(Radtourenfahrt) Ausschreibung<\/strong><\/a><\/td>\n<\/li>\n<li> \t<a href=\"https:\/\/www.rc03-ilbenstadt.de\/?page_id=10894\" rel=\"noopener noreferrer\"><strong>Zur GTF- (Graveltourenfahrt-) Ausschreibung<\/strong><\/a><\/td>\n<\/li>\n<li><a href=\"https:\/\/www.rc03-ilbenstadt.de\/?page_id=10855\" rel=\"noopener noreferrer\"><strong>Zu den RTF- und GTF (Gravel-)-Strecken<\/strong><\/a><\/td>\n<\/li>\n<li><a href=\"https:\/\/www.rc03-ilbenstadt.de\/?page_id=10872\" rel=\"noopener noreferrer\"><strong>Zu den Teilnahmebedingungen<\/strong><\/a><\/td>\n<\/li>\n<\/ul>\n<p>  Wir w\u00fcnschen Euch ein \u00fcberw\u00e4ltigendes Radsporterlebnis im Fr\u00fchherbst der Saison<br \/>\n  sowie einen unfallfreien Verlauf.<\/p>\n<p>  F\u00fcr das Orga-Team <\/p>\n<p>  Wilhelm Schr\u00f6der<br \/>\n  Fachbereichsleiter Kommunikation und Sport (RTF\/CTF)<\/p>\n","protected":false},"excerpt":{"rendered":"<p>Erstver\u00f6ffentlichung am 6. August 2022 Liebe Radsportlerinnen, liebe Radsportler, nutzen wir die Zeit in der dem Coronavirus unter sommerlichen Bedingungen weitgehend die Luft ausgeht und wir ihm mit unserem eigenverantwortlichen Handeln keine Angriffsfl\u00e4chen bieten. Nat\u00fcrlich werden wir auch ein Hygienekonzept &hellip; <a href=\"https:\/\/www.rc03-ilbenstadt.de\/?p=10825\">Weiterlesen <span class=\"meta-nav\">&rarr;<\/span><\/a><\/p>\n","protected":false},"author":9,"featured_media":8311,"comment_status":"closed","ping_status":"closed","sticky":false,"template":"","format":"standard","meta":{"_crdt_document":"","footnotes":""},"categories":[1],"tags":[],"class_list":["post-10825","post","type-post","status-publish","format-standard","has-post-thumbnail","hentry","category-allgemein"],"_links":{"self":[{"href":"https:\/\/www.rc03-ilbenstadt.de\/index.php?rest_route=\/wp\/v2\/posts\/10825","targetHints":{"allow":["GET"]}}],"collection":[{"href":"https:\/\/www.rc03-ilbenstadt.de\/index.php?rest_route=\/wp\/v2\/posts"}],"about":[{"href":"https:\/\/www.rc03-ilbenstadt.de\/index.php?rest_route=\/wp\/v2\/types\/post"}],"author":[{"embeddable":true,"href":"https:\/\/www.rc03-ilbenstadt.de\/index.php?rest_route=\/wp\/v2\/users\/9"}],"replies":[{"embeddable":true,"href":"https:\/\/www.rc03-ilbenstadt.de\/index.php?rest_route=%2Fwp%2Fv2%2Fcomments&post=10825"}],"version-history":[{"count":5,"href":"https:\/\/www.rc03-ilbenstadt.de\/index.php?rest_route=\/wp\/v2\/posts\/10825\/revisions"}],"predecessor-version":[{"id":10931,"href":"https:\/\/www.rc03-ilbenstadt.de\/index.php?rest_route=\/wp\/v2\/posts\/10825\/revisions\/10931"}],"wp:featuredmedia":[{"embeddable":true,"href":"https:\/\/www.rc03-ilbenstadt.de\/index.php?rest_route=\/wp\/v2\/media\/8311"}],"wp:attachment":[{"href":"https:\/\/www.rc03-ilbenstadt.de\/index.php?rest_route=%2Fwp%2Fv2%2Fmedia&parent=10825"}],"wp:term":[{"taxonomy":"category","embeddable":true,"href":"https:\/\/www.rc03-ilbenstadt.de\/index.php?rest_route=%2Fwp%2Fv2%2Fcategories&post=10825"},{"taxonomy":"post_tag","embeddable":true,"href":"https:\/\/www.rc03-ilbenstadt.de\/index.php?rest_route=%2Fwp%2Fv2%2Ftags&post=10825"}],"curies":[{"name":"wp","href":"https:\/\/api.w.org\/{rel}","templated":true}]}}