{"id":10919,"date":"2022-08-15T22:13:10","date_gmt":"2022-08-15T20:13:10","guid":{"rendered":"https:\/\/www.rc03-ilbenstadt.de\/?p=10919"},"modified":"2022-08-16T08:47:52","modified_gmt":"2022-08-16T06:47:52","slug":"ilbenstaedter-radtourenradwanderung-von-wickstadt-zum-schoenbuschpark-in-aschenaffenburgam-mittwoch-den-17-august-2022wieder-jenseits-des-weisswurstaequators-unterwegs","status":"publish","type":"post","link":"https:\/\/www.rc03-ilbenstadt.de\/?p=10919","title":{"rendered":"Ilbenst\u00e4dter Radtouren<br>Radwanderung<br> &#8222;Von Wickstadt zum Sch\u00f6nbuschpark in Aschaffenburg&#8220;<br><br>am Mittwoch, den 17. August 2022<br><br>Wieder jenseits des &#8222;Wei\u00dfwurst\u00e4quators&#8220; unterwegs"},"content":{"rendered":"<p><strong>Liebe Mitglieder und Freunde des RC 03 Ilbenstadt,<\/strong><\/p>\n<p>Hei\u00df, trocken, ein leichter Wind &#8211; wenn sich \u00fcberhaupt ein Lufthauch regte &#8211; sind Bedingungen, die einen Pharao Jahrtausende in einem perfekten Erhaltungszustand konservieren konnten, doch f\u00fcr uns kommt das ein bisschen fr\u00fch. Trotzdem machen wir uns regelm\u00e4\u00dfig auf den Weg, Erwin ruft, wir folgen. Und jetzt geht es, liebe wettertrotzende Zweiradgesellschaft, durch eine gut temperierte, mit Wasser angereicherter Luft, negativ eingestellte Zeitgenossen sprechen von &#8222;Schw\u00fcle&#8220;, nach Aschaffenburg:<\/p>\n<p><strong>Start am Mittwoch, den 17. August 2022 um<\/strong><br \/>\n<strong>08:30 Uhr an der Wickst\u00e4dter Niddabr\u00fccke<\/strong><\/p>\n<p><strong>Die Coronawelle in der Hitzewelle ebbt ab. Seid misstrauisch! Die Nation ist im Urlaub, Antigen- und PCR-Tests sind nicht mehr in, seit sich auf breiter Front die Masse keiner Gefahr mehr bewusst ist; eine Grippe steckt man doch auch locker weg &#8230; Schauen wir mal, wenn alle Urlauber wieder zur\u00fcck sind und deren Kinder in den Schulen Urlaubserinnerungen austauschen. Was g\u00e4be man drum, wenn das Szenario nicht eintritt?<br \/>\nDenkt auch an Euren <a href=\"https:\/\/www.rc03-ilbenstadt.de\/?page_id=9875\" target=\"_blank\" rel=\"noopener\">Sonnenschutz!<\/a> <\/strong><br \/>\nDie Hygiene- und Abstandsregeln des RC 03 Ilbenstadt, abgestimmt f\u00fcr das Radwandern sind mittlerweile obsolet. <!--more--> Die politisch Verantwortlichen haben entschieden, dass schwerwiegende Gesundheitsgefahren durch das SARS-Cov-II-Virus  generell nicht mehr drohen. Die Mehrheit ist geimpft und dar\u00fcber hinaus ist sie mit einem Vernunftpotential ausgestattet, aus dem heraus eigenverantwortlich eine gute Pr\u00e4vention folgt. Das hei\u00dft, dass an den entscheidenden Stellen Abstand gehalten und\/oder eine geeignete Maske getragen sowie bei eigener Neigung zur &#8222;Triefnase&#8220; der Kontakt zu Mitmenschen selbstverst\u00e4ndlich eingeschr\u00e4nkt wird. Wer denn wissen will, was das Land Hessen unter unserem eigenverantwortlichen Handeln versteht, dem sei die Internetseite <a href=\"https:\/\/hessen.de\/handeln\/corona-in-hessen\">&#8222;corona-in-hessen&#8220;<\/a> zum Nachlesen empfohlen. Bleibt gesund!<br \/>\nNebenbei:<br \/>\nDie aktuelle und vermutlich immer weniger gelesene Verordnung hei\u00dft nun<br \/>\n<a href=\"https:\/\/hessen.de\/handeln\/corona-in-hessen\">&#8222;Verordnung zum Basisschutz der Bev\u00f6lkerung vor Infektionen mit dem SARS-CoV-2-Virus (Coronavirus-Basisschutzma\u00dfnahmenverordnung &#8211; CoBaSchuV -)&#8220;<\/a> <\/p>\n<p>Den Wei\u00dfwurst\u00e4quator verorten viele l\u00e4ngs der Donau. Uns ist schon die Mainlinie genug, um Abstand zu Volksst\u00e4mmen zu gewinnen, deren W\u00fcrste nur mit Senfzugabe geschmacklich den Mindestanforderungen gen\u00fcgen &#8230;<br \/>\nZu Aschaffenburg, in unserer Hochsprache &#8222;Ascheberch&#8220; genannt und dem Schloss Sch\u00f6nbuch gibt es ja soviel zu sagen, dass dies den Rahmen einer Radtourenbeschreibung sprengt. Dazu macht ihr mich fertig, die kurzfristigen Ank\u00fcndigungen sind mehr als herausfordernd. Doch seis drum, kurz, pr\u00e4gnant, schwadronierend und \u00fcberspitzt bekommen wir vielleicht die Kurve &#8211; eine Herausforderung f\u00fcr meine Nachfolgerin, meinen Nachfolger in 2023.<br \/>\nEin bisschen Wasser ein paar Eschen, das wars f\u00fcr das der Stadt namensgebende Fl\u00fcsschen <a href=\"https:\/\/de.wikipedia.org\/wiki\/Aschaff\" target=\"_blank\" rel=\"noopener noreferrer\">&#8222;Aschaff&#8220;<\/a> Das Wasser bewegte sich in Richtung Westen und m\u00fcndete in den Main. Den fr\u00fcheren &#8222;Abwasserkanal&#8220; der Papierindustrie lie\u00df man nat\u00fcrlich unterhalb der Staustufe m\u00fcnden, um unattraktive Schaumberge und auch Probleme mit der K\u00fchlung von Kraftwerken zu vermeiden. Sollte doch Hessen sehen, wie man damit fertig wird.<br \/>\nZur Geschichte der Stadt, sei nur so viel bemerkt: Alemannen, wenn s\u00fcddeutsch aufgestellt, dann in Richtung Schwaben, Elsass, Lichtenstein und Vorarlberg. Bayern? Nee! Sp\u00e4ter hatten die Mainzer Erzbisch\u00f6fe das Sagen und waren wirtschaftlich am Dr\u00fccker. Aschaffenburg prosperierte unter den &#8222;Pfaffen&#8220;. Auch der Erzbischof Adalbert I. von Saarbr\u00fccken mischte mit. Im Rheinischen St\u00e4dtebund und im Neunst\u00e4dtebund war Aschaffenburg Mitglied.  Es war eine tolle, eine wilde Zeit. Hexenprozesse, Eingliederung in den Schwedischen Staat in Mainz, der Vermeidung der Brandschatzung durch Gustav Adolf und der vielen Auf- und Abs mehr, bis das Verh\u00e4ngnis nahte: Im Pariser Vertrag vom 3. Juni 1814  wurde Aschaffenburg am 14. Juli 1814 Bayern zugeschlagen. Wie konnte das passieren? Die Frage beantworte ich Euch (noch?) nicht. Einen Ermittlungsansatz findet Ihr in <a href=\"https:\/\/de.wikipedia.org\/wiki\/Aschaffenburg\" target=\"_blank\" rel=\"noopener noreferrer\">&#8222;Wikipedia&#8220;<\/a><br \/>\nZu unserem Ziel, dem Park Sch\u00f6nbusch. Er ist einer von sieben Parks in Aschaffenburg. Und ich verrate kein Geheimnis, wenn ich sage, dass der Mainzer Erzbischof im Verein mit dem Kurf\u00fcrsten Friedrich Karl Joseph von Erthal 1776 dieses Kleinod mit Schl\u00f6sschen im englischen Stil zu ihrem standesgem\u00e4\u00dfen Lebenswandel haben errichten lassen. Ob der urbayerische K\u00f6nig Ludwig II. den Unterfanken 1869 mit dem Bau von Neuschwanstein zeigen wollte, dass auch im tiefen S\u00fcden verschwenderische Kultur m\u00f6glich war?<br \/>\nFranken und Bayern, ja, eine Hassliebe, trotz der Ministerpr\u00e4sidenten Beckstein und S\u00f6der. Und sind wir da nicht mit auf der Reise, wenn Bayern seinen Alleinvertretungsanspruch aller Deutschen gegen\u00fcber der Welt mit <a href=\"https:\/\/www.sueddeutsche.de\/bayern\/frankens-bayern-bayerns-franken-immer-probleme-mit-der-idendidaed-1.788842\" target=\"_blank\" rel=\"noopener noreferrer\">&#8222;Pseudobajuwarischem Neo-Seppilismus&#8220;<\/a>aufzwingt?<\/p>\n<p>Nix f\u00fcr ungut, aber jetzt habe ich doch glatt die Radtour vergessen. Verkehrsarme Strecken bringen uns von Wickstadt \u00fcber Eichen, Ravolzhausen, Erlensee und Gro\u00dfkrotzenburg nach Aschaffenburg. Haltet den Obulus f\u00fcr die Mainf\u00e4hre bereit und vergesst Euer 9-EURO-Ticket f\u00fcr die Bahnfahrt nicht. Im Park Sch\u00f6nbusch werden wir eine ausgiebige Rast einlegen. Von Aschaffenburg nach Assenheim lassen wir uns fahren, schonen die Waden und lassen die Erinnerungen, verwoben mit den geschichtlichen Unfassbarkeiten Revue passieren. <\/p>\n<p>Diese Genusstour \u00fcber verkehrsarme Strecken, die nur bis Kilometer 18,7 ein paar Bodenwellen enth\u00e4lt, die uns von H\u00f6hen zwischen 180 und 210 Metern die Landschaft genie\u00dfen lassen, wird etwa\u00a0 65 Kilometer lang sein. Gute Rad- und Wirtschaftswege wurden ausgew\u00e4hlt.<\/p>\n<p>Haben wir Euer Interesse geweckt? Wir freuen uns auf eine rege Teilnahme.<br \/>\nErwin Loscher ist f\u00fcr R\u00fcckfragen unter der Telefonnummer 01512 02 30 745 erreichbar.<\/p>\n<p>F\u00fcr das Radwanderteam<\/p>\n<p>Wilhelm Schr\u00f6der<br \/>\nFachbereichsleiter \u00d6ffentlichkeitsarbeit und Sport (RTF\/CTF)<\/p>\n<p>Streckendownload f\u00fcr Navigationsger\u00e4te:<br \/>\n<a href=\"https:\/\/rc03-ilbenstadt.de\/GPX\/GPX-RW\/RC03_RW_220817_Wickstadt_SchlossSch\u00f6nbusch_AB_65km\">&#8222;Zur Radwanderstrecke Strecke &#8222;Wickstadt_SchlossSch\u00f6nbusch_AB&#8220;&#8220;<\/a><\/p>\n<p><a href=\"http:\/\/umap.openstreetmap.fr\/de\/map\/rc03_rw_220817_wickstadt_schlossschonbusch_ab_797202#12\/50.1906\/8.9480\" target=\"_blank\" rel=\"noopener noreferrer\">Zur Radwanderstrecke Strecke &#8222;Wickstadt_SchlossSch\u00f6nbusch_AB&#8220; (Vollbildanzeige)<\/a><br \/>\n<iframe loading=\"lazy\" width=\"200%\" height=\"300px\" frameborder=\"0\" allowfullscreen src=\"\/\/umap.openstreetmap.fr\/de\/map\/rc03_rw_220817_wickstadt_schlossschonbusch_ab_797202?scaleControl=true&#038;miniMap=false&#038;scrollWheelZoom=true&#038;zoomControl=true&#038;allowEdit=false&#038;moreControl=true&#038;searchControl=true&#038;tilelayersControl=true&#038;embedControl=true&#038;datalayersControl=true&#038;onLoadPanel=undefined&#038;captionBar=false&#038;fullscreenControl=true&#038;measureControl=true\"><\/iframe><\/p>\n","protected":false},"excerpt":{"rendered":"<p>Liebe Mitglieder und Freunde des RC 03 Ilbenstadt, Hei\u00df, trocken, ein leichter Wind &#8211; wenn sich \u00fcberhaupt ein Lufthauch regte &#8211; sind Bedingungen, die einen Pharao Jahrtausende in einem perfekten Erhaltungszustand konservieren konnten, doch f\u00fcr uns kommt das ein bisschen &hellip; <a href=\"https:\/\/www.rc03-ilbenstadt.de\/?p=10919\">Weiterlesen <span class=\"meta-nav\">&rarr;<\/span><\/a><\/p>\n","protected":false},"author":9,"featured_media":10165,"comment_status":"closed","ping_status":"closed","sticky":false,"template":"","format":"standard","meta":{"_crdt_document":"","footnotes":""},"categories":[1],"tags":[],"class_list":["post-10919","post","type-post","status-publish","format-standard","has-post-thumbnail","hentry","category-allgemein"],"_links":{"self":[{"href":"https:\/\/www.rc03-ilbenstadt.de\/index.php?rest_route=\/wp\/v2\/posts\/10919","targetHints":{"allow":["GET"]}}],"collection":[{"href":"https:\/\/www.rc03-ilbenstadt.de\/index.php?rest_route=\/wp\/v2\/posts"}],"about":[{"href":"https:\/\/www.rc03-ilbenstadt.de\/index.php?rest_route=\/wp\/v2\/types\/post"}],"author":[{"embeddable":true,"href":"https:\/\/www.rc03-ilbenstadt.de\/index.php?rest_route=\/wp\/v2\/users\/9"}],"replies":[{"embeddable":true,"href":"https:\/\/www.rc03-ilbenstadt.de\/index.php?rest_route=%2Fwp%2Fv2%2Fcomments&post=10919"}],"version-history":[{"count":5,"href":"https:\/\/www.rc03-ilbenstadt.de\/index.php?rest_route=\/wp\/v2\/posts\/10919\/revisions"}],"predecessor-version":[{"id":10938,"href":"https:\/\/www.rc03-ilbenstadt.de\/index.php?rest_route=\/wp\/v2\/posts\/10919\/revisions\/10938"}],"wp:featuredmedia":[{"embeddable":true,"href":"https:\/\/www.rc03-ilbenstadt.de\/index.php?rest_route=\/wp\/v2\/media\/10165"}],"wp:attachment":[{"href":"https:\/\/www.rc03-ilbenstadt.de\/index.php?rest_route=%2Fwp%2Fv2%2Fmedia&parent=10919"}],"wp:term":[{"taxonomy":"category","embeddable":true,"href":"https:\/\/www.rc03-ilbenstadt.de\/index.php?rest_route=%2Fwp%2Fv2%2Fcategories&post=10919"},{"taxonomy":"post_tag","embeddable":true,"href":"https:\/\/www.rc03-ilbenstadt.de\/index.php?rest_route=%2Fwp%2Fv2%2Ftags&post=10919"}],"curies":[{"name":"wp","href":"https:\/\/api.w.org\/{rel}","templated":true}]}}