{"id":10939,"date":"2022-08-20T22:59:51","date_gmt":"2022-08-20T20:59:51","guid":{"rendered":"https:\/\/www.rc03-ilbenstadt.de\/?p=10939"},"modified":"2022-08-20T23:01:44","modified_gmt":"2022-08-20T21:01:44","slug":"ilbenstaedter-radtourenradwanderung-von-assenheim-ueber-den-r-4-nach-gross-umstadtam-montag-den-22-august-2022ueber-den-r-4-ins-suedhessische-und-mit-dem-zug-zurueck","status":"publish","type":"post","link":"https:\/\/www.rc03-ilbenstadt.de\/?p=10939","title":{"rendered":"Ilbenst\u00e4dter Radtouren<br>Radwanderung<br> &#8222;Von Assenheim \u00fcber den R 4 nach Gro\u00df-Umstadt&#8220;<br><br>am Montag, den 22. August 2022<br><br>\u00dcber den R 4 ins S\u00fcdhessische und mit dem Zug zur\u00fcck"},"content":{"rendered":"<p><strong>Liebe Mitglieder und Freunde des RC 03 Ilbenstadt,<\/strong><\/p>\n<p>eine k\u00fchle L\u00fccke will unser Radwanderfachwart und Wettergott Erwin Loscher ausnutzen, bevor die Hitze dem n\u00e4chsten H\u00f6hepunkt zustrebt. Gutes Gelingen rufe ich ihm zu, Recht hat er, denn am Dienstag steigt die Temperatur in unserem \u00fcberdimensionierten Umluftbackofen um 2\u00b0 Celsius auf 29\u00b0. Ein Trost finden wir in der leichten Bew\u00f6lkung, die hier und da f\u00fcr einen tempor\u00e4ren Schattenwurf sorgen wird. Erwin l\u00e4dt zu einer Tour auf dem Hessenfernradweg R 4 ein:<\/p>\n<p><strong>Start am Montag, den 22. August 2022 um<\/strong><br \/>\n<strong>08:30 Uhr am Assenheimer B\u00fcrgerhaus<\/strong><\/p>\n<p><strong>Die Coronawelle in der Hitzewelle ebbt ab. Seid misstrauisch! Die Nation ist im Urlaub, Antigen- und PCR-Tests sind nicht mehr in, seit sich auf breiter Front die Masse keiner Gefahr mehr bewusst ist; eine Grippe steckt man doch auch locker weg &#8230; Schauen wir mal, wenn alle Urlauber wieder zur\u00fcck sind und deren Kinder in den Schulen Urlaubserinnerungen austauschen. Was g\u00e4be man drum, wenn das Szenario nicht eintritt?<br \/>\nDenkt auch an Euren <a href=\"https:\/\/www.rc03-ilbenstadt.de\/?page_id=9875\" target=\"_blank\" rel=\"noopener\">Sonnenschutz!<\/a> <\/strong><br \/>\nDie Hygiene- und Abstandsregeln des RC 03 Ilbenstadt, abgestimmt f\u00fcr das Radwandern sind mittlerweile obsolet. <!--more--> Die politisch Verantwortlichen haben entschieden, dass schwerwiegende Gesundheitsgefahren durch das SARS-Cov-II-Virus  generell nicht mehr drohen. Die Mehrheit ist geimpft und dar\u00fcber hinaus ist sie mit einem Vernunftpotential ausgestattet, aus dem heraus eigenverantwortlich eine gute Pr\u00e4vention folgt. Das hei\u00dft, dass an den entscheidenden Stellen Abstand gehalten und\/oder eine geeignete Maske getragen sowie bei eigener Neigung zur &#8222;Triefnase&#8220; der Kontakt zu Mitmenschen selbstverst\u00e4ndlich eingeschr\u00e4nkt wird. Wer denn wissen will, was das Land Hessen unter unserem eigenverantwortlichen Handeln versteht, dem sei die Internetseite <a href=\"https:\/\/hessen.de\/handeln\/corona-in-hessen\">&#8222;corona-in-hessen&#8220;<\/a> zum Nachlesen empfohlen. Bleibt gesund!<br \/>\nNebenbei:<br \/>\nDie aktuelle und vermutlich immer weniger gelesene Verordnung hei\u00dft nun<br \/>\n<a href=\"https:\/\/hessen.de\/handeln\/corona-in-hessen\">&#8222;Verordnung zum Basisschutz der Bev\u00f6lkerung vor Infektionen mit dem SARS-CoV-2-Virus (Coronavirus-Basisschutzma\u00dfnahmenverordnung &#8211; CoBaSchuV -)&#8220;<\/a> <\/p>\n<p>Wir werden am Assenheimer B\u00fcrgerhaus starten und den altbekannten R 4 in Richtung S\u00fcden unter die R\u00e4der nehmen. Was wissen wir \u00fcber den R 4?<br \/>\nNun, er geh\u00f6rt zu den 9 Hessischen Fernradwegen und h\u00f6rt auf den Namen &#8222;Nord-S\u00fcd-Radweg&#8220;. Auch die M\u00e4rchen- und Sagenwelt wird mit dem Motto &#8222;Von Dornr\u00f6schen zu den Nibelungen&#8220; bem\u00fcht. Ein bisschen Phantasie ben\u00f6tigt man auch, wenn man erf\u00e4hrt, dass der Nord-S\u00fcd-Radweg in Hirschhorn am Neckar beginnt und in Bad Karlshafen endet. Mischen wir uns nicht in den Richtungsstreit ein. Der R 4 ist rund 400 Kilometer lang und erschlie\u00dft die vielf\u00e4ltigen Hessischen Landschaften.<br \/>\nNebenbei: Kartenwege mit eingetragenen Radwegen f\u00fchren uns auch in die geheimnisvolle Welt der K\u00fcrzel. Ziffern sind schon was Feines, auch Buchstabenkombinationen, wie zum Beispiel RuDa, wumbo, Was und RRBS stellen uns schon mal vor R\u00e4tsel. Eine L\u00f6sung findet Ihr im Internet. <a href=\"https:\/\/cycling.waymarkedtrails.org\/#routelist?relations=153698,158122,285920\" target=\"_blank\" rel=\"noopener\">Waymarked Trails : Radwege<\/a> entschl\u00fcsselt Euch das geheime Wissen im Nu. Dar\u00fcber hinaus wird der angeklickte Radweg gelb unterlegt und rechts geht ein Men\u00fc auf, das Euch Namen, Radwegl\u00e4nge und manche Informationen mehr offenbart. Unter uns: Ihr k\u00f6nnt aber auch Pech haben &#8230;<\/p>\n<p>Auf dem Weg nach S\u00fcden, Gro\u00df-Umstadt hei\u00dft unser Ziel, \u00fcberqueren wir wieder den &#8222;Wei\u00dfwurst\u00e4quator&#8220;.  Doch halt! Wenn wir mit der Rumpenheimer F\u00e4hre am s\u00fcdlichen Mainufer anlegen, sind wir noch in Hessen. Sprachlich h\u00f6ren sich unsere s\u00fcdhessischen Br\u00fcder und Schwestern zwar etwas anders an, als wir dies in unserem Wetterauer Umfeld gew\u00f6hnt sind, doch Bayern, oder wenigstens Franken k\u00f6nnen wir nicht heraush\u00f6ren. Hier hat die selbstgef\u00fchlte Weltl\u00e4ufigkeit der Bayern dann doch enge Grenzen. H\u00f6rt man allerdings den Sprachwissenschaftlern zu, sehen diese doch noch Unsch\u00e4rfen und ziehen die Grenzen , ihre  <a href=\"https:\/\/de.wikipedia.org\/wiki\/Hessische_Dialekte\" target=\"_blank\" rel=\"noopener\">Isoglossen (siehe Phonologie)<\/a>, nicht so, worauf ein eingefleischter Hesse in seinem engen Regionalbezug unbedingt besteht.<\/p>\n<p>Nach diesem unn\u00f6tigen Ausflug in Radwegebezeichnungen und sprachlichen Abgr\u00fcnden, zur\u00fcck zur Strecke. Der R 4, \u00fcberwiegend ein Asphaltband, weist an manchen Stellen doch noch archaische Belagsvarianten auf. Ein Rennrad ist zwar nicht unbedingt zu empfehlen, doch alle Zweir\u00e4der, denen filigrane Bereifungen fremd sind, taugen zur Fortbewegung quer durch das vielf\u00e4ltige Hessen.  M\u00fchlheim, Nieder-Roden, Babenhausen, Sickenhofen, Hergershausen, Harpertshausen, Ahlheim, Richen und Gro\u00df-Umstadt s\u00e4umen unseren Weg. Sie sind eher unseren RTF-Fahrerinnen und Fahrern bekannt, die h\u00e4ufig auf Radtouren im S\u00fcdhessischen unterwegs sind. Aber lernt  diese leicht wellige Landschaft mit ihrem Wechsel zwischen kleinen W\u00e4ldern und Feldern kennen. Sie hat ihre Reize. H\u00f6henmeter kommen erst dann richtig ins Spiel, wenn vor dem Odenwald keine Halt gemacht wird. Dann sind Bergziegen in ihrem Element. Keine Bange, am Montag ist der Odenwald noch nicht im Programm.<br \/>\nOb Erwin eine Rast schon fest eingeplant hat?<\/p>\n<p>Ab Gro\u00df-Umstand geht es mit dem Zug nach Hanau und von Dort weiter nach Assenheim. Vergesst Euer 9-EUR-Ticket nicht und auch der Rumpenheimer F\u00e4hrmann will entlohnt sein. Die F\u00e4hre hat kein Niedrigwasserproblem, der Main ist an dieser Stelle aufgestaut. Seid guter Dinge. <\/p>\n<p>Diese Genusstour \u00fcber verkehrsarme Strecken wird etwa\u00a0 74 Kilometer lang sein. Gute Rad- und Wirtschaftswege wurden ausgew\u00e4hlt.<\/p>\n<p>Haben wir Euer Interesse geweckt? Wir freuen uns auf eine rege Teilnahme.<br \/>\nErwin Loscher ist f\u00fcr R\u00fcckfragen unter der Telefonnummer 01512 02 30 745 erreichbar.<\/p>\n<p>F\u00fcr das Radwanderteam<\/p>\n<p>Wilhelm Schr\u00f6der<br \/>\nFachbereichsleiter \u00d6ffentlichkeitsarbeit und Sport (RTF\/CTF)<\/p>\n<p>Streckendownload f\u00fcr Navigationsger\u00e4te:<br \/>\n<a href=\"https:\/\/rc03-ilbenstadt.de\/GPX\/GPX-RW\/RC03_RW_220822_Assenheim_Gro\u00df_Umstadt_74km\">Zur Radwanderstrecke Strecke &#8222;Assenheim_Gro\u00df_Umstadt&#8220;<\/a><\/p>\n<p><a href=\"http:\/\/umap.openstreetmap.fr\/de\/map\/rc03_rw_220822_assenheim_gro_umstadt_75km_798675#11\/49.8745\/9.0946\" target=\"_blank\" rel=\"noopener noreferrer\">Zur Radwanderstrecke Strecke &#8222;Assenheim_Gro\u00df_Umstadt&#8220; (Vollbildanzeige)<\/a><br \/>\n<iframe loading=\"lazy\" width=\"200%\" height=\"300px\" frameborder=\"0\" allowfullscreen src=\"\/\/umap.openstreetmap.fr\/de\/map\/rc03_rw_220822_assenheim_gro_umstadt_75km_798675?scaleControl=true&#038;miniMap=false&#038;scrollWheelZoom=false&#038;zoomControl=true&#038;allowEdit=false&#038;moreControl=true&#038;searchControl=true&#038;tilelayersControl=null&#038;embedControl=true&#038;datalayersControl=true&#038;onLoadPanel=undefined&#038;captionBar=false&#038;fullscreenControl=true&#038;locateControl=true&#038;measureControl=true\"><\/iframe><\/p>\n","protected":false},"excerpt":{"rendered":"<p>Liebe Mitglieder und Freunde des RC 03 Ilbenstadt, eine k\u00fchle L\u00fccke will unser Radwanderfachwart und Wettergott Erwin Loscher ausnutzen, bevor die Hitze dem n\u00e4chsten H\u00f6hepunkt zustrebt. Gutes Gelingen rufe ich ihm zu, Recht hat er, denn am Dienstag steigt die &hellip; <a href=\"https:\/\/www.rc03-ilbenstadt.de\/?p=10939\">Weiterlesen <span class=\"meta-nav\">&rarr;<\/span><\/a><\/p>\n","protected":false},"author":9,"featured_media":10165,"comment_status":"closed","ping_status":"closed","sticky":false,"template":"","format":"standard","meta":{"_crdt_document":"","footnotes":""},"categories":[1],"tags":[],"class_list":["post-10939","post","type-post","status-publish","format-standard","has-post-thumbnail","hentry","category-allgemein"],"_links":{"self":[{"href":"https:\/\/www.rc03-ilbenstadt.de\/index.php?rest_route=\/wp\/v2\/posts\/10939","targetHints":{"allow":["GET"]}}],"collection":[{"href":"https:\/\/www.rc03-ilbenstadt.de\/index.php?rest_route=\/wp\/v2\/posts"}],"about":[{"href":"https:\/\/www.rc03-ilbenstadt.de\/index.php?rest_route=\/wp\/v2\/types\/post"}],"author":[{"embeddable":true,"href":"https:\/\/www.rc03-ilbenstadt.de\/index.php?rest_route=\/wp\/v2\/users\/9"}],"replies":[{"embeddable":true,"href":"https:\/\/www.rc03-ilbenstadt.de\/index.php?rest_route=%2Fwp%2Fv2%2Fcomments&post=10939"}],"version-history":[{"count":2,"href":"https:\/\/www.rc03-ilbenstadt.de\/index.php?rest_route=\/wp\/v2\/posts\/10939\/revisions"}],"predecessor-version":[{"id":10941,"href":"https:\/\/www.rc03-ilbenstadt.de\/index.php?rest_route=\/wp\/v2\/posts\/10939\/revisions\/10941"}],"wp:featuredmedia":[{"embeddable":true,"href":"https:\/\/www.rc03-ilbenstadt.de\/index.php?rest_route=\/wp\/v2\/media\/10165"}],"wp:attachment":[{"href":"https:\/\/www.rc03-ilbenstadt.de\/index.php?rest_route=%2Fwp%2Fv2%2Fmedia&parent=10939"}],"wp:term":[{"taxonomy":"category","embeddable":true,"href":"https:\/\/www.rc03-ilbenstadt.de\/index.php?rest_route=%2Fwp%2Fv2%2Fcategories&post=10939"},{"taxonomy":"post_tag","embeddable":true,"href":"https:\/\/www.rc03-ilbenstadt.de\/index.php?rest_route=%2Fwp%2Fv2%2Ftags&post=10939"}],"curies":[{"name":"wp","href":"https:\/\/api.w.org\/{rel}","templated":true}]}}