{"id":10950,"date":"2022-08-28T23:26:27","date_gmt":"2022-08-28T21:26:27","guid":{"rendered":"https:\/\/www.rc03-ilbenstadt.de\/?p=10950"},"modified":"2022-08-29T02:11:05","modified_gmt":"2022-08-29T00:11:05","slug":"ilbenstaedter-radtourenradwanderung-von-fulda-ueber-den-r-4-nach-gelnhausenam-mittwoch-den-31-august-2022ilbenstadts-fruehe-bindung-zur-gelnhaeuser-geschichte-entdecken","status":"publish","type":"post","link":"https:\/\/www.rc03-ilbenstadt.de\/?p=10950","title":{"rendered":"Ilbenst\u00e4dter Radtouren<br>Radwanderung<br> &#8222;Von Fulda \u00fcber den R 4 nach Gelnhausen&#8220;<br><br>am Mittwoch, den 31. August 2022<br><br>Ilbenstadts fr\u00fche Bindung zur Gelnh\u00e4user Geschichte entdecken"},"content":{"rendered":"<p><strong>Liebe Mitglieder und Freunde des RC 03 Ilbenstadt,<\/strong><\/p>\n<p>unser 9-EUR-Ticket l\u00e4uft aus und das Wetter verspricht  weniger Hitze.  Es soll ein Wechsel zwischen Sonne und Wolken geben, leichter Regen ist nur f\u00fcr Hessens S\u00fcden angesagt. Erwin Loscher l\u00e4dt zur Tour \u00fcber den Hessenradweg R 3 von Fulda nach Gelnhausen ein:<\/p>\n<p><strong>Start am Mittwoch, den 31. August 2022 um<\/strong><br \/>\n<strong>07:48 Uhr Abfahrt mit dem Zug vom Bhf Assenheim  \u00fcber Hanau nach Fulda<\/strong><\/p>\n<p><strong>Die Coronawelle in der Hitzewelle ebbt ab, das Dunkelfeld wird nicht erhellt. Seid misstrauisch! Die Nation ist noch im Urlaub, Antigen- und PCR-Tests sind nicht mehr in, seit sich auf breiter Front die Masse keiner Gefahr mehr bewusst ist; eine Grippe steckt man doch auch locker weg &#8230; Schauen wir mal, wenn alle Urlauber wieder zur\u00fcck sind und deren Kinder in den Schulen Urlaubserinnerungen austauschen. Was g\u00e4be man drum, wenn das Szenario nicht eintritt?<br \/>\nDenkt auch an Euren <a href=\"https:\/\/www.rc03-ilbenstadt.de\/?page_id=9875\" target=\"_blank\" rel=\"noopener\">Sonnenschutz!<\/a> <\/strong><br \/>\nDie Hygiene- und Abstandsregeln des RC 03 Ilbenstadt, abgestimmt f\u00fcr das Radwandern sind mittlerweile obsolet. <!--more--> Die politisch Verantwortlichen haben entschieden, dass schwerwiegende Gesundheitsgefahren durch das SARS-CoV-II-Virus  generell nicht mehr drohen. Die Mehrheit ist geimpft und dar\u00fcber hinaus ist sie mit einem Vernunftpotential ausgestattet, aus dem heraus eigenverantwortlich eine gute Pr\u00e4vention folgt. Das hei\u00dft, dass an den entscheidenden Stellen Abstand gehalten und\/oder eine geeignete Maske getragen sowie bei eigener Neigung zur &#8222;Triefnase&#8220; der Kontakt zu Mitmenschen selbstverst\u00e4ndlich eingeschr\u00e4nkt wird. Wer denn wissen will, was das Land Hessen unter unserem eigenverantwortlichen Handeln versteht, dem sei die Internetseite <a href=\"https:\/\/hessen.de\/handeln\/corona-in-hessen\">&#8222;corona-in-hessen&#8220;<\/a> zum Nachlesen empfohlen. Bleibt gesund!<br \/>\nNebenbei:<br \/>\nDie aktuelle und vermutlich immer weniger gelesene Verordnung hei\u00dft Coronavirus-Basisschutzma\u00dfnahmenverordnung &#8211; CoBaSchuV. Sie wurde am 15. August 2022 neu in Marsch gesetzt und gilt nun bis einschlie\u00dflich des 11. September 2022. Sie ist mit Auslegungshinweisen  <a href=\"https:\/\/hessen.de\/sites\/hessen.hessen.de\/files\/2022-08\/2022_08_15_Auslegungshinweise_CoBaSchuV_barrierefrei.pdf\" target=\"_blank\" rel=\"noopener\">hier<\/a>  nachzulesen.<\/p>\n<p>Wir m\u00fcssen fr\u00fcher aus dem Bett und zum Bahnhof in Assenheim eilen. Doch schlie\u00dft sich eine entspannte Zugfahrt \u00fcber Hanau nach Fulda an. Fulda, ein interessantes St\u00e4dtchen, politisches und kulturelles Zentrum Osthessens, zudem Bischofssitz. Insgesamt konservativ gepr\u00e4gt und insbesondere Bischof Dyba (1983 &#8211; 2000) wusste besonders zu polarisieren und festigte den Ruf Fuldas als erzkonservatives Zentrum.<br \/>\nWir verlassen Fulda in Richtung Neuhof, nicht ohne die Absicht Fulda erneut zu besuchen und zu erkunden. Weithin sichtbar ist die wei\u00dfe Abraumhalde der Kali+Salz AG. Rund vier Millionen Tonnen aufbereitete Kalisalze werden europaweit als D\u00fcngemittel und als Grund- und Hilfsstoffe f\u00fcr die chemische Industrie vertrieben. Ohne diesen D\u00fcnger, ob von Neuhof oder aus anderen Quellen, w\u00fcrde gar die Ukraine den Ruf als Kornkammer verlieren.<br \/>\nWenn die Abraumhalde aus unserem Blick verschwunden ist, liegt Schl\u00fcchtern und Steinau an der Stra\u00dfe vor uns. Als Stichworte gen\u00fcgen f\u00fcr Steinau &#8222;Br\u00fcder-Grimm-Stadt&#8220;, die Gebr\u00fcder haben hier anscheinend eine m\u00e4rchenhafte Jugend verlebt und die &#8222;Via Regia&#8220;, die alte Handelsstra\u00dfe Frankfurt-Leipzig, die wir in unserer Region hinreichend als Hohe Stra\u00dfe kennen.<br \/>\nJetzt aber nach Gelnhausen, der Barbarossastadt. Wusstet ihr, dass auf wunderbare Weise enge Bez\u00fcge zu Ilbenstadt bestehen? Diese gehen auf Kaiser Barbarossa, Friedrich I., zur\u00fcck, der es sich nicht nehmen lie\u00df, 1170 Gelnhausen zu gr\u00fcnden und eine Kaiserpfalz anlegen zu lassen. Die R\u00f6misch-Deutschen Kaiser regierten nicht aus einer Hauptstadt heraus; sie waren dauernd in Bewegung, reisten durch das Reich und lie\u00dfen sich tempor\u00e4r in den \u00fcber das Land verstreuten Pfalzen zum Regieren nieder, was dem Zusammenhalt des gro\u00dfen Reiches abseits von schnellen Kommunikationsmitteln, wie Telefon und Internet, sicher f\u00f6rderlich war.<br \/>\nZur\u00fcck zu Ilbenstadt. Gottfried von Cappenberg und sein Bruder Otto hatten eine Begegnung mit dem heiligen Norbert von Xanten. Dies w\u00fchlte beide derma\u00dfen auf, dass sie spontan ihre Besitzungen 1122 dem Pr\u00e4monstratenser Orden \u00fcbergaben und auch selbst diesem beitraten. Damit b\u00fc\u00dften sie erfolgreich f\u00fcr die Zerst\u00f6rung des St. Paulus Domes zu M\u00fcnster; Gottfried wurde gar Heilig gesprochen. Wo ist nun die Verbindung zu Barbarossa? Graf Otto von Cappenberg war der Taufpate Barbarossas, der um 1122 geboren wurde. Damit war Ilbenstadt fast Nabel der Welt, \u00fcber die Cappenbergs mit einem bedeutenden Kaiser des Heiligen R\u00f6mischen Reiches Deutscher Nation verbunden, der heute noch im Kyffh\u00e4user schlafen soll und nur auf bessere Zeiten wartend bereit ist, sein Wirken zum Wohle der Nation, die sich seinerzeit \u00fcber den engen Begriff der Deutschen hinaus erstreckte, fortzusetzen. Da haben wir mit dieser Verbindung schon mal bei ihm einen Stein im Brett. <\/p>\n<p>Mit diesem Wissen k\u00f6nnen wir nun mit Zuversicht am Gelnh\u00e4user Bahnhof in den Zug steigen und heimatlichen Gefilden entgegenstreben. Da von Fulda nach Gelnhausen so gut wie kein st\u00f6render H\u00f6henmeter unsere Fahrt beeinflusst hat, sollten genug K\u00f6rner \u00fcbrig sein, um bereits in Ranstadt den Zug wieder zu verlassen, um die restlichen 18,4 Kilometer \u00fcber den Hessenradweg R 4 nach Assenheim unter die R\u00e4der zu nehmen. Falls man keinen guten Tag erwischt hat, kann der Zug nach Hanau genommen werden, um von hier Assenheim direkt per Bahn anzufahren.<br \/>\nDiese Genusstour \u00fcber verkehrsarme Strecken mit nur 392 H\u00f6henmetern und 71 Kilometern, die gegebenenfalls um 18, 4 Kilometer verl\u00e4ngert werden kann, wird sicher Euer Interesse wecken. Gute Rad- und Wirtschaftswege wurden ausgew\u00e4hlt.<\/p>\n<p>Wir freuen uns auf eine rege Teilnahme.<br \/>\nErwin Loscher ist f\u00fcr R\u00fcckfragen unter der Telefonnummer 01512 02 30 745 erreichbar.<\/p>\n<p>F\u00fcr das Radwanderteam<\/p>\n<p>Wilhelm Schr\u00f6der<br \/>\nFachbereichsleiter \u00d6ffentlichkeitsarbeit und Sport (RTF\/CTF)<\/p>\n<p>Streckendownload f\u00fcr Navigationsger\u00e4te:<br \/>\n<a href=\"https:\/\/rc03-ilbenstadt.de\/GPX\/GPX-RW\/RC03_RW_220831_Fulda_Gelnhausen_71km\">&#8222;Zur Radwanderstrecke Strecke &#8222;Fulda &#8211; Gelnhausen&#8220;<\/a><\/p>\n<p><a href=\"http:\/\/umap.openstreetmap.fr\/de\/map\/rc03_rw_220831_fulda_gelnhausen_71km_801370\" target=\"_blank\" rel=\"noopener noreferrer\">Zur Radwanderstrecke Strecke &#8222;Fulda &#8211; Gelnhausen&#8220; (Vollbildanzeige)<\/a><br \/>\n<iframe loading=\"lazy\" width=\"200%\" height=\"300px\" frameborder=\"0\" allowfullscreen src=\"\/\/umap.openstreetmap.fr\/de\/map\/rc03_rw_220831_fulda_gelnhausen_71km_801370?scaleControl=true&#038;miniMap=false&#038;scrollWheelZoom=true&#038;zoomControl=true&#038;allowEdit=false&#038;moreControl=true&#038;searchControl=true&#038;tilelayersControl=true&#038;embedControl=true&#038;datalayersControl=true&#038;onLoadPanel=undefined&#038;captionBar=false&#038;fullscreenControl=true&#038;measureControl=true\"><\/iframe><\/p>\n","protected":false},"excerpt":{"rendered":"<p>Liebe Mitglieder und Freunde des RC 03 Ilbenstadt, unser 9-EUR-Ticket l\u00e4uft aus und das Wetter verspricht weniger Hitze. Es soll ein Wechsel zwischen Sonne und Wolken geben, leichter Regen ist nur f\u00fcr Hessens S\u00fcden angesagt. Erwin Loscher l\u00e4dt zur Tour &hellip; <a href=\"https:\/\/www.rc03-ilbenstadt.de\/?p=10950\">Weiterlesen <span class=\"meta-nav\">&rarr;<\/span><\/a><\/p>\n","protected":false},"author":9,"featured_media":10165,"comment_status":"closed","ping_status":"closed","sticky":false,"template":"","format":"standard","meta":{"_crdt_document":"","footnotes":""},"categories":[1],"tags":[],"class_list":["post-10950","post","type-post","status-publish","format-standard","has-post-thumbnail","hentry","category-allgemein"],"_links":{"self":[{"href":"https:\/\/www.rc03-ilbenstadt.de\/index.php?rest_route=\/wp\/v2\/posts\/10950","targetHints":{"allow":["GET"]}}],"collection":[{"href":"https:\/\/www.rc03-ilbenstadt.de\/index.php?rest_route=\/wp\/v2\/posts"}],"about":[{"href":"https:\/\/www.rc03-ilbenstadt.de\/index.php?rest_route=\/wp\/v2\/types\/post"}],"author":[{"embeddable":true,"href":"https:\/\/www.rc03-ilbenstadt.de\/index.php?rest_route=\/wp\/v2\/users\/9"}],"replies":[{"embeddable":true,"href":"https:\/\/www.rc03-ilbenstadt.de\/index.php?rest_route=%2Fwp%2Fv2%2Fcomments&post=10950"}],"version-history":[{"count":5,"href":"https:\/\/www.rc03-ilbenstadt.de\/index.php?rest_route=\/wp\/v2\/posts\/10950\/revisions"}],"predecessor-version":[{"id":10957,"href":"https:\/\/www.rc03-ilbenstadt.de\/index.php?rest_route=\/wp\/v2\/posts\/10950\/revisions\/10957"}],"wp:featuredmedia":[{"embeddable":true,"href":"https:\/\/www.rc03-ilbenstadt.de\/index.php?rest_route=\/wp\/v2\/media\/10165"}],"wp:attachment":[{"href":"https:\/\/www.rc03-ilbenstadt.de\/index.php?rest_route=%2Fwp%2Fv2%2Fmedia&parent=10950"}],"wp:term":[{"taxonomy":"category","embeddable":true,"href":"https:\/\/www.rc03-ilbenstadt.de\/index.php?rest_route=%2Fwp%2Fv2%2Fcategories&post=10950"},{"taxonomy":"post_tag","embeddable":true,"href":"https:\/\/www.rc03-ilbenstadt.de\/index.php?rest_route=%2Fwp%2Fv2%2Ftags&post=10950"}],"curies":[{"name":"wp","href":"https:\/\/api.w.org\/{rel}","templated":true}]}}