{"id":10959,"date":"2022-09-06T03:34:38","date_gmt":"2022-09-06T01:34:38","guid":{"rendered":"https:\/\/www.rc03-ilbenstadt.de\/?p=10959"},"modified":"2022-09-06T03:41:48","modified_gmt":"2022-09-06T01:41:48","slug":"ilbenstaedter-radtourenradwanderung-wickstadt-usingen-assenheimam-mittwoch-den-7-september-2022der-usatalradweg-eine-verbindung-von-weil-und-nidda","status":"publish","type":"post","link":"https:\/\/www.rc03-ilbenstadt.de\/?p=10959","title":{"rendered":"Ilbenst\u00e4dter Radtouren<br>Radwanderung<br> &#8222;Wickstadt &#8211; Usingen &#8211; Assenheim&#8220;<br><br>am Mittwoch, den 7. September 2022<br><br>Der Usatalradweg, eine Verbindung von Weil und Nidda"},"content":{"rendered":"<p><strong>Liebe Mitglieder und Freunde des RC 03 Ilbenstadt,<\/strong><\/p>\n<p>Sonne, Wolken, angenehme Temperaturen bis 25\u00b0 Celsius sowie die Aussicht auf ein Gewitter mit erfrischendem Regen. Letzteres nicht in unserer Region, nicht w\u00e4hrend unserer Tour. So die feste \u00dcberzeugung unseres Wetterpropheten Erwin Loscher. Er l\u00e4dt zur Tour nach Usingen ein:<\/p>\n<p><strong>Start am Mittwoch, den 7. September 2022 um 09:00 Uhr<\/strong><br \/>\n<strong>an der Wickst\u00e4dter Niddabr\u00fccke<\/strong><\/p>\n<p><strong>Die Coronawelle in der Hitzewelle ebbt ab, das Dunkelfeld wird nicht erhellt. Seid misstrauisch! Die Nation ist erst gerade aus dem Urlaub zur\u00fcck, Antigen- und PCR-Tests sind nicht mehr in, seit sich auf breiter Front die Masse keiner Gefahr mehr bewusst ist; eine Grippe steckt man doch auch locker weg &#8230; Schauen wir mal, wenn alles wieder in geregelten Bahnen verl\u00e4uft.<br \/>\nDenkt auch an Euren <a href=\"https:\/\/www.rc03-ilbenstadt.de\/?page_id=9875\" target=\"_blank\" rel=\"noopener\">Sonnenschutz!<\/a> <\/strong><br \/>\nDie Hygiene- und Abstandsregeln des RC 03 Ilbenstadt, abgestimmt f\u00fcr das Radwandern sind mittlerweile obsolet. <!--more--> Die politisch Verantwortlichen haben entschieden, dass schwerwiegende Gesundheitsgefahren durch das SARS-CoV-II-Virus  generell nicht mehr drohen. Die Mehrheit ist geimpft und dar\u00fcber hinaus ist sie mit einem Vernunftpotential ausgestattet, aus dem heraus eigenverantwortlich eine gute Pr\u00e4vention folgt. Das hei\u00dft, dass an den entscheidenden Stellen Abstand gehalten und\/oder eine geeignete Maske getragen sowie bei eigener Neigung zur &#8222;Triefnase&#8220; der Kontakt zu Mitmenschen selbstverst\u00e4ndlich eingeschr\u00e4nkt wird. Wer denn wissen will, was das Land Hessen unter unserem eigenverantwortlichen Handeln versteht, dem sei die Internetseite <a href=\"https:\/\/hessen.de\/handeln\/corona-in-hessen\">&#8222;corona-in-hessen&#8220;<\/a> zum Nachlesen empfohlen. Bleibt gesund!<br \/>\nNebenbei:<br \/>\nDie aktuelle und vermutlich immer weniger gelesene Verordnung hei\u00dft Coronavirus-Basisschutzma\u00dfnahmenverordnung &#8211; CoBaSchuV. Sie wurde am 15. August 2022 neu in Marsch gesetzt und gilt nun bis einschlie\u00dflich des 11. September 2022. Sie ist mit Auslegungshinweisen  <a href=\"https:\/\/hessen.de\/sites\/hessen.hessen.de\/files\/2022-08\/2022_08_15_Auslegungshinweise_CoBaSchuV_barrierefrei.pdf\" target=\"_blank\" rel=\"noopener\">hier<\/a>  nachzulesen.<\/p>\n<p>Nach Usingen f\u00e4hrt man am Besten \u00fcber den Usa-Radweg. Wer nun einen Zusammenhang zwischen den Namen Usingen und Usa vermutet, ist im Reich der Spekulation gut aufgehoben. Manche vermuten den Namensursprung in dem keltischen &#8222;aha&#8220; = Wasser; aus Usaha sei dann der Usbach geworden. Aufpassen! Da erw\u00e4chst mir Konkurrenz im Spekulieren &#8230;<br \/>\nZur\u00fcck zum Usa-Radweg, der in Assenheim unweit der Wetterm\u00fcndung in die Nidda  beginnt. Von der Usa ist noch nicht einmal mehr das Wasser in der Wetter zu identifizieren, mit dem sie sich vor der G\u00f6rbelheimer M\u00fchle im Schatten der Eisenbahnbr\u00fccke vermischt hat. Ab Fauerbach wird dann die Usa treuer Begleiter bis nach Usingen sein.<br \/>\nDer Usa-Radweg k\u00e4mpft sich durch Friedberg und Bad Nauheim. Die Radwegef\u00fchrung begeistert hier nicht immer, doch hat man eine relativ verkehrsarme Durchquerung der beiden St\u00e4dte gefunden. Am Sprudelhof Bad Nauheims wird die Baustelle der Therme \u00fcber den Kurpark umgangen. Genie\u00dft diesen Ausflug in den Kurpark, sonst stehen sich hier Fu\u00dfg\u00e4nger und Radfahrer unvers\u00f6hnlich gegen\u00fcber.<br \/>\nAb Nieder-M\u00f6rlen gleiten wir gem\u00fctlich dahin, \u00fcberwinden die &#8222;paar Meter&#8220; links neben der B 275 nach Ober-M\u00f6rlen und entfliehen \u00fcber die n\u00f6rdliche Umgehung Ober-M\u00f6rlens \u00fcber ruhige Wirtschaftswege. Durch das malerische Tal der Usa werden wir sicher nach Usingen gef\u00fchrt.<br \/>\nZur Geschichte Usingens kann man viel oder auch wenig sagen. Anders als in vielen bekannten Siedlungsgebiete gibt es hier zwar von der Jungsteinzeit beginnend immer wieder einmal Funde, die sich aber nicht in einen kontinuierlichen geschichtlichen Kontext einf\u00fcgten. Der Bereich Usingen scheint wenig attraktiv f\u00fcr die Gr\u00fcndung von Gemeinwesen dargestellt zu haben. Wenn denn mal die Usa schiffbar gewesen w\u00e4re, Bodensch\u00e4tze das Interesse geweckt h\u00e4tten oder wenigstens eine wichtige Handelsroute das Gebiet gequert h\u00e4tte, s\u00e4he es heute anders aus. Doch es hat nicht sollen sein und so muss man der Bev\u00f6lkerung heute dankbar sein, dass sie Usingen als Lebensmittelpunkt gew\u00e4hlt und damit aus seiner relativen Bedeutungslosigkeit gerissen haben.<br \/>\nWir sind auch froh, in Usingen ein h\u00fcbsches St\u00e4dtchen gefunden zu haben, das auch zu einer ausgiebigen Rast einl\u00e4dt.<br \/>\nWehrheim ist der erste Siedlungsflecken auf dem R\u00fcckweg. \u00dcberhalb der Saalburgsiedlung und des Quarzitwerkes schlagen wir uns in den Wald. Am Munitionslager K\u00f6ppern &#8222;st\u00fcrzen&#8220; wir uns in K\u00f6pperner Tal, unterqueren die Autobahn und nehmen die Wirtschaftswege s\u00fcdlich von Rosbach und n\u00f6rdlich von Ober-W\u00f6llstadt unter die R\u00e4der. Schon sehen wir Bruchenbr\u00fccken. Zeit sich zu neuen Taten zu verabreden und Abschied zu nehmen, denn ab hier l\u00f6st sich die Gruppe erfahrungsgem\u00e4\u00df mehr oder minder auf. Jeder strebt jetzt dem eigenen Herd entgegen.<\/p>\n<p>Diese Genusstour \u00fcber verkehrsarme Strecken mit 553 H\u00f6henmetern und 66,4 Kilometern wird sicher Euer Interesse wecken. Gute Rad- und Wirtschaftswege wurden ausgew\u00e4hlt.<\/p>\n<p>Wir freuen uns auf eine rege Teilnahme.<br \/>\nErwin Loscher ist f\u00fcr R\u00fcckfragen unter der Telefonnummer 01512 02 30 745 erreichbar.<\/p>\n<p>F\u00fcr das Radwanderteam<\/p>\n<p>Wilhelm Schr\u00f6der<br \/>\nFachbereichsleiter \u00d6ffentlichkeitsarbeit und Sport (RTF\/CTF)<\/p>\n<p>Streckendownload f\u00fcr Navigationsger\u00e4te:<br \/>\n<a href=\"https:\/\/rc03-ilbenstadt.de\/GPX\/\/GPX-RW\/RC03_RW_220907_Wickstadt_Usingen_Assenheim_66km\">&#8222;Zur Radwanderstrecke Strecke &#8222;Wickstadt-Usingen-Assenheim&#8220;<\/a><\/p>\n<p><a href=\"http:\/\/umap.openstreetmap.fr\/de\/map\/rc03_rw_220907_wickstadt_usingen_assenheim_804193#13\/50.3350\/8.6816\" target=\"_blank\" rel=\"noopener noreferrer\">Zur Radwanderstrecke Strecke &#8222;Wickstadt-Usingen-Assenheim&#8220; (Vollbildanzeige)<\/a><br \/>\n<iframe loading=\"lazy\" width=\"200%\" height=\"300px\" frameborder=\"0\" allowfullscreen src=\"\/\/umap.openstreetmap.fr\/de\/map\/rc03_rw_220907_wickstadt_usingen_assenheim_804193?scaleControl=true&#038;miniMap=false&#038;scrollWheelZoom=true&#038;zoomControl=true&#038;allowEdit=false&#038;moreControl=true&#038;searchControl=true&#038;tilelayersControl=true&#038;embedControl=true&#038;datalayersControl=true&#038;onLoadPanel=undefined&#038;captionBar=false&#038;fullscreenControl=true&#038;measureControl=true\"><\/iframe><\/p>\n","protected":false},"excerpt":{"rendered":"<p>Liebe Mitglieder und Freunde des RC 03 Ilbenstadt, Sonne, Wolken, angenehme Temperaturen bis 25\u00b0 Celsius sowie die Aussicht auf ein Gewitter mit erfrischendem Regen. Letzteres nicht in unserer Region, nicht w\u00e4hrend unserer Tour. So die feste \u00dcberzeugung unseres Wetterpropheten Erwin &hellip; <a href=\"https:\/\/www.rc03-ilbenstadt.de\/?p=10959\">Weiterlesen <span class=\"meta-nav\">&rarr;<\/span><\/a><\/p>\n","protected":false},"author":9,"featured_media":10165,"comment_status":"closed","ping_status":"closed","sticky":false,"template":"","format":"standard","meta":{"_crdt_document":"","footnotes":""},"categories":[1],"tags":[],"class_list":["post-10959","post","type-post","status-publish","format-standard","has-post-thumbnail","hentry","category-allgemein"],"_links":{"self":[{"href":"https:\/\/www.rc03-ilbenstadt.de\/index.php?rest_route=\/wp\/v2\/posts\/10959","targetHints":{"allow":["GET"]}}],"collection":[{"href":"https:\/\/www.rc03-ilbenstadt.de\/index.php?rest_route=\/wp\/v2\/posts"}],"about":[{"href":"https:\/\/www.rc03-ilbenstadt.de\/index.php?rest_route=\/wp\/v2\/types\/post"}],"author":[{"embeddable":true,"href":"https:\/\/www.rc03-ilbenstadt.de\/index.php?rest_route=\/wp\/v2\/users\/9"}],"replies":[{"embeddable":true,"href":"https:\/\/www.rc03-ilbenstadt.de\/index.php?rest_route=%2Fwp%2Fv2%2Fcomments&post=10959"}],"version-history":[{"count":4,"href":"https:\/\/www.rc03-ilbenstadt.de\/index.php?rest_route=\/wp\/v2\/posts\/10959\/revisions"}],"predecessor-version":[{"id":10963,"href":"https:\/\/www.rc03-ilbenstadt.de\/index.php?rest_route=\/wp\/v2\/posts\/10959\/revisions\/10963"}],"wp:featuredmedia":[{"embeddable":true,"href":"https:\/\/www.rc03-ilbenstadt.de\/index.php?rest_route=\/wp\/v2\/media\/10165"}],"wp:attachment":[{"href":"https:\/\/www.rc03-ilbenstadt.de\/index.php?rest_route=%2Fwp%2Fv2%2Fmedia&parent=10959"}],"wp:term":[{"taxonomy":"category","embeddable":true,"href":"https:\/\/www.rc03-ilbenstadt.de\/index.php?rest_route=%2Fwp%2Fv2%2Fcategories&post=10959"},{"taxonomy":"post_tag","embeddable":true,"href":"https:\/\/www.rc03-ilbenstadt.de\/index.php?rest_route=%2Fwp%2Fv2%2Ftags&post=10959"}],"curies":[{"name":"wp","href":"https:\/\/api.w.org\/{rel}","templated":true}]}}