{"id":10965,"date":"2022-09-15T14:54:28","date_gmt":"2022-09-15T12:54:28","guid":{"rendered":"https:\/\/www.rc03-ilbenstadt.de\/?p=10965"},"modified":"2022-09-17T17:25:09","modified_gmt":"2022-09-17T15:25:09","slug":"ilbenstaedter-radtourenradwanderung-assenheim-schwanheimer-duene-suedbahnhof-assenheimam-freitag-den-16-september-2022zur-schwanheimer-duene-mit-besuch-des-seppchens","status":"publish","type":"post","link":"https:\/\/www.rc03-ilbenstadt.de\/?p=10965","title":{"rendered":"Ilbenst\u00e4dter Radtouren<br>Radwanderung<br> &#8222;Assenheim-Schwanheimer D\u00fcne-S\u00fcdbahnhof-Assenheim&#8220;<br><br>am Freitag, den 16. September 2022<br><br>Zur Schwanheimer D\u00fcne mit Besuch des &#8222;Seppchens&#8220;"},"content":{"rendered":"<p><strong>Liebe Mitglieder und Freunde des RC 03 Ilbenstadt,<\/strong><\/p>\n<p>Sonne, Wolken, angenehme Temperaturen bis 25\u00b0 Celsius sowie die Aussicht auf ein Gewitter mit erfrischendem Regen. Letzteres nicht in unserer Region, nicht w\u00e4hrend unserer Tour. So die feste \u00dcberzeugung unseres Wetterpropheten Erwin Loscher. Er l\u00e4dt zur Tour auf die Schwanheimer D\u00fcne ein:<\/p>\n<p><strong>Start am Freitag, den 16. September 2022 um 09:30 Uhr<\/strong><br \/>\n<strong>am Assenheimer B\u00fcrgerhaus<\/strong><\/p>\n<p>Die Hitzewelle ist vorbei, der Herbst strebt nun seinem H\u00f6hepunkt entgegen, Luftfeuchte und Regen gehen mit k\u00fchleren Temperaturen einher; das neue Wohlf\u00fchlklima des Coronavirus? Mal sehen. Es ist aber auch in feuchtwarmen und schlecht gel\u00fcfteten Innenr\u00e4umen zu Hause. Lasst Euch nicht erwischen!<br \/>\nDie Hygiene- und Abstandsregeln des RC 03 Ilbenstadt, abgestimmt f\u00fcr das Radwandern sind weiter obsolet. <!--more--> Die politisch Verantwortlichen haben entschieden, dass schwerwiegende Gesundheitsgefahren durch das SARS-CoV-II-Virus  generell nicht mehr drohen. Die Mehrheit ist geimpft und dar\u00fcber hinaus ist sie mit einem Vernunftpotential ausgestattet, aus dem heraus eigenverantwortlich eine gute Pr\u00e4vention folgt. Das hei\u00dft, dass an den entscheidenden Stellen Abstand gehalten und\/oder eine geeignete Maske getragen sowie bei eigener Neigung zur &#8222;Triefnase&#8220; der Kontakt zu Mitmenschen selbstverst\u00e4ndlich eingeschr\u00e4nkt wird. Wer denn wissen will, was das Land Hessen unter unserem eigenverantwortlichen Handeln versteht, dem sei die Internetseite <a href=\"https:\/\/hessen.de\/handeln\/corona-in-hessen\">&#8222;corona-in-hessen&#8220;<\/a> zum Nachlesen empfohlen. Bleibt gesund!<br \/>\nNebenbei:<br \/>\nDie aktuelle und vermutlich immer weniger gelesene Verordnung hei\u00dft Coronavirus-Basisschutzma\u00dfnahmenverordnung &#8211; CoBaSchuV. Sie wurde am 15. August 2022 neu in Marsch gesetzt und gilt nun bis einschlie\u00dflich des 11. September 2022. Sie ist mit Auslegungshinweisen  <a href=\"https:\/\/hessen.de\/sites\/hessen.hessen.de\/files\/2022-08\/2022_08_15_Auslegungshinweise_CoBaSchuV_barrierefrei.pdf\" target=\"_blank\" rel=\"noopener\">hier<\/a>  nachzulesen.<\/p>\n<p>Von Assenheim aus streben wir gen Ilbenstadt und hoffen dort auf einige Mitradlerinnen und -radler, die uns den Niddaradweg bis zur Niddam\u00fcndung in den Main begleiten. In H\u00f6chst nehmen wir die F\u00e4hre \u00fcber den Main und stehen schon vor einer Besonderheit, die uns vor rund 10.000 Jahren die letzte Eiszeit beschert hat. Sand aus dem nahen Main hat sich hier abgelagert und zu einer D\u00fcne \u201eaufget\u00fcrmt\u201c. Was in den 10.000 Jahren bis heute hier passiert ist, l\u00e4sst sich in groben Z\u00fcgen nachvollziehen. Interessant ist, dass die D\u00fcne einmal vollst\u00e4ndig bewaldet war. Obwohl streng gesch\u00fctzt, machte sich der Kiefernspanner \u00fcber den Wald her und 1811 ward er nicht mehr gesehen. Die D\u00fcne begann zu wandern. Die Frankfurter haben sie aber schnell in den Griff bekommen; sie ist heute noch an Ort und Stelle. Eine kurze Periode des Sandabbaues hat sie auch \u00fcberstanden und pr\u00e4sentiert sich uns heute als gesch\u00fctzte Landschaft mit reicher Pflanzen- und Tierwelt. Freuen wir uns auf die Erkundung.<\/p>\n<p>Unweit der Schwanheimer D\u00fcne rasten wir dann. Im Frankfurter Hof \u201eSeppchen\u201c zu Schwanheim ist eine Einkehr geplant. Danach verlassen wir Schwanheim und radeln den Mainradweg in Richtung Osten. In Frankfurt Sachsenhausen haben wir dann schon 51 Kilometer in den Beinen. Eine S-Bahnstation \u201eS\u00fcdbahnhof\u201c k\u00f6nnte die Radtour unterbrechen und uns einen bequemen Transport nach Nieder-W\u00f6llstadt oder Bruchenbr\u00fccken anbieten. Sollte das Bed\u00fcrfnis bestehen, dem Mainradweg weiter zu folgen, markiert der Bahnhof in Hanau bei Kilometer 80 das Ende unserer Radtour. Unentwegte k\u00f6nnen auf eigene Faust nat\u00fcrlich Ilbenstadt oder Assenheim noch im Sattel erreichen. Auf Wunsch unterbreiten wir hier einen Tourenvorschlag.<\/p>\n<p>Diese Genusstour \u00fcber verkehrsarme Strecken mit 83 H\u00f6henmetern und 51,2 Kilometern wird sicher Euer Interesse wecken. Gute Rad- und Wirtschaftswege wurden ausgew\u00e4hlt.<\/p>\n<p>Wir freuen uns auf eine rege Teilnahme.<br \/>\nErwin Loscher ist f\u00fcr R\u00fcckfragen unter der Telefonnummer 01512 02 30 745 erreichbar.<\/p>\n<p>F\u00fcr das Radwanderteam<\/p>\n<p>Wilhelm Schr\u00f6der<br \/>\nFachbereichsleiter \u00d6ffentlichkeitsarbeit und Sport (RTF\/CTF)<\/p>\n<p>Streckendownload f\u00fcr Navigationsger\u00e4te:<br \/>\n<a href=\"https:\/\/rc03-ilbenstadt.de\/GPX\/GPX-RW\/RC03_RW_220916_Assenheim_SchwanheimerD\u00fcne_S\u00fcdbahnhof\">&#8222;Zur Radwanderstrecke Strecke &#8222;Assenheim-SchwanheimerD\u00fcne-S\u00fcdbahnhof&#8220;<\/a><\/p>\n<p><a href=\"http:\/\/umap.openstreetmap.fr\/de\/map\/rc03_rw_220916_assenheim_schwanheimerdune_sudbahnh_808140#12\/50.1987\/8.6624\" target=\"_blank\" rel=\"noopener noreferrer\">Zur Radwanderstrecke Strecke &#8222;Assenheim-SchwanheimerD\u00fcne-S\u00fcdbahnhof&#8220; (Vollbildanzeige)<\/a><br \/>\n<iframe loading=\"lazy\" width=\"200%\" height=\"300px\" frameborder=\"0\" allowfullscreen src=\"\/\/umap.openstreetmap.fr\/de\/map\/rc03_rw_220916_assenheim_schwanheimerdune_sudbahnh_808140?scaleControl=true&#038;miniMap=false&#038;scrollWheelZoom=true&#038;zoomControl=true&#038;allowEdit=false&#038;moreControl=true&#038;searchControl=true&#038;tilelayersControl=true&#038;embedControl=true&#038;datalayersControl=true&#038;onLoadPanel=undefined&#038;captionBar=false&#038;fullscreenControl=true&#038;measureControl=true\"><\/iframe><\/p>\n","protected":false},"excerpt":{"rendered":"<p>Liebe Mitglieder und Freunde des RC 03 Ilbenstadt, Sonne, Wolken, angenehme Temperaturen bis 25\u00b0 Celsius sowie die Aussicht auf ein Gewitter mit erfrischendem Regen. Letzteres nicht in unserer Region, nicht w\u00e4hrend unserer Tour. So die feste \u00dcberzeugung unseres Wetterpropheten Erwin &hellip; <a href=\"https:\/\/www.rc03-ilbenstadt.de\/?p=10965\">Weiterlesen <span class=\"meta-nav\">&rarr;<\/span><\/a><\/p>\n","protected":false},"author":9,"featured_media":10165,"comment_status":"closed","ping_status":"closed","sticky":false,"template":"","format":"standard","meta":{"_crdt_document":"","footnotes":""},"categories":[1],"tags":[],"class_list":["post-10965","post","type-post","status-publish","format-standard","has-post-thumbnail","hentry","category-allgemein"],"_links":{"self":[{"href":"https:\/\/www.rc03-ilbenstadt.de\/index.php?rest_route=\/wp\/v2\/posts\/10965","targetHints":{"allow":["GET"]}}],"collection":[{"href":"https:\/\/www.rc03-ilbenstadt.de\/index.php?rest_route=\/wp\/v2\/posts"}],"about":[{"href":"https:\/\/www.rc03-ilbenstadt.de\/index.php?rest_route=\/wp\/v2\/types\/post"}],"author":[{"embeddable":true,"href":"https:\/\/www.rc03-ilbenstadt.de\/index.php?rest_route=\/wp\/v2\/users\/9"}],"replies":[{"embeddable":true,"href":"https:\/\/www.rc03-ilbenstadt.de\/index.php?rest_route=%2Fwp%2Fv2%2Fcomments&post=10965"}],"version-history":[{"count":5,"href":"https:\/\/www.rc03-ilbenstadt.de\/index.php?rest_route=\/wp\/v2\/posts\/10965\/revisions"}],"predecessor-version":[{"id":10973,"href":"https:\/\/www.rc03-ilbenstadt.de\/index.php?rest_route=\/wp\/v2\/posts\/10965\/revisions\/10973"}],"wp:featuredmedia":[{"embeddable":true,"href":"https:\/\/www.rc03-ilbenstadt.de\/index.php?rest_route=\/wp\/v2\/media\/10165"}],"wp:attachment":[{"href":"https:\/\/www.rc03-ilbenstadt.de\/index.php?rest_route=%2Fwp%2Fv2%2Fmedia&parent=10965"}],"wp:term":[{"taxonomy":"category","embeddable":true,"href":"https:\/\/www.rc03-ilbenstadt.de\/index.php?rest_route=%2Fwp%2Fv2%2Fcategories&post=10965"},{"taxonomy":"post_tag","embeddable":true,"href":"https:\/\/www.rc03-ilbenstadt.de\/index.php?rest_route=%2Fwp%2Fv2%2Ftags&post=10965"}],"curies":[{"name":"wp","href":"https:\/\/api.w.org\/{rel}","templated":true}]}}