{"id":10974,"date":"2022-09-18T14:15:33","date_gmt":"2022-09-18T12:15:33","guid":{"rendered":"https:\/\/www.rc03-ilbenstadt.de\/?p=10974"},"modified":"2022-09-19T00:33:31","modified_gmt":"2022-09-18T22:33:31","slug":"test","status":"publish","type":"post","link":"https:\/\/www.rc03-ilbenstadt.de\/?p=10974","title":{"rendered":"Radtourenfahren in Ilbenstadt<br>Der Fr\u00fchherbst in Wetterau und Vogelsberg<br><br>BERICHT<br>RTF &#8222;46. Wetterau-Vogelsberg-Rundfahrt&#8220;<br>GTF &#8222;2. Wetterauer Schottertour&#8220;<br><br>Sonntag, den 11. September 2022"},"content":{"rendered":"<p><strong><span style=\"color: #ff0000;\"><strong><span style=\"color: #ff0000;\">Fundsachen am Veranstaltungstag:<\/span><\/strong><\/span><\/strong><br \/>\n<strong><span style=\"color: #ff0000;\"><strong><span style=\"color: #ff0000;\">Regenjacke, Trinkflasche &#8222;Delta-Bike&#8220;<\/span><\/strong><\/span><\/strong><\/p>\n<p>Ein fast normaler Saisonverlauf, die Aussicht auf einen herbstlichen Anstieg der COVID-19-F\u00e4lle, verbunden mit dem \u00fcblichen Wetterrisiko, begleiteten die Planungen zur 46. Wetterau-Vogelsberg-Rundfahrt, unserer Herbstradtourenfahrt. \u00dcber den Sommer waren bei hessischen RTF durchweg ein Teilnehmereinbruch von rund einem Drittel zu beobachten. Lag dies am \u00fcberdurchschnittlich hei\u00dfen Sommer, lag es an der fast zweij\u00e4hrigen Coronapause, in der sich ein Teil der RTF-Gemeinde dauerhaft sportlich umorientiert haben k\u00f6nnte? Wir wischten alle Bedenken zur Seite und kalkulierten im \u00fcblichen Rahmen mit 400 Starterinnen und Startern; f\u00fcr das Saisonende im Herbst selbst bei gutem Wetter eine realistische Zahl.<!--more--><\/p>\n<p>Die RTF-Strecken mit 32, 41, 77, 111 und 153 Kilometern von der Wetterau bis in den Hohen Vogelsberg wurden schnell und gr\u00fcndlich vorbereitet. Dazu kam eine Gravelstrecke \u00fcber 82 Kilometer im Raum zwischen Ilbenstadt und M\u00fcnzenberg, in deren Verlauf zwei Servicepunkte der RTF-Strecken  eingeplant waren.<br \/>\nDie Genehmigungsphase der Strecken mit dem RP Darmstadt, Hessen Forst, den Privat- und Kommunalwaldbesitzern verlief problemlos.<\/p>\n<p>In der Veranstaltungswoche kam der Herbst mit Macht. Es wurde k\u00fchler, feuchter und teilweise sehr nass. Am Samstag regnete es durchweg, sodass am Sonntagmorgen einige der Mut verlassen hatte und zu Hause blieben.<br \/>\n278 Radler und Radlerinnen wagten sich an den Start und wurden belohnt. Ab 8 Uhr zeigte sich die Sonne, gutes Radfahrwetter stellte sich ein. Das war der Plan!<br \/>\n<center><img decoding=\"async\" src=\"https:\/\/www.rc03-ilbenstadt.de\/wp-content\/uploads\/2022\/04\/Logo_Krombacher_BDR.jpg\"><\/center><br \/>\nAlle Strecken wurden angenommen. Die Wetterau hat ihr \u00fcber Wochen &#8222;verbranntes&#8220; Antlitz in etwas dunklere Braunt\u00f6ne gewandelt. Zaghaft zeigte sich frisches Gr\u00fcn, die Boden- und Luftfeuchte gierig aufsaugend. Dazu die noch gr\u00fcnen Mais- und Zuckerr\u00fcbenfelder, ges\u00e4umt vom schon herbstlich gepr\u00e4gten Busch- und Baumbestand. In den Vogelsberg hinein konnten alle, die auf den langen Strecken zuhause waren, eine deutlich gr\u00fcnere, aber auch h\u00fcgligere Landschaft genie\u00dfen, der die hei\u00dfen Tage im rauheren Mittelgebirgsklima weniger geschadet hatten.<br \/>\nAn den Servicepunkten in Staden, M\u00fcnzenberg, Glash\u00fctten, an der L 3168 hinter Ilbeshausen-Hochwaldhausen und in Bergheim wurden Getr\u00e4nke, Bananen und kleine Snacks f\u00fcr die Pedalritter vorgehalten. Alle kamen gesund zur\u00fcck. Respekt vor den 39 unentwegten Radlerinnen und Radlern f\u00fcr ihren Ritt \u00fcber den Hohen Vogelsberg auf der 153-Kilometerstrecke sowie Anerkennung f\u00fcr alle, die sich ohne Zeitdruck \u00fcber eine Strecke ihrer Wahl bewegt haben. Auf der Familienstrecke konnten wir vorwiegend Mitglieder des Ilbenst\u00e4dter Turnvereins und der Feuerwehr begr\u00fc\u00dfen.<\/p>\n<p>Auf unserer, nach GPS-Daten zu befahrenden, Gravelstrecke, der 82 Kilometer langen 2. Wetterauer Schottertour, konnten sich Anh\u00e4ngerinnen und Anh\u00e4nger des &#8222;Gravelns&#8220; austoben, jene Spezies, denen die Fahrradindustrie eine relativ neue Zweiradklasse &#8222;Gravelbike&#8220; geschaffen hat. Dies ist verk\u00fcrzt beschrieben ein Fahrrad mit Rennradgenen, das auf breiten Reifen mit einem komfortableren Rahmen, der kein Grundger\u00fcst f\u00fcr eine kn\u00fcppelharte, nerv\u00f6se Rennmaschine mehr ist, der mit aufrechterer Sitzposition und guten Geradeauslauf punktet und der mit Anbauteilen bis hin zum Reiserad aufger\u00fcstet werden kann. Solcherma\u00dfen ausger\u00fcstet kann, anders wie mit einem Rennrad, auch unebenes, naturnahes Gel\u00e4uf unter die R\u00e4der genommen werden. Letzterem Verlangen kommen wir mit unserer Gravelstrecke entgegen. Die Strecke wurde vom gel\u00e4ndeaffinen Peloton gelobt. Eine solche Strecke sollte unbedingt in unserem Programm bleiben. Diesem Wunsch kommen wir gerne nach. Im Herbst haben sich die Teilnehmerzahlen fast verdreifacht! W\u00e4hrend im Fr\u00fchjahr drei Radlerinnen und Radler auf dieser Strecke waren, haben sich jetzt schon acht an den Gravelkurs gewagt.  Wir sehen optimistisch nach vorn!<\/p>\n<p>Im Ziel wartete nicht nur geselliges Treiben, sondern auch der B\u00fcrgermeister, Herr Michael Hahn, der unsere G\u00e4ste in Niddatal willkommen hie\u00df und dem RC 03 Ilbenstadt samt seinen Helferinnen und Helfern f\u00fcr die Organisation und Durchf\u00fchrung der Radtourenfahrten dankte.<br \/>\nIm Wettbewerb der vorangemeldeten BDR-Vereine hatte der RC Ober-M\u00f6rlen die Nase vor dem Radteam Neu-Isenburg vorn. Es folgten gleichauf das Radteam Edelweiss Nieder-W\u00f6llstadt und der RV Opel R\u00fcsselsheim.<br \/>\nMit dem Turnverein Ilbenstadt und der Freiwilligen Feuerwehr konnten zwei ortsans\u00e4ssige Vereine zur Teilnahme an der Familientour geehrt werden. Statt der \u00fcblichen Pokale wurde die Auszeichnungen mit regionalen Fl\u00fcssigkeiten, die es auf Wunsch mit und ohne Suchtpotential gab, vorgenommen.<\/p>\n<p>Nach der Siegerehrung blieb man noch zusammen. Viel gab es vor dem nahen Ende der Saison zu erz\u00e4hlen, Erfahrungen wurden ausgetauscht und Pl\u00e4ne geschmiedet. Dabei gab es k\u00fchle Getr\u00e4nke, der Grill lief, Pommes und Kartoffelpuffer bruzzelten, Kaffee und Kuchen standen bereit.<\/p>\n<p><strong>Herzlichen Dank unseren Helferinnen und Helfern, die durch ihren unerm\u00fcdlichen Einsatz uns diesen Tag rund ums Fahrrad in Ilbenstadt erst m\u00f6glich gemacht haben und die in der Nachbereitung weiter t\u00e4tig sind.<\/strong><\/p>\n<p>Wir freuen uns schon heute, die Saison 2023 anzugehen.<br \/>\nZuvor l\u00e4uft in Hessen am 25. September noch eine RTF beim TV Schl\u00fcchtern und am gleichen Tag l\u00e4utet der RV Anspach eine CTF-Serie ein, die sich bis ins n\u00e4chste Jahr zieht.<\/p>\n<p><strong>Impressionen von unserer Herbst-RTF:<\/strong><br \/>\nBilder: Jenni H. I. und W. Schr\u00f6der<\/p>\n<table>\n<tbody>\n<tr>\n<td style=\"width: 33.3333%;\"><a href=\"https:\/\/www.rc03-ilbenstadt.de\/wp-content\/uploads\/2022\/09\/B-RC03-RTF_220911-001-Ilbenstadt-W-WEB.jpg\" rel=\"lightbox[10974]\"><img loading=\"lazy\" decoding=\"async\" class=\"aligncenter size-thumbnail wp-image-10981\" src=\"https:\/\/www.rc03-ilbenstadt.de\/wp-content\/uploads\/2022\/09\/B-RC03-RTF_220911-001-Ilbenstadt-W-WEB.jpg\" alt=\"\" width=\"150\" height=\"150\" \/><\/a><\/td>\n<td style=\"width: 33.3333%;\"><a href=\"https:\/\/www.rc03-ilbenstadt.de\/wp-content\/uploads\/2022\/09\/B-RC03-RTF_220911-005-Ilbenstadt-W-WEB.jpg\" rel=\"lightbox[10974]\"><img loading=\"lazy\" decoding=\"async\" class=\"aligncenter size-thumbnail wp-image-10982\" src=\"https:\/\/www.rc03-ilbenstadt.de\/wp-content\/uploads\/2022\/09\/B-RC03-RTF_220911-005-Ilbenstadt-W-WEB.jpg\" alt=\"\" width=\"150\" height=\"150\" \/><\/a><\/td>\n<td style=\"width: 33.3333%;\"><a href=\"https:\/\/www.rc03-ilbenstadt.de\/wp-content\/uploads\/2022\/09\/B-RC03-RTF_220911-019-Ilbenstadt-I-WEB.jpg\" rel=\"lightbox[10974]\"><img loading=\"lazy\" decoding=\"async\" class=\"aligncenter size-thumbnail wp-image-10984\" src=\"https:\/\/www.rc03-ilbenstadt.de\/wp-content\/uploads\/2022\/09\/B-RC03-RTF_220911-019-Ilbenstadt-I-WEB.jpg\" alt=\"\" width=\"150\" height=\"150\" \/><\/a><\/td>\n<\/tr>\n<tr>\n<td style=\"width: 33.3333%;\"><a href=\"https:\/\/www.rc03-ilbenstadt.de\/wp-content\/uploads\/2022\/09\/B-RC03-RTF_220911-020-Ilbenstadt-I-WEB.jpg\" rel=\"lightbox[10974]\"><img loading=\"lazy\" decoding=\"async\" class=\"aligncenter size-thumbnail wp-image-10985\" src=\"https:\/\/www.rc03-ilbenstadt.de\/wp-content\/uploads\/2022\/09\/B-RC03-RTF_220911-020-Ilbenstadt-I-WEB.jpg\" alt=\"\" width=\"150\" height=\"150\" \/><\/a><\/td>\n<td style=\"width: 33.3333%;\"><a href=\"https:\/\/www.rc03-ilbenstadt.de\/wp-content\/uploads\/2022\/09\/B-RC03-RTF_220911-017-Ilbenstadt-I-WEB.jpg\" rel=\"lightbox[10974]\"><img loading=\"lazy\" decoding=\"async\" class=\"aligncenter size-thumbnail wp-image-10983\" src=\"https:\/\/www.rc03-ilbenstadt.de\/wp-content\/uploads\/2022\/09\/B-RC03-RTF_220911-017-Ilbenstadt-I-WEB.jpg\" alt=\"\" width=\"150\" height=\"150\" \/><\/a><\/td>\n<td style=\"width: 33.3333%;\"><a href=\"https:\/\/www.rc03-ilbenstadt.de\/wp-content\/uploads\/2022\/09\/B-RC03-RTF_220911-022-Ilbenstadt-I-WEB.jpg\" rel=\"lightbox[10974]\"><img loading=\"lazy\" decoding=\"async\" class=\"aligncenter size-thumbnail wp-image-10986\" src=\"https:\/\/www.rc03-ilbenstadt.de\/wp-content\/uploads\/2022\/09\/B-RC03-RTF_220911-022-Ilbenstadt-I-WEB.jpg\" alt=\"\" width=\"150\" height=\"150\" \/><\/a><\/td>\n<\/tr>\n<tr>\n<td style=\"width: 33.3333%;\"><a href=\"https:\/\/www.rc03-ilbenstadt.de\/wp-content\/uploads\/2022\/09\/B-RC03-RTF_220911-029-Ilbenstadt-I-WEB.jpg\" rel=\"lightbox[10974]\"><img loading=\"lazy\" decoding=\"async\" class=\"aligncenter size-thumbnail wp-image-10988\" src=\"https:\/\/www.rc03-ilbenstadt.de\/wp-content\/uploads\/2022\/09\/B-RC03-RTF_220911-029-Ilbenstadt-I-WEB.jpg\" alt=\"\" width=\"150\" height=\"150\" \/><\/a><\/td>\n<td style=\"width: 33.3333%;\"><a href=\"https:\/\/www.rc03-ilbenstadt.de\/wp-content\/uploads\/2022\/09\/B-RC03-RTF_220911-028-Ilbenstadt-I-WEB.jpg\" rel=\"lightbox[10974]\"><img loading=\"lazy\" decoding=\"async\" class=\"aligncenter size-thumbnail wp-image-10987\" src=\"https:\/\/www.rc03-ilbenstadt.de\/wp-content\/uploads\/2022\/09\/B-RC03-RTF_220911-028-Ilbenstadt-I-WEB.jpg\" alt=\"\" width=\"150\" height=\"150\" \/><\/a><\/td>\n<td style=\"width: 33.3333%;\"><a href=\"https:\/\/www.rc03-ilbenstadt.de\/wp-content\/uploads\/2022\/09\/B-RC03-RTF_220911-032-Ilbenstadt-I-WEB.jpg\" rel=\"lightbox[10974]\"><img loading=\"lazy\" decoding=\"async\" class=\"aligncenter size-thumbnail wp-image-10989\" src=\"https:\/\/www.rc03-ilbenstadt.de\/wp-content\/uploads\/2022\/09\/B-RC03-RTF_220911-032-Ilbenstadt-I-WEB.jpg\" alt=\"\" width=\"150\" height=\"150\" \/><\/a><\/td>\n<\/tr>\n<tr>\n<td style=\"width: 33.3333%;\"><a href=\"https:\/\/www.rc03-ilbenstadt.de\/wp-content\/uploads\/2022\/09\/B-RC03-RTF_220911-035-Ilbenstadt-I-WEB.jpg\" rel=\"lightbox[10974]\"><img loading=\"lazy\" decoding=\"async\" class=\"aligncenter size-thumbnail wp-image-10991\" src=\"https:\/\/www.rc03-ilbenstadt.de\/wp-content\/uploads\/2022\/09\/B-RC03-RTF_220911-035-Ilbenstadt-I-WEB.jpg\" alt=\"\" width=\"150\" height=\"150\" \/><\/a><\/td>\n<td style=\"width: 33.3333%;\"><a href=\"https:\/\/www.rc03-ilbenstadt.de\/wp-content\/uploads\/2022\/09\/B-RC03-RTF_220911-036-Ilbenstadt-I-WEB.jpg\" rel=\"lightbox[10974]\"><img loading=\"lazy\" decoding=\"async\" class=\"aligncenter size-thumbnail wp-image-10992\" src=\"https:\/\/www.rc03-ilbenstadt.de\/wp-content\/uploads\/2022\/09\/B-RC03-RTF_220911-036-Ilbenstadt-I-WEB.jpg\" alt=\"\" width=\"150\" height=\"150\" \/><\/a><\/td>\n<td style=\"width: 33.3333%;\"><a href=\"https:\/\/www.rc03-ilbenstadt.de\/wp-content\/uploads\/2022\/09\/B-RC03-RTF_220911-038-Ilbenstadt-I-WEB.jpg\" rel=\"lightbox[10974]\"><img loading=\"lazy\" decoding=\"async\" class=\"aligncenter size-thumbnail wp-image-10993\" src=\"https:\/\/www.rc03-ilbenstadt.de\/wp-content\/uploads\/2022\/09\/B-RC03-RTF_220911-038-Ilbenstadt-I-WEB.jpg\" alt=\"\" width=\"150\" height=\"150\" \/><\/a><\/td>\n<\/tr>\n<tr>\n<td style=\"width: 33.3333%;\"><a href=\"https:\/\/www.rc03-ilbenstadt.de\/wp-content\/uploads\/2022\/09\/B-RC03-RTF_220911-039-Ilbenstadt-I-WEB.jpg\" rel=\"lightbox[10974]\"><img loading=\"lazy\" decoding=\"async\" class=\"aligncenter size-thumbnail wp-image-10994\" src=\"https:\/\/www.rc03-ilbenstadt.de\/wp-content\/uploads\/2022\/09\/B-RC03-RTF_220911-039-Ilbenstadt-I-WEB.jpg\" alt=\"\" width=\"150\" height=\"150\" \/><\/a><\/td>\n<td style=\"width: 33.3333%;\"><a href=\"https:\/\/www.rc03-ilbenstadt.de\/wp-content\/uploads\/2022\/09\/B-RC03-RTF_220911-052-Ilbenstadt-I-WEB.jpg\" rel=\"lightbox[10974]\"><img loading=\"lazy\" decoding=\"async\" class=\"aligncenter size-thumbnail wp-image-10996\" src=\"https:\/\/www.rc03-ilbenstadt.de\/wp-content\/uploads\/2022\/09\/B-RC03-RTF_220911-052-Ilbenstadt-I-WEB.jpg\" alt=\"\" width=\"150\" height=\"150\" \/><\/a><\/td>\n<td style=\"width: 33.3333%;\"><a href=\"https:\/\/www.rc03-ilbenstadt.de\/wp-content\/uploads\/2022\/09\/B-RC03-RTF_220911-048-Ilbenstadt-I-WEB.jpg\" rel=\"lightbox[10974]\"><img loading=\"lazy\" decoding=\"async\" class=\"aligncenter size-thumbnail wp-image-10995\" src=\"https:\/\/www.rc03-ilbenstadt.de\/wp-content\/uploads\/2022\/09\/B-RC03-RTF_220911-048-Ilbenstadt-I-WEB.jpg\" alt=\"\" width=\"150\" height=\"150\" \/><\/a><\/td>\n<\/tr>\n<tr>\n<td style=\"width: 33.3333%;\"><a href=\"https:\/\/www.rc03-ilbenstadt.de\/wp-content\/uploads\/2022\/09\/B-RC03-RTF_220911-053-Ilbenstadt-I-WEB.jpg\" rel=\"lightbox[10974]\"><img loading=\"lazy\" decoding=\"async\" class=\"aligncenter size-thumbnail wp-image-10997\" src=\"https:\/\/www.rc03-ilbenstadt.de\/wp-content\/uploads\/2022\/09\/B-RC03-RTF_220911-053-Ilbenstadt-I-WEB.jpg\" alt=\"\" width=\"150\" height=\"150\" \/><\/a><\/td>\n<td style=\"width: 33.3333%;\"><a href=\"https:\/\/www.rc03-ilbenstadt.de\/wp-content\/uploads\/2022\/09\/B-RC03-RTF_220911-056-Ilbenstadt-I-WEB.jpg\" rel=\"lightbox[10974]\"><img loading=\"lazy\" decoding=\"async\" class=\"aligncenter size-thumbnail wp-image-10998\" src=\"https:\/\/www.rc03-ilbenstadt.de\/wp-content\/uploads\/2022\/09\/B-RC03-RTF_220911-056-Ilbenstadt-I-WEB.jpg\" alt=\"\" width=\"150\" height=\"150\" \/><\/a><\/td>\n<td style=\"width: 33.3333%;\"><a href=\"https:\/\/www.rc03-ilbenstadt.de\/wp-content\/uploads\/2022\/09\/B-RC03-RTF_220911-058-Ilbenstadt-I-WEB.jpg\" rel=\"lightbox[10974]\"><img loading=\"lazy\" decoding=\"async\" class=\"aligncenter size-thumbnail wp-image-11004\" src=\"https:\/\/www.rc03-ilbenstadt.de\/wp-content\/uploads\/2022\/09\/B-RC03-RTF_220911-058-Ilbenstadt-I-WEB.jpg\" alt=\"\" width=\"150\" height=\"150\" \/><\/a><\/td>\n<\/tr>\n<tr>\n<td style=\"width: 33.3333%;\"><a href=\"https:\/\/www.rc03-ilbenstadt.de\/wp-content\/uploads\/2022\/04\/Logo_Krombacher_00.jpg\" rel=\"lightbox[10974]\"><img loading=\"lazy\" decoding=\"async\" class=\"aligncenter size-thumbnail wp-image-10689\" src=\"https:\/\/www.rc03-ilbenstadt.de\/wp-content\/uploads\/2022\/04\/Logo_Krombacher_00.jpg\" alt=\"\" width=\"150\" height=\"150\" \/><\/a><\/td>\n<td style=\"width: 33.3333%;\"><a href=\"https:\/\/www.rc03-ilbenstadt.de\/wp-content\/uploads\/2022\/09\/C03_RTF_GTF_9_2022_Flyer_v1_Bro_Deckblatt.jpg\" rel=\"lightbox[10974]\"><img loading=\"lazy\" decoding=\"async\" class=\"aligncenter size-thumbnail wp-image-11001\" src=\"https:\/\/www.rc03-ilbenstadt.de\/wp-content\/uploads\/2022\/09\/C03_RTF_GTF_9_2022_Flyer_v1_Bro_Deckblatt.jpg\" alt=\"\" width=\"150\" height=\"150\" \/><\/a><\/td>\n<td style=\"width: 33.3333%;\"><a href=\"https:\/\/www.rc03-ilbenstadt.de\/wp-content\/uploads\/2022\/04\/Logo_Krombacher_00.jpg\" rel=\"lightbox[10974]\"><img loading=\"lazy\" decoding=\"async\" class=\"aligncenter size-thumbnail wp-image-10689\" src=\"https:\/\/www.rc03-ilbenstadt.de\/wp-content\/uploads\/2022\/04\/Logo_Krombacher_00.jpg\" alt=\"\" width=\"150\" height=\"150\" \/><\/a><\/td>\n<\/tr>\n<\/tbody>\n<\/table>\n","protected":false},"excerpt":{"rendered":"<p>Fundsachen am Veranstaltungstag: Regenjacke, Trinkflasche &#8222;Delta-Bike&#8220; Ein fast normaler Saisonverlauf, die Aussicht auf einen herbstlichen Anstieg der COVID-19-F\u00e4lle, verbunden mit dem \u00fcblichen Wetterrisiko, begleiteten die Planungen zur 46. Wetterau-Vogelsberg-Rundfahrt, unserer Herbstradtourenfahrt. \u00dcber den Sommer waren bei hessischen RTF durchweg ein &hellip; <a href=\"https:\/\/www.rc03-ilbenstadt.de\/?p=10974\">Weiterlesen <span class=\"meta-nav\">&rarr;<\/span><\/a><\/p>\n","protected":false},"author":9,"featured_media":8311,"comment_status":"closed","ping_status":"closed","sticky":false,"template":"","format":"standard","meta":{"_crdt_document":"","footnotes":""},"categories":[1],"tags":[],"class_list":["post-10974","post","type-post","status-publish","format-standard","has-post-thumbnail","hentry","category-allgemein"],"_links":{"self":[{"href":"https:\/\/www.rc03-ilbenstadt.de\/index.php?rest_route=\/wp\/v2\/posts\/10974","targetHints":{"allow":["GET"]}}],"collection":[{"href":"https:\/\/www.rc03-ilbenstadt.de\/index.php?rest_route=\/wp\/v2\/posts"}],"about":[{"href":"https:\/\/www.rc03-ilbenstadt.de\/index.php?rest_route=\/wp\/v2\/types\/post"}],"author":[{"embeddable":true,"href":"https:\/\/www.rc03-ilbenstadt.de\/index.php?rest_route=\/wp\/v2\/users\/9"}],"replies":[{"embeddable":true,"href":"https:\/\/www.rc03-ilbenstadt.de\/index.php?rest_route=%2Fwp%2Fv2%2Fcomments&post=10974"}],"version-history":[{"count":5,"href":"https:\/\/www.rc03-ilbenstadt.de\/index.php?rest_route=\/wp\/v2\/posts\/10974\/revisions"}],"predecessor-version":[{"id":11005,"href":"https:\/\/www.rc03-ilbenstadt.de\/index.php?rest_route=\/wp\/v2\/posts\/10974\/revisions\/11005"}],"wp:featuredmedia":[{"embeddable":true,"href":"https:\/\/www.rc03-ilbenstadt.de\/index.php?rest_route=\/wp\/v2\/media\/8311"}],"wp:attachment":[{"href":"https:\/\/www.rc03-ilbenstadt.de\/index.php?rest_route=%2Fwp%2Fv2%2Fmedia&parent=10974"}],"wp:term":[{"taxonomy":"category","embeddable":true,"href":"https:\/\/www.rc03-ilbenstadt.de\/index.php?rest_route=%2Fwp%2Fv2%2Fcategories&post=10974"},{"taxonomy":"post_tag","embeddable":true,"href":"https:\/\/www.rc03-ilbenstadt.de\/index.php?rest_route=%2Fwp%2Fv2%2Ftags&post=10974"}],"curies":[{"name":"wp","href":"https:\/\/api.w.org\/{rel}","templated":true}]}}