{"id":11006,"date":"2022-09-22T12:28:12","date_gmt":"2022-09-22T10:28:12","guid":{"rendered":"https:\/\/www.rc03-ilbenstadt.de\/?p=11006"},"modified":"2022-10-04T08:23:54","modified_gmt":"2022-10-04T06:23:54","slug":"absagedeutsches-radsportabzeichenzeitfahren-am-3-oktober-2022in-reichelsheim-weckesheim","status":"publish","type":"post","link":"https:\/\/www.rc03-ilbenstadt.de\/?p=11006","title":{"rendered":"<br>ABSAGE<br><br>Deutsches Radsportabzeichen<br>Zeitfahren am 3. Oktober 2022<br><br>in Reichelsheim-Weckesheim<br><br>"},"content":{"rendered":"<p><strong>Liebe Aktive und Freunde des RC 03 Ilbenstadt,<\/strong><\/p>\n<p>leider m\u00fcssen wir das geplante Zeitfahren am 3. Oktober zum Deutschen Radsportabzeichen absagen.<br \/>\nEnde Juli haben wir erfahren, dass auf der Strecke die Ortsdurchfahrt in Reichelsheim-Heuchelheim grundhaft erneuert wird und die Bauma\u00dfnahme im August 2023 ihrer Vollendung entgegensieht.<br \/>\nWir haben eine Alternative gesucht. Es hat sich weder eine zeitfahrgerechte Umleitung noch eine geeignete Ersatzstrecke gefunden, die auch den Anforderungen an die Verkehrssicherheit eines Zeitfahrens im \u00f6ffentlichen Stra\u00dfenverkehr gen\u00fcgt h\u00e4tte.<!--more--><\/p>\n<p>Grunds\u00e4tzlich sind wir bereit ein Zeitfahren noch in diesem Jahr durchzuf\u00fchren, sollte sich eine geeignete Strecke in der Region finden.  Den urspr\u00fcnglichen Termin am 3. Oktober 2022 werden wir aber unter dem Genehmigungsaspekt schwerlich halten k\u00f6nnen.<\/p>\n<p>Ein m\u00f6gliches Bergzeitfahren findet im \u00fcblichen Teilnehmerkreis wenig Gegenliebe. Da die Organisation und die Kosten des Zeitfahrens ohnehin in einem Missverh\u00e4ltnis zu den Teilnehmerzahlen stehen, wird 2022 Verzicht ge\u00fcbt.<br \/>\n2023 sind wir gerne bereit, ein Zeitfahren wieder anzubieten und hoffen weiterhin,  dass das Deutsche Radsportabzeichen sportlich an Wert gewinnt.<\/p>\n<p>F\u00fcr das Orgateam RTF\/CTF und Vorstand<\/p>\n<p>Wilhelm Schr\u00f6der<br \/>\nFachbereichsleiter \u00d6ffentlichkeitsarbeit und Sport (RTF\/CTF)<\/p>\n","protected":false},"excerpt":{"rendered":"<p>Liebe Aktive und Freunde des RC 03 Ilbenstadt, leider m\u00fcssen wir das geplante Zeitfahren am 3. Oktober zum Deutschen Radsportabzeichen absagen. Ende Juli haben wir erfahren, dass auf der Strecke die Ortsdurchfahrt in Reichelsheim-Heuchelheim grundhaft erneuert wird und die Bauma\u00dfnahme &hellip; <a href=\"https:\/\/www.rc03-ilbenstadt.de\/?p=11006\">Weiterlesen <span class=\"meta-nav\">&rarr;<\/span><\/a><\/p>\n","protected":false},"author":9,"featured_media":9070,"comment_status":"closed","ping_status":"closed","sticky":false,"template":"","format":"standard","meta":{"_crdt_document":"","footnotes":""},"categories":[1],"tags":[],"class_list":["post-11006","post","type-post","status-publish","format-standard","has-post-thumbnail","hentry","category-allgemein"],"_links":{"self":[{"href":"https:\/\/www.rc03-ilbenstadt.de\/index.php?rest_route=\/wp\/v2\/posts\/11006","targetHints":{"allow":["GET"]}}],"collection":[{"href":"https:\/\/www.rc03-ilbenstadt.de\/index.php?rest_route=\/wp\/v2\/posts"}],"about":[{"href":"https:\/\/www.rc03-ilbenstadt.de\/index.php?rest_route=\/wp\/v2\/types\/post"}],"author":[{"embeddable":true,"href":"https:\/\/www.rc03-ilbenstadt.de\/index.php?rest_route=\/wp\/v2\/users\/9"}],"replies":[{"embeddable":true,"href":"https:\/\/www.rc03-ilbenstadt.de\/index.php?rest_route=%2Fwp%2Fv2%2Fcomments&post=11006"}],"version-history":[{"count":5,"href":"https:\/\/www.rc03-ilbenstadt.de\/index.php?rest_route=\/wp\/v2\/posts\/11006\/revisions"}],"predecessor-version":[{"id":11039,"href":"https:\/\/www.rc03-ilbenstadt.de\/index.php?rest_route=\/wp\/v2\/posts\/11006\/revisions\/11039"}],"wp:featuredmedia":[{"embeddable":true,"href":"https:\/\/www.rc03-ilbenstadt.de\/index.php?rest_route=\/wp\/v2\/media\/9070"}],"wp:attachment":[{"href":"https:\/\/www.rc03-ilbenstadt.de\/index.php?rest_route=%2Fwp%2Fv2%2Fmedia&parent=11006"}],"wp:term":[{"taxonomy":"category","embeddable":true,"href":"https:\/\/www.rc03-ilbenstadt.de\/index.php?rest_route=%2Fwp%2Fv2%2Fcategories&post=11006"},{"taxonomy":"post_tag","embeddable":true,"href":"https:\/\/www.rc03-ilbenstadt.de\/index.php?rest_route=%2Fwp%2Fv2%2Ftags&post=11006"}],"curies":[{"name":"wp","href":"https:\/\/api.w.org\/{rel}","templated":true}]}}