{"id":11022,"date":"2022-10-04T08:21:30","date_gmt":"2022-10-04T06:21:30","guid":{"rendered":"https:\/\/www.rc03-ilbenstadt.de\/?p=11022"},"modified":"2022-10-04T14:02:10","modified_gmt":"2022-10-04T12:02:10","slug":"11022","status":"publish","type":"post","link":"https:\/\/www.rc03-ilbenstadt.de\/?p=11022","title":{"rendered":"Ilbenst\u00e4dter Radtouren<br>Radwanderung &#8222;Von Wickstadt nach B\u00fcdingen<br><br>am Freitag, den 7. Oktober 2022<br><br><br>Hohe Stra\u00dfe, Teil 2 &#8211; Unterwegs auf alten Pfaden<br><br>"},"content":{"rendered":"<p><strong>Liebe Mitglieder und Freunde des RC 03 Ilbenstadt,<\/strong><\/p>\n<p>frische Temperaturen, die im Tagesverlauf 15\u00b0 Celsius erreichen, Sonne, die sich mehr und mehr durch die Wolken k\u00e4mpft und, wichtig f\u00fcr uns, kein Regen in Sicht. Nach einem kurzen Zwischenhoch hat uns der Herbst wieder fest im Griff; gew\u00f6hnen wir uns daran. Erwin Loscher  l\u00e4dt zur Tour nach B\u00fcdingen ein:<\/p>\n<p><strong>Start am Freitag, den 7. Oktober 2022 um 10:00 Uhr<\/strong><br \/>\n<strong>an der Wickst\u00e4dter Niddabr\u00fccke<\/strong><\/p>\n<p>Da sich das SARS-CoV-2-Virus hartn\u00e4ckig unserer Gesellschaft versichert, sind bei Gruppenfahrten Hygiene- und Abstandsregeln weiterhin st\u00e4ndige Begleiter. Wir bitten zum Schutz der Gruppe und Eurer eigenen Gesundheit willen, um deren Beachtung.<\/p>\n<details>\n<summary><span style=\"color: #3366ff;\">Unsere Hinweise zur Coronapr\u00e4vention einblenden:<\/span><\/summary>\n<p> Die Coronawelle baut sich wieder auf, Inzidenzen jenseits der 500 haben den Wetteraukreis im Griff. Kaum jemand st\u00f6rt sich daran, obwohl die Dunkelziffer im Dreifachen der bekannten Zahlen liegen soll. Schwere Verl\u00e4ufe, gar der Tod sind weit weg, geh\u00f6ren der Vergangenheit an? Passt auf Euch auf, bleibt gesund!<br \/>\n Die politisch Verantwortlichen suchen den Kompromiss zwischen einschr\u00e4nkenden Vorgaben zum Gesundheitsheitsschutz und der Freiheit  des Einzelnen. Weitgehend wird diesem vernunftbegabten Wesen vertraut, sich sachgerecht zu entscheiden. M\u00f6gen sich diese Annahmen best\u00e4tigen, dass eine gute Pr\u00e4vention ohne intensive staatliche Eingriffe erreicht werden kann:<br \/>\nDas hei\u00dft, dass an den entscheidenden Stellen Abstand gehalten und\/oder eine geeignete Maske getragen sowie bei eigener Neigung zur &#8222;Triefnase&#8220; der Kontakt zu Mitmenschen selbstverst\u00e4ndlich eingeschr\u00e4nkt wird. Wer denn wissen will, was das Land Hessen unter unserem eigenverantwortlichen Handeln versteht, dem sei die Internetseite <a href=\"https:\/\/hessen.de\/handeln\/corona-in-hessen\">&#8222;corona-in-hessen&#8220;<\/a> zum Nachlesen empfohlen.<br \/>\nNebenbei:<br \/>\nDie aktuelle und vermutlich weniger gelesene Verordnung hei\u00dft Coronavirus-Basisschutzma\u00dfnahmenverordnung &#8211; CoBaSchuV. Sie wurde am 28. September 2022 neu in Marsch gesetzt und gilt nun vom 1. Oktober 2022 bis einschlie\u00dflich des 7. April 2023. Sie ist    <a href=\"https:\/\/hessen.de\/sites\/hessen.hessen.de\/files\/2022-09\/2022_09_29_Auslegungshinweise_CoBaSchuV.pdf\" target=\"_blank\" rel=\"noopener\">hier<\/a> mit Auslegungshinweisen nachzulesen.<\/p>\n<\/details>\n<p> <br \/>\n Die &#8222;Hohe Stra\u00dfe&#8220;, eine historische Verbindung zwischen Mainz und Leipzig, die den H\u00f6henz\u00fcgen folgte, um die schweren Ochsenkarren nicht im Sumpf der<!--more--> Niederungen zu versenken, soll uns nach B\u00fcdingen f\u00fchren. Ihr erinnert Euch bestimmt, dass die Hohe Stra\u00dfe nicht das erste Mal von uns unter die R\u00e4der genommen wurde. Den Abschnitt zwischen Bergen-Enkheim und Langenbergheim genossen wir zum Beispiel am  <a href=\"https:\/\/www.rc03-ilbenstadt.de\/?p=10734\" target=\"_blank\" rel=\"noopener\">4. Mai 2022<\/a> und zwischen Langenbergheim und B\u00fcdingen waren wir schon am <a href=\"https:\/\/www.rc03-ilbenstadt.de\/?p=10173\" target=\"_blank\" rel=\"noopener\">7. Oktober 2021<\/a> nicht zu halten.<br \/>\n Dass ihr auf diesem Radweg allzu viel Verkehr antreffen werdet, ist nicht zu bef\u00fcrchten, da sich bereits ab 1100 der Verkehr in das Kinzigtal verlagerte. Die M\u00fchen, die H\u00f6hen des Vogelsberges zu bezwingen entfielen, das schonte Mensch und Tier, brachte Zeit- und vor allem finanzielle Vorteile. Ab 1170 musste die Via Regia im Kinzigtal ohnehin Pflicht sein; was h\u00e4tte Kaiser Barbarossa wohl gesagt, nachdem er Gelnhausen gegr\u00fcndet und der Bau seines tempor\u00e4ren Regierungssitzes, der Kaiserpfalz, voll im Gange war, h\u00e4tte man ihn links liegengelassen?<br \/>\n Wir passieren  <a href=\"https:\/\/de.wikipedia.org\/wiki\/Diebach_am_Haag\" target=\"_blank\" rel=\"noopener\">Diebach am Haag<\/a>, das 1269 erstmals &#8222;bemerkt&#8220; wurde, weil Ludwig von Isenburg den Nonnen von &#8222;Haug&#8220; G\u00fcter in Diebach und B\u00fcdingen beurkundet verkauft hatte. Endlich mal ein Gesch\u00e4ft, in dem keine Begriffe wie &#8222;Schenkung&#8220; oder &#8222;Heirat&#8220; unter Blaubl\u00fctigen und Klerus zu finden waren &#8230;<br \/>\nDie eigentliche Gr\u00fcndung Diebachs mit dem Beinamen &#8222;Am Haag&#8220; (auch  <a href=\"https:\/\/de.wikipedia.org\/wiki\/Hauck\" target=\"_blank\" rel=\"noopener\">Hauck<\/a> , abgeleitet aus dem mittelhochdeutschen Houc = H\u00fcgel) geht dann sp\u00e4ter auf die  <a href=\"https:\/\/de.wikipedia.org\/wiki\/Herrnhuter_Br%C3%BCdergemeine\" target=\"_blank\" rel=\"noopener\">Herrenhuther Br\u00fcdergemeine<\/a> zur\u00fcck, die 1736 wegen ihres protestantischen-pietistischen Glaubens aus Sachsen gejagt und schlie\u00dflich \u00fcber einen Zwischenaufenthalt auf der Ronneburg im  <a href=\"https:\/\/de.wikipedia.org\/wiki\/Herrnhaag\" target=\"_blank\" rel=\"noopener\">Herrnhaag bei Diebach<\/a> dauerhaft Zuflucht fanden. Die Protestanten waren halt nicht einfach, fanden aber im protestantischen Umfeld Diebachs gute Rahmenbedingungen vor.<br \/>\nWas sich in grauer Vorzeit bis hin zu den Herrenhuthern in Diebach abgespielt haben mag? Die Informationslage ist d\u00fcnn. Als Anliegergemeinde an einer Handelsstra\u00dfe hat man sicherlich wirtschaftliche Vorteile gehabt. Beim Durchzug der S\u00f6ldnerheere im 30-j\u00e4hrigen Krieg oder napoleonischer Truppen w\u00e4re man um eine weniger exponierte Lage froh gewesen.<br \/>\nZiehen wir nach B\u00fcdingen weiter, lassen die Diebacher  unbehelligt. In B\u00fcdingen halten wir uns nicht auf, schlagen uns am Ortsrand nach B\u00fcches durch und k\u00f6nnten uns auf Schnitzeljagd w\u00e4hnen, gilt es doch dort in einer \u00f6rtlichen Metzgerei ausgiebig zu rasten.<br \/>\nNach der Rast, unsere K\u00f6rper werden noch mit den ersten Vorbereitungen der Verdauungsvorg\u00e4nge besch\u00e4ftigt sein, bl\u00e4st der Radwanderfachwart zur Weiterfahrt. Langsam wieder auf Betriebstemperatur kommend, denken wir in D\u00fcdelsheim nicht daran, dem Keltenf\u00fcrsten einen Besuch abzustatten, rollen weiter nach Lindheim und Altenstadt. In H\u00f6chst biegen wir in Richtung Norden ab. Kloster Engelthal und durch den Wald nach Stammheim, diese Bodenwellen mussten noch sein, kosten noch einige K\u00f6rner. Dann lassen wir es nach Florstadt und dem Hessenradweg R 4 gem\u00fctlich zum Ausgangspunkt zur\u00fcckrollen.<\/p>\n<p> Die &#8222;M\u00fchen&#8220; haben sich gelohnt. Mit neuen Eindr\u00fccken, satt und zufrieden beenden wir die Tour.<br \/>\n Diese Genusstour \u00fcber verkehrsarme Strecken mit 504 H\u00f6henmetern und 68,2 Kilometern wird sicher Euer Interesse wecken. Gute Rad- und Wirtschaftswege wurden ausgew\u00e4hlt.<\/p>\n<p>Wir freuen uns auf eine rege Teilnahme.<br \/>\nErwin Loscher ist f\u00fcr R\u00fcckfragen unter der Telefonnummer 01512 02 30 745 erreichbar.<\/p>\n<p>F\u00fcr das Radwanderteam<\/p>\n<p>Wilhelm Schr\u00f6der<br \/>\nFachbereichsleiter \u00d6ffentlichkeitsarbeit und Sport (RTF\/CTF)<\/p>\n<p>Streckendownload f\u00fcr Navigationsger\u00e4te:<br \/>\n<a href=\"https:\/\/rc03-ilbenstadt.de\/GPX\/GPX-RW\/RC03_RW_221007_Wickstadt_HoheStra\u00dfe_Teil2_B\u00dcD\">&#8222;Zur Radwanderstrecke Strecke &#8222;Wickstadt-Hohe Stra\u00dfe, Teil2-B\u00fcdingen&#8220;<\/a><\/p>\n<p><a href=\"http:\/\/umap.openstreetmap.fr\/de\/map\/rc03_rw_221007_wickstadt_hohestrae2_bud_815320#12\/50.2799\/8.9815\" target=\"_blank\" rel=\"noopener noreferrer\">&#8222;Zur Radwanderstrecke Strecke &#8222;Wickstadt-Hohe Stra\u00dfe, Teil2-B\u00fcdingen&#8220; (Vollbildanzeige)<\/a><br \/>\n<iframe loading=\"lazy\" width=\"200%\" height=\"300px\" frameborder=\"0\" allowfullscreen src=\"\/\/umap.openstreetmap.fr\/de\/map\/rc03_rw_221007_wickstadt_hohestrae2_bud_815320?scaleControl=true&#038;miniMap=false&#038;scrollWheelZoom=true&#038;zoomControl=true&#038;allowEdit=false&#038;moreControl=true&#038;searchControl=true&#038;tilelayersControl=true&#038;embedControl=true&#038;datalayersControl=true&#038;onLoadPanel=undefined&#038;captionBar=false&#038;fullscreenControl=true&#038;measureControl=true\"><\/iframe><\/p>\n","protected":false},"excerpt":{"rendered":"<p>Liebe Mitglieder und Freunde des RC 03 Ilbenstadt, frische Temperaturen, die im Tagesverlauf 15\u00b0 Celsius erreichen, Sonne, die sich mehr und mehr durch die Wolken k\u00e4mpft und, wichtig f\u00fcr uns, kein Regen in Sicht. Nach einem kurzen Zwischenhoch hat uns &hellip; <a href=\"https:\/\/www.rc03-ilbenstadt.de\/?p=11022\">Weiterlesen <span class=\"meta-nav\">&rarr;<\/span><\/a><\/p>\n","protected":false},"author":9,"featured_media":10165,"comment_status":"closed","ping_status":"closed","sticky":false,"template":"","format":"standard","meta":{"_crdt_document":"","footnotes":""},"categories":[1],"tags":[],"class_list":["post-11022","post","type-post","status-publish","format-standard","has-post-thumbnail","hentry","category-allgemein"],"_links":{"self":[{"href":"https:\/\/www.rc03-ilbenstadt.de\/index.php?rest_route=\/wp\/v2\/posts\/11022","targetHints":{"allow":["GET"]}}],"collection":[{"href":"https:\/\/www.rc03-ilbenstadt.de\/index.php?rest_route=\/wp\/v2\/posts"}],"about":[{"href":"https:\/\/www.rc03-ilbenstadt.de\/index.php?rest_route=\/wp\/v2\/types\/post"}],"author":[{"embeddable":true,"href":"https:\/\/www.rc03-ilbenstadt.de\/index.php?rest_route=\/wp\/v2\/users\/9"}],"replies":[{"embeddable":true,"href":"https:\/\/www.rc03-ilbenstadt.de\/index.php?rest_route=%2Fwp%2Fv2%2Fcomments&post=11022"}],"version-history":[{"count":5,"href":"https:\/\/www.rc03-ilbenstadt.de\/index.php?rest_route=\/wp\/v2\/posts\/11022\/revisions"}],"predecessor-version":[{"id":11053,"href":"https:\/\/www.rc03-ilbenstadt.de\/index.php?rest_route=\/wp\/v2\/posts\/11022\/revisions\/11053"}],"wp:featuredmedia":[{"embeddable":true,"href":"https:\/\/www.rc03-ilbenstadt.de\/index.php?rest_route=\/wp\/v2\/media\/10165"}],"wp:attachment":[{"href":"https:\/\/www.rc03-ilbenstadt.de\/index.php?rest_route=%2Fwp%2Fv2%2Fmedia&parent=11022"}],"wp:term":[{"taxonomy":"category","embeddable":true,"href":"https:\/\/www.rc03-ilbenstadt.de\/index.php?rest_route=%2Fwp%2Fv2%2Fcategories&post=11022"},{"taxonomy":"post_tag","embeddable":true,"href":"https:\/\/www.rc03-ilbenstadt.de\/index.php?rest_route=%2Fwp%2Fv2%2Ftags&post=11022"}],"curies":[{"name":"wp","href":"https:\/\/api.w.org\/{rel}","templated":true}]}}