{"id":11067,"date":"2022-10-18T19:15:16","date_gmt":"2022-10-18T17:15:16","guid":{"rendered":"https:\/\/www.rc03-ilbenstadt.de\/?p=11067"},"modified":"2022-10-28T13:52:21","modified_gmt":"2022-10-28T11:52:21","slug":"ilbenstaedter-radtourenradwanderung-von-assenheim-nach-hanauam-donnerstag-den-20-oktober-2022-zur-schloesserunde-und-zur-hohen-strasse","status":"publish","type":"post","link":"https:\/\/www.rc03-ilbenstadt.de\/?p=11067","title":{"rendered":"Ilbenst\u00e4dter Radtouren<br>Radwanderung &#8222;Von Assenheim nach Hanau&#8220;<br><br>am Donnerstag, den 20. Oktober 2022<br><br> Zur Schl\u00f6sserunde und zur Hohen Stra\u00dfe<br><br><br>"},"content":{"rendered":"<p><strong>Liebe Mitglieder und Freunde des RC 03 Ilbenstadt,<\/strong><\/p>\n<p>in das jetzt wechselhafte Herbstwetter eine niederschlagsfreie, von der Sonne auch mal hie und da verw\u00f6hnte L\u00fccke zu finden, stellt unseren Radwanderfachwart Erwin Loscher auf eine harte Probe. Mit einer relativen Sicherheit von einigen Prozentpunkten hat er eine solche ausgemacht und l\u00e4dt zur Schl\u00f6sserrunde in Richtung Hanau ein:<\/p>\n<p><strong>Start am Donnerstag, den 20. Oktober 2022 um 10:00 Uhr<\/strong><br \/>\n<strong>am Assenheimer B\u00fcrgerhaus<\/strong><\/p>\n<p><strong><span style=\"color: #ff0000;\">Achtung: Wenn uns das Wetter einen Streich spielen will, bleiben wir im Trockenen. Achtet auf neue Nachrichten.<\/span><\/strong><\/p>\n<p>Da sich das SARS-CoV-2-Virus hartn\u00e4ckig unserer Gesellschaft versichert, sind bei Gruppenfahrten Hygiene- und Abstandsregeln weiterhin st\u00e4ndige Begleiter. Wir bitten zum Schutz der Gruppe und Eurer eigenen Gesundheit willen, um deren Beachtung.<\/p>\n<details>\n<summary><span style=\"color: #3366ff;\">Unsere Hinweise zur Coronapr\u00e4vention einblenden:<\/span><\/summary>\n<p> Die Coronawelle baut sich wieder auf, Inzidenzen jenseits der 500 haben den Wetteraukreis im Griff. Kaum jemand st\u00f6rt sich daran, obwohl die Dunkelziffer im Dreifachen der bekannten Zahlen liegen soll. Schwere Verl\u00e4ufe, gar der Tod sind weit weg, geh\u00f6ren der Vergangenheit an? Passt auf Euch auf, bleibt gesund!<br \/>\n Die politisch Verantwortlichen suchen den Kompromiss zwischen einschr\u00e4nkenden Vorgaben zum Gesundheitsheitsschutz und der Freiheit  des Einzelnen. Weitgehend wird diesem vernunftbegabten Wesen vertraut, sich sachgerecht zu entscheiden. M\u00f6gen sich diese Annahmen best\u00e4tigen, dass eine gute Pr\u00e4vention ohne intensive staatliche Eingriffe erreicht werden kann:<br \/>\nDas hei\u00dft, dass an den entscheidenden Stellen Abstand gehalten und\/oder eine geeignete Maske getragen sowie bei eigener Neigung zur &#8222;Triefnase&#8220; der Kontakt zu Mitmenschen selbstverst\u00e4ndlich eingeschr\u00e4nkt wird. Wer denn wissen will, was das Land Hessen unter unserem eigenverantwortlichen Handeln versteht, dem sei die Internetseite <a href=\"https:\/\/hessen.de\/handeln\/corona-in-hessen\">&#8222;corona-in-hessen&#8220;<\/a> zum Nachlesen empfohlen.<br \/>\nNebenbei:<br \/>\nDie aktuelle und vermutlich weniger gelesene Verordnung hei\u00dft Coronavirus-Basisschutzma\u00dfnahmenverordnung &#8211; CoBaSchuV. Sie wurde am 28. September 2022 neu in Marsch gesetzt und gilt nun vom 1. Oktober 2022 bis einschlie\u00dflich des 7. April 2023. Sie ist    <a href=\"https:\/\/hessen.de\/sites\/hessen.hessen.de\/files\/2022-09\/2022_09_29_Auslegungshinweise_CoBaSchuV.pdf\" target=\"_blank\" rel=\"noopener\">hier<\/a> mit Auslegungshinweisen nachzulesen.<\/p>\n<\/details>\n<p><\/p>\n<p>Mit der FFP2-Maske in der R\u00fcckentasche gleiten wir In ruhiger Fahrt von Assenheim \u00fcber Ilbenstadt nach Niederdorfelden. Hinter einem kleinen H\u00f6henr\u00fccken <!--more-->kommt Maintal in Sicht. Per F\u00e4hre wird der Main \u00fcberwunden und Hanau-Steinheim winkt mit der Rast.<br \/>\nAuf der R\u00fcckfahrt n\u00e4hern wir uns dem Tourmotto &#8222;Schl\u00f6ssertour&#8220;. Uns erwartet in Hanau Schloss <a href=\"https:\/\/de.wikipedia.org\/wiki\/Schloss_Philippsruhe\" target=\"_blank\" rel=\"noopener\">Philippsruhe<\/a> und nicht weit entfernt  <a href=\"https:\/\/de.wikipedia.org\/wiki\/Wilhelmsbad\" target=\"_blank\" rel=\"noopener\">Wilhelmsbad<\/a>, deren geschichtstr\u00e4chtiges Flair schon mal den ein oder anderen R\u00fcckblick in die eigene Geschichte provoziert.<br \/>\nSchl\u00f6sser grenzt man heute gegen Burgen als &#8222;Wohn- und Verwaltungsanlagen&#8220; der adligen F\u00fchrungsschicht ab. Der Name erinnert auch an die Schlie\u00dfverh\u00e4ltnisse und so waren seinerzeit die Herrschaften hinter Schloss und Riegel, wo sicherlich der ein oder andere auch im sprichw\u00f6rtlichen Sinne hingeh\u00f6rte.<br \/>\nPhilippsruh verdanken wir dem Hanauer Grafen Philipp Reinhard, der hoffentlich was geschafft und nicht nur Ruh gehalten hat. Wilhelmsbad ist eigentlich eine pr\u00e4chtige Kuranlage mit eigener, interessanter Geschichte. Ihr habt doch noch den 22. Juni 1832 in Erinnerung, als in den pr\u00e4chtigen Gem\u00e4uern und Parkanlagen ein politisches Volksfest mit bis zu 10.000 Teilnehmern in der Nachfolge des Hambacher Festes gefeiert wurde. Ja in dem heute beschaulichen Hanau war schon mal was los. Es lohnt sich, einen tieferen Blick in die Historie zu werfen.<\/p>\n<p>Etwas handfester ist die Querung der alten Handelsstra\u00dfe \u201eHohe Stra\u00dfe\u201c, deren Lage auf einem H\u00f6henr\u00fccken eine gute Aussicht verhei\u00dft und im Mittelalter festen, hochwasserfreien, Untergrund garantierte. Da der Stra\u00dfenbau schon fr\u00fch darauf ausgerichtet war, das Reisen, den Warenverkehr m\u00f6glichst m\u00fche- und st\u00f6rungsfrei abwickeln zu k\u00f6nnen, wurde der Ausbau der Kinzigtalstrecke bereits ab 1100 forciert. Aber wem sage ich das? Am 2. September 2021 haben wir dieses Wissen auf unserer Tour nach B\u00fcdingen schon mal aufblitzen lassen. Deshalb konzentrieren wir uns nach genossener Aussicht auf das \u201enahe\u201c Ziel: Assenheim ist nicht mehr weit und mit beherzten Tritten in die Pedalerie streben Radlerinnen und Radler \u00fcber Windecken, Eichen und Wickstadt gen Heimat. Am B\u00fcrgerhaus in Assenheim kann man ob der gezeigten Leistung, den Blicken in Landschaft und Kultur auseinandergehen und zufrieden nach Hause fahren.<\/p>\n<p>Die Erlebnistour \u00fcber rund 73 Kilometer in welligem Terrain, das angenehm zu fahren ist. In das Maintal und zur Hohen Stra\u00dfe zur\u00fcck beinhaltet H\u00f6henmeter, die man schon wegen der sportlichen Herausforderung und der sch\u00f6nen Aussicht wegen gerne in Kauf nimmt. Touren- und Trekkingr\u00e4der sowie Mountainbikes sind erste Wahl f\u00fcr diese Tour.<br \/>\nIst das Interesse geweckt, freut sich der RC 03 Ilbenstadt auf eine rege Teilnahme.<\/p>\n<p>Wir freuen uns auf eine rege Teilnahme.<br \/>\nErwin Loscher ist f\u00fcr R\u00fcckfragen unter der Telefonnummer 01512 02 30 745 erreichbar.<\/p>\n<p>F\u00fcr das Radwanderteam<\/p>\n<p>Wilhelm Schr\u00f6der<br \/>\nFachbereichsleiter \u00d6ffentlichkeitsarbeit und Sport (RTF\/CTF)<\/p>\n<p>Streckendownload f\u00fcr Navigationsger\u00e4te:<br \/>\n<a href=\"https:\/\/rc03-ilbenstadt.de\/GPX\/GPX-RW\/RC03_RW-221020-Assenheim_HU_Schloesserrunde\">&#8222;Radwanderung &#8222;Von Assenheim nach Hanau zur Schl\u00f6sserrunde und zur Hohen Stra\u00dfe&#8220;<\/a><\/p>\n<p>Zur Kartendarstellung:<br \/>\n<a href=\"http:\/\/umap.openstreetmap.fr\/de\/map\/rc03-rw-221020-assenheim_hu_schloessertour_651308#11\/50.2178\/8.8588\" target=\"_blank\" rel=\"noopener noreferrer\">&#8222;Radwanderung &#8222;Von Assenheim nach Hanau zur Schl\u00f6sserrunde und zur Hohen Stra\u00dfe&#8220; (Vollbildanzeige)<\/a><br \/>\n<iframe loading=\"lazy\" width=\"200%\" height=\"300px\" frameborder=\"0\" allowfullscreen src=\"\/\/umap.openstreetmap.fr\/de\/map\/rc03-rw-221020-assenheim_hu_schloessertour_651308?scaleControl=true&#038;miniMap=false&#038;scrollWheelZoom=true&#038;zoomControl=true&#038;allowEdit=false&#038;moreControl=true&#038;searchControl=true&#038;tilelayersControl=true&#038;embedControl=true&#038;datalayersControl=true&#038;onLoadPanel=undefined&#038;captionBar=false&#038;fullscreenControl=true&#038;measureControl=true\"><\/iframe><\/p>\n","protected":false},"excerpt":{"rendered":"<p>Liebe Mitglieder und Freunde des RC 03 Ilbenstadt, in das jetzt wechselhafte Herbstwetter eine niederschlagsfreie, von der Sonne auch mal hie und da verw\u00f6hnte L\u00fccke zu finden, stellt unseren Radwanderfachwart Erwin Loscher auf eine harte Probe. Mit einer relativen Sicherheit &hellip; <a href=\"https:\/\/www.rc03-ilbenstadt.de\/?p=11067\">Weiterlesen <span class=\"meta-nav\">&rarr;<\/span><\/a><\/p>\n","protected":false},"author":9,"featured_media":10165,"comment_status":"closed","ping_status":"closed","sticky":false,"template":"","format":"standard","meta":{"_crdt_document":"","footnotes":""},"categories":[1],"tags":[],"class_list":["post-11067","post","type-post","status-publish","format-standard","has-post-thumbnail","hentry","category-allgemein"],"_links":{"self":[{"href":"https:\/\/www.rc03-ilbenstadt.de\/index.php?rest_route=\/wp\/v2\/posts\/11067","targetHints":{"allow":["GET"]}}],"collection":[{"href":"https:\/\/www.rc03-ilbenstadt.de\/index.php?rest_route=\/wp\/v2\/posts"}],"about":[{"href":"https:\/\/www.rc03-ilbenstadt.de\/index.php?rest_route=\/wp\/v2\/types\/post"}],"author":[{"embeddable":true,"href":"https:\/\/www.rc03-ilbenstadt.de\/index.php?rest_route=\/wp\/v2\/users\/9"}],"replies":[{"embeddable":true,"href":"https:\/\/www.rc03-ilbenstadt.de\/index.php?rest_route=%2Fwp%2Fv2%2Fcomments&post=11067"}],"version-history":[{"count":5,"href":"https:\/\/www.rc03-ilbenstadt.de\/index.php?rest_route=\/wp\/v2\/posts\/11067\/revisions"}],"predecessor-version":[{"id":11085,"href":"https:\/\/www.rc03-ilbenstadt.de\/index.php?rest_route=\/wp\/v2\/posts\/11067\/revisions\/11085"}],"wp:featuredmedia":[{"embeddable":true,"href":"https:\/\/www.rc03-ilbenstadt.de\/index.php?rest_route=\/wp\/v2\/media\/10165"}],"wp:attachment":[{"href":"https:\/\/www.rc03-ilbenstadt.de\/index.php?rest_route=%2Fwp%2Fv2%2Fmedia&parent=11067"}],"wp:term":[{"taxonomy":"category","embeddable":true,"href":"https:\/\/www.rc03-ilbenstadt.de\/index.php?rest_route=%2Fwp%2Fv2%2Fcategories&post=11067"},{"taxonomy":"post_tag","embeddable":true,"href":"https:\/\/www.rc03-ilbenstadt.de\/index.php?rest_route=%2Fwp%2Fv2%2Ftags&post=11067"}],"curies":[{"name":"wp","href":"https:\/\/api.w.org\/{rel}","templated":true}]}}