{"id":11074,"date":"2022-10-25T14:26:32","date_gmt":"2022-10-25T12:26:32","guid":{"rendered":"https:\/\/www.rc03-ilbenstadt.de\/?p=11074"},"modified":"2022-10-28T13:51:55","modified_gmt":"2022-10-28T11:51:55","slug":"11074","status":"publish","type":"post","link":"https:\/\/www.rc03-ilbenstadt.de\/?p=11074","title":{"rendered":"Ilbenst\u00e4dter Radtouren<br>Radwanderung &#8222;Von Wickstadt zum Oberkleener Steinbruch&#8220;<br><br>am Donnerstag, den 27. Oktober 2022<br><br>Durch die T\u00e4ler von Wetter und Usa<br><br><br>"},"content":{"rendered":"<p><strong>Liebe Mitglieder und Freunde des RC 03 Ilbenstadt,<\/strong><\/p>\n<p>eine kleine Chance auf nebligen Beginn, dann \u00fcberwiegend mehr Sonne als Wolken und an Regen wird nicht gedacht. So wird sich der Radwandertag am Donnerstag entwickeln, zu dem Erwin Loscher herzlich einl\u00e4dt:<\/p>\n<p><strong>Start am Donnerstag, den 27. Oktober 2022<\/strong><br \/>\n<strong>um 10:00 Uhr an der Wickst\u00e4dter Niddabr\u00fccke<\/strong><br \/>\n<strong>um 10:30 Uhr an der Dorheimer Essotankstelle<\/strong><\/p>\n<p><strong><span style=\"color: #ff0000;\">Achtung: Kurzfristige \u00c4nderungen werden auf dieser Seite verk\u00fcndet. Eine Absage ist nicht geplant.<\/span><\/strong><\/p>\n<p>Da sich das SARS-CoV-2-Virus hartn\u00e4ckig unserer Gesellschaft versichert, sind bei Gruppenfahrten Hygiene- und Abstandsregeln weiterhin st\u00e4ndige Begleiter. Wir bitten zum Schutz der Gruppe und Eurer eigenen Gesundheit willen, um deren Beachtung.<\/p>\n<details>\n<summary><span style=\"color: #3366ff;\">Unsere Hinweise zur Coronapr\u00e4vention einblenden:<\/span><\/summary>\n<p> Die Coronawelle baut sich wieder auf, Inzidenzen jenseits der 500 haben den Wetteraukreis im Griff. Kaum jemand st\u00f6rt sich daran, obwohl die Dunkelziffer im Dreifachen der bekannten Zahlen liegen soll. Schwere Verl\u00e4ufe, gar der Tod sind weit weg, geh\u00f6ren der Vergangenheit an? Passt auf Euch auf, bleibt gesund!<br \/>\n Die politisch Verantwortlichen suchen den Kompromiss zwischen einschr\u00e4nkenden Vorgaben zum Gesundheitsheitsschutz und der Freiheit  des Einzelnen. Weitgehend wird diesem vernunftbegabten Wesen vertraut, sich sachgerecht zu entscheiden. M\u00f6gen sich diese Annahmen best\u00e4tigen, dass eine gute Pr\u00e4vention ohne intensive staatliche Eingriffe erreicht werden kann:<br \/>\nDas hei\u00dft, dass an den entscheidenden Stellen Abstand gehalten und\/oder eine geeignete Maske getragen sowie bei eigener Neigung zur &#8222;Triefnase&#8220; der Kontakt zu Mitmenschen selbstverst\u00e4ndlich eingeschr\u00e4nkt wird. Wer denn wissen will, was das Land Hessen unter unserem eigenverantwortlichen Handeln versteht, dem sei die Internetseite <a href=\"https:\/\/hessen.de\/handeln\/corona-in-hessen\">&#8222;corona-in-hessen&#8220;<\/a> zum Nachlesen empfohlen.<br \/>\nNebenbei:<br \/>\nDie aktuelle und vermutlich weniger gelesene Verordnung hei\u00dft Coronavirus-Basisschutzma\u00dfnahmenverordnung &#8211; CoBaSchuV. Sie wurde am 28. September 2022 neu in Marsch gesetzt und gilt nun vom 1. Oktober 2022 bis einschlie\u00dflich des 7. April 2023. Sie ist    <a href=\"https:\/\/hessen.de\/sites\/hessen.hessen.de\/files\/2022-09\/2022_09_29_Auslegungshinweise_CoBaSchuV.pdf\" target=\"_blank\" rel=\"noopener\">hier<\/a> mit Auslegungshinweisen nachzulesen.<\/p>\n<\/details>\n<p><\/p>\n<p>Mit der FFP2-Maske in der R\u00fcckentasche &#8211; besser man hat als man h\u00e4tte &#8211;  gleiten wir in ruhiger Fahrt Florstadt entgegen. Obwohl wir parallel zur Nidda stromaufw\u00e4rts fahren, <!--more-->gelingt dies m\u00fchelos. Weiter geht es nach Dorn-Assenheim und Dorheim, wo uns an der dortigen Esso-Tankstelle, die auch gesellschaftlicher Treffpunkt lokaler M\u00e4nnerrunden ist, unsere Radwanderfreunde in der Diaspora erwarten.<br \/>\nGemeinsam erradeln wir das Wettertal, verlassen dies in Gambach und wissen, der Taunus ist nicht mehr weit; rund 230 H\u00f6henmeter liegen nebst gelegentlichen Abfahrten vor uns. Keine Angst, sie verteilen sich auf rund 25 Kilometer. Haben wir auf der R\u00fcckfahrt freie Sicht auf Butzbach, rollen wir entspannt nach Hause.<br \/>\nZuvor wollen wir noch etwas sehen. Da ist die Landschaft des Taunusausl\u00e4ufers, die uns mit frischen Herbstlaubfarben empf\u00e4ngt und uns durch Gel\u00e4ndeformation und Bewuchs signalisiert, dass die Wetterau hinter uns liegt. Bei <a href=\"https:\/\/de.wikipedia.org\/wiki\/Oberkleen\" target=\"_blank\" rel=\"noopener\">Oberkleen<\/a> verlassen wir kurz unsere Route und schwenken nach links zum Steinbruchsee. Auch die Oberkleener Gesellschaft kann sich schon auf Vorfahren der Steinzeit und der Kelten (H\u00fcgelgr\u00e4ber!) berufen. Schauen wir uns am Steinbruchsee um. Heute bietet sich ein See, idyllisch im Abbruchrund gelegen, unseren Blicken dar. 1910 begann man hier Kalkstein abzubauen, den man mit der Entdeckung der Tropfsteinh\u00f6hle 1836 quasi mitentdeckt hat. Kalkstein, ein Sedimentgestein, welches biologischen Ursprunges ist, h\u00e4tten wir nicht unbedingt an dieser Stelle erwartet. Es wurde vor Ort insbesondere zu Platten verarbeitet und f\u00fchrte Oberkleen seinerzeit zur wirtschaftlichen Bl\u00fcte, bevor sich der Ort heute zu einer Schlafgemeinde f\u00fcr Arbeitskr\u00e4fte in den Gie\u00dfen-\/Wetzlaer-Raum und das Rhein-Main-Gebiet entwickelte. Zur Bildungsphase des Kalksteines muss der Raum lange unter Wasser gestanden haben. Da der Taunus ein aufgefaltetes, aufgeschobenes Mittelgebirge darstellt, muss man seinerzeit nicht an Ort und Stelle nasse F\u00fc\u00dfe bekommen haben. Aber lasst uns den Ausblick genie\u00dfen und die Geschichte der Gebirgsbildung des Taunus in der j\u00fcngeren H\u00e4lfte des Pal\u00e4ozoikums, der <a href=\"https:\/\/de.wikipedia.org\/wiki\/Variszische_Orogenese\" target=\"_blank\" rel=\"noopener\">variskische Orogenese<\/a>, zu einem sp\u00e4teren Zeitpunkt aufgreifen, denn schlie\u00dflich wollen wir uns vorrangig mit dem Zweirad bewegen.<br \/>\nWir beenden den Naturgenuss im aufgelassenen Steinbruch und fahren in gro\u00dfer Taunusrunde \u00fcber Cleeberg und Espa nach Butzbach. Hier oder vielleicht auch sp\u00e4ter in Nieder-Weisel sollten wir mit Macht auf eine Rast dr\u00e4ngen. Diesem Verlangen wird sicher nachgegeben.<br \/>\nOstheim und Fauerbach bringen uns ins Usatal. Wir folgen nun weitgehend dem Usatalradweg \u00fcber Bad Nauheim, Friedberg, Fauerbach, Ossenheim und Bruchenbr\u00fccken nach Assenheim und Wickstadt; wir sind zur\u00fcck.<\/p>\n<p>Diese Tour \u00fcber rund 89 Kilometer in welligem, teilweise h\u00fcgligem Terrain, das angenehm zu fahren ist, l\u00e4sst uns die herbstlichen Landschaften der Wetterau und des Taunus erfahren. Touren- und Trekkingr\u00e4der sowie Mountainbikes sind erste Wahl f\u00fcr dieses Erlebnis.<br \/>\nIst das Interesse geweckt, freut sich der RC 03 Ilbenstadt auf eine rege Teilnahme.<\/p>\n<p>Wir freuen uns auf eine rege Teilnahme.<br \/>\nErwin Loscher ist f\u00fcr R\u00fcckfragen unter der Telefonnummer 01512 02 30 745 erreichbar.<\/p>\n<p>F\u00fcr das Radwanderteam<\/p>\n<p>Wilhelm Schr\u00f6der<br \/>\nFachbereichsleiter \u00d6ffentlichkeitsarbeit und Sport (RTF\/CTF)<\/p>\n<p>Streckendownload f\u00fcr Navigationsger\u00e4te:<br \/>\n<a href=\"https:\/\/rc03-ilbenstadt.de\/GPX\/GPX-RW\/RC03_RW_221027_Wickstadt_Wettertal_Oberkleen_89km\">Radwanderung &#8222;Von Wickstadt durchs Wettertal nach Oberkleen und R\u00fcckweg durchs Usatal&#8220;<\/a><\/p>\n<p>Zur Kartendarstellung:<br \/>\n<a href=\"http:\/\/umap.openstreetmap.fr\/de\/map\/rc03_rw_221027_wickstadt_oberkleen_usatalradweg_824897\" target=\"_blank\" rel=\"noopener noreferrer\">Radwanderung &#8222;Von Wickstadt durchs Wettertal nach Oberkleen und R\u00fcckweg durchs Usatal&#8220; (Vollbildanzeige)<\/a><br \/>\n<iframe loading=\"lazy\" width=\"200%\" height=\"300px\" frameborder=\"0\" allowfullscreen src=\"\/\/umap.openstreetmap.fr\/de\/map\/rc03_rw_221027_wickstadt_oberkleen_usatalradweg_824897?scaleControl=true&#038;miniMap=false&#038;scrollWheelZoom=true&#038;zoomControl=true&#038;allowEdit=false&#038;moreControl=true&#038;searchControl=true&#038;tilelayersControl=true&#038;embedControl=true&#038;datalayersControl=true&#038;onLoadPanel=undefined&#038;captionBar=false&#038;fullscreenControl=true&#038;measureControl=true\"><\/iframe><\/p>\n","protected":false},"excerpt":{"rendered":"<p>Liebe Mitglieder und Freunde des RC 03 Ilbenstadt, eine kleine Chance auf nebligen Beginn, dann \u00fcberwiegend mehr Sonne als Wolken und an Regen wird nicht gedacht. So wird sich der Radwandertag am Donnerstag entwickeln, zu dem Erwin Loscher herzlich einl\u00e4dt: &hellip; <a href=\"https:\/\/www.rc03-ilbenstadt.de\/?p=11074\">Weiterlesen <span class=\"meta-nav\">&rarr;<\/span><\/a><\/p>\n","protected":false},"author":9,"featured_media":10165,"comment_status":"closed","ping_status":"closed","sticky":false,"template":"","format":"standard","meta":{"_crdt_document":"","footnotes":""},"categories":[1],"tags":[],"class_list":["post-11074","post","type-post","status-publish","format-standard","has-post-thumbnail","hentry","category-allgemein"],"_links":{"self":[{"href":"https:\/\/www.rc03-ilbenstadt.de\/index.php?rest_route=\/wp\/v2\/posts\/11074","targetHints":{"allow":["GET"]}}],"collection":[{"href":"https:\/\/www.rc03-ilbenstadt.de\/index.php?rest_route=\/wp\/v2\/posts"}],"about":[{"href":"https:\/\/www.rc03-ilbenstadt.de\/index.php?rest_route=\/wp\/v2\/types\/post"}],"author":[{"embeddable":true,"href":"https:\/\/www.rc03-ilbenstadt.de\/index.php?rest_route=\/wp\/v2\/users\/9"}],"replies":[{"embeddable":true,"href":"https:\/\/www.rc03-ilbenstadt.de\/index.php?rest_route=%2Fwp%2Fv2%2Fcomments&post=11074"}],"version-history":[{"count":5,"href":"https:\/\/www.rc03-ilbenstadt.de\/index.php?rest_route=\/wp\/v2\/posts\/11074\/revisions"}],"predecessor-version":[{"id":11084,"href":"https:\/\/www.rc03-ilbenstadt.de\/index.php?rest_route=\/wp\/v2\/posts\/11074\/revisions\/11084"}],"wp:featuredmedia":[{"embeddable":true,"href":"https:\/\/www.rc03-ilbenstadt.de\/index.php?rest_route=\/wp\/v2\/media\/10165"}],"wp:attachment":[{"href":"https:\/\/www.rc03-ilbenstadt.de\/index.php?rest_route=%2Fwp%2Fv2%2Fmedia&parent=11074"}],"wp:term":[{"taxonomy":"category","embeddable":true,"href":"https:\/\/www.rc03-ilbenstadt.de\/index.php?rest_route=%2Fwp%2Fv2%2Fcategories&post=11074"},{"taxonomy":"post_tag","embeddable":true,"href":"https:\/\/www.rc03-ilbenstadt.de\/index.php?rest_route=%2Fwp%2Fv2%2Ftags&post=11074"}],"curies":[{"name":"wp","href":"https:\/\/api.w.org\/{rel}","templated":true}]}}