{"id":11091,"date":"2022-11-02T12:03:50","date_gmt":"2022-11-02T11:03:50","guid":{"rendered":"https:\/\/www.rc03-ilbenstadt.de\/?p=11091"},"modified":"2022-11-02T12:39:42","modified_gmt":"2022-11-02T11:39:42","slug":"ilbenstaedter-radtourenradwanderung-von-wickstadt-zu-nidder-laisbach-und-niddaam-3-november-2022heimische-gewaesser-mit-internationalem-anschluss","status":"publish","type":"post","link":"https:\/\/www.rc03-ilbenstadt.de\/?p=11091","title":{"rendered":"Ilbenst\u00e4dter Radtouren<br>Radwanderung &#8222;Von Wickstadt zu Nidder, Laisbach und Nidda&#8220;<br><br>am 3. November 2022<br><br><br>Heimische Gew\u00e4sser mit internationalem Anschluss<br>"},"content":{"rendered":"<p><strong>Liebe Mitglieder und Freunde des RC 03 Ilbenstadt,<\/strong><\/p>\n<p>morgen erwartet uns ein typischer Herbsttag, der immerhin Temperaturen im zweistelligen Bereich aufweist. Niederschlag ist in fl\u00fcssiger und fester Form nicht prognostiziert und um die Mittagszeit bekommt auch die Sonne eine minimale Chance. Die hartn\u00e4ckige Suche nach gutem Radfahrwetter von Erwin Loscher  hat sich gelohnt. Er l\u00e4dt herzlich zur Tour entlang heimischer Flusssysteme ein:<\/p>\n<p><strong>Start am Donnerstag, den 3. November 2022<\/strong><br \/>\n<strong>um 10:00 Uhr an der Wickst\u00e4dter Niddabr\u00fccke<\/strong><\/p>\n<p>Da sich das SARS-CoV-2-Virus hartn\u00e4ckig unserer Gesellschaft versichert, sind bei Gruppenfahrten Hygiene- und Abstandsregeln weiterhin st\u00e4ndige Begleiter. Wir bitten zum Schutz der Gruppe und Eurer eigenen Gesundheit willen, um deren Beachtung.<\/p>\n<details>\n<summary><span style=\"color: #3366ff;\">Unsere Hinweise zur Coronapr\u00e4vention einblenden:<\/span><\/summary>\n<p> Die Coronawelle baut sich wieder ab, so die offiziellen Zahlen, die sich von Dunkelziffern unbeeindruckt zeigen. Die Inzidenzen sind mittlerweile unter die 500er-Grenze gerutscht. Von der Freude \u00fcber wiedergewonnene Freiheiten verdeckt, k\u00f6nnten sich die Zahlen unter der Decke in ganz anderen Dimensionen bewegen. Doch sind schwere Verl\u00e4ufe, gar der Tod weit weg, geh\u00f6ren der Vergangenheit an? Nur, welche Minderheit sorgt f\u00fcr kritische Verh\u00e4ltnisse in unseren Krankenh\u00e4usern? Passt auf Euch auf, bleibt gesund!<br \/>\n Die politisch Verantwortlichen suchen den Kompromiss zwischen einschr\u00e4nkenden Vorgaben zum Gesundheitsheitsschutz und der Freiheit  des Einzelnen. Weitgehend wird diesem vernunftbegabten Wesen vertraut, sich sachgerecht zu entscheiden. M\u00f6gen sich diese Annahmen best\u00e4tigen, dass eine gute Pr\u00e4vention ohne intensive staatliche Eingriffe erreicht werden kann:<br \/>\nDas hei\u00dft, dass an den entscheidenden Stellen Abstand gehalten und\/oder eine geeignete Maske getragen sowie bei eigener Neigung zur &#8222;Triefnase&#8220; der Kontakt zu Mitmenschen selbstverst\u00e4ndlich eingeschr\u00e4nkt wird. Wer denn wissen will, was das Land Hessen unter unserem eigenverantwortlichen Handeln versteht, dem sei die Internetseite <a href=\"https:\/\/hessen.de\/handeln\/corona-in-hessen\">&#8222;corona-in-hessen&#8220;<\/a> zum Nachlesen empfohlen.<br \/>\nNebenbei:<br \/>\nDie aktuelle und vermutlich weniger gelesene Verordnung hei\u00dft Coronavirus-Basisschutzma\u00dfnahmenverordnung &#8211; CoBaSchuV. Sie wurde am 28. September 2022 neu in Marsch gesetzt und gilt nun vom 1. Oktober 2022 bis einschlie\u00dflich des 7. April 2023. Sie ist    <a href=\"https:\/\/hessen.de\/sites\/hessen.hessen.de\/files\/2022-09\/2022_09_29_Auslegungshinweise_CoBaSchuV.pdf\" target=\"_blank\" rel=\"noopener\">hier<\/a> mit Auslegungshinweisen nachzulesen.<\/p>\n<\/details>\n<p><\/p>\n<p> Dass diese Tour im November letzten Jahres aufgrund einer ung\u00fcnstigen Wetterprognose ins Wasser fiel, macht die Einladung und die Informationen zur Tour wieder aktuell. Das sind Gott sei Dank auch <!--more-->die unten verwendeten Zahlen zu den Abflussmengen der Gew\u00e4sser, die noch unbeeinflusst von anhaltender Trockenheit als langj\u00e4hrige Mittelwerte dargestellt sind.<\/p>\n<p> &#8222;Zu den heimischen Flie\u00dfgew\u00e4ssern&#8220;  Kreativ ist unser Radwanderfachwart, das muss man ihm lassen. Aber welchem geheimen Plan folgt er? Die Aspekte Gesundheit und Geselligkeit sind leicht nachvollziehbar, dann aber Kultur und die verborgenen Zusammenh\u00e4nge unserer Umwelt? Ja, aber sicher!<br \/>\nSo f\u00fchrt er uns zum Auftakt des Abflussjahres an  <a href=\"https:\/\/de.wikipedia.org\/wiki\/Nidder\" target=\"_blank\" rel=\"noopener\">Nidder<\/a>,  <a href=\"https:\/\/de.wikipedia.org\/wiki\/Laisbach\" target=\"_blank\" rel=\"noopener\">Laisbach<\/a> und  <a href=\"https:\/\/de.wikipedia.org\/wiki\/Nidda_(Fluss)\" target=\"_blank\" rel=\"noopener\">Nidda.<\/a> Diese lebendigen und oftmals ungest\u00fcmen W\u00e4sser des Vogelsberges flie\u00dfen letztlich in der Nidda vereint, Main, Rhein und der Nordsee entgegen. Aufregende Vorstellungen k\u00f6nnen uns heimsuchen, wenn &#8222;unser&#8220; Wasser am Beginn einer langen Reise in die weite Welt steht, internationales Flair einfordert. Doch ein Teil verdunstet, muss den R\u00fcckweg antreten oder wird von Mensch, Tier-, Pflanzenwelt und Wirtschaftsbetrieben v\u00f6llig vom Wege abgebracht. Mit solchen Gedanken vergeht die Fahrt wie im Flug, die Beine wirbeln, Ablenkung tut not, um in das Hier und Jetzt zur\u00fcckzufinden. Dazu ist die Rast in Ortenberg genau richtig.<br \/>\nAm Laisbach, auf den wir in Bobenhausen I sto\u00dfen, f\u00e4llt uns das  <a href=\"https:\/\/de.wikipedia.org\/wiki\/Abflussjahr\" target=\"_blank\" rel=\"noopener\">&#8222;Abflussjahr&#8220;<\/a>  wieder ein. Dazu gibt es auch eine Norm, die DIN 4049, die f\u00fcr Deutschland das Abflussjahr vom 1. November bis zum 31. Oktober festschreibt. Hier toben sich die Wasserwirtschaftler aller Couleur zum  <a href=\"https:\/\/de.wikipedia.org\/wiki\/Abfluss#MNQ\" target=\"_blank\" rel=\"noopener\">Abfluss<\/a> mit komplexen Berechnungen, die sich teilweise \u00fcber Jahrzehnte erstrecken, aus, die vor dem Hintergrund auch der zerst\u00f6renden Kraft des Wassers bitter notwendig sind. Es wird gemessen, an welchem Ort, welche Wassermenge in der Zeiteinheit X durchflie\u00dft. F\u00fcr den Laisbach liegt der mittlere Niedrigwasserabfluss bei 62 m\u00b3\/s und der mittlere Abfluss bei 221 m\u00b3\/s. H\u00e4tte man dem &#8222;B\u00e4chlein&#8220; nicht zugetraut. Trotz des relativ schlechten Gew\u00e4sserzustandes findet sich die Bachforelle als Leitfisch (untere Forellenregion).<br \/>\nUnversehens sind wir mit unserem &#8222;bunten Fahrradzoo&#8220; &#8211; ein &#8222;Leitfisch&#8220; unter Fahrr\u00e4dern ist nicht auszumachen &#8211; bei Dauernheim auf die Nidda gesto\u00dfen. Deren Eigenheiten, deren Umfeld sowie auch Renaturierungsprojekte im Flusslauf, sind uns von der Quelle \u00fcber die ganzen 89,7 Kilometer bis zur M\u00fcndung in den Main bekannt. So k\u00f6nnen wir die Entwicklungen \u00fcber Renaturierungsprojekte bis hin zum Radwegebau \u00fcber einen gro\u00dfen Zeitraum begleiten. Interessant, auch wenn wir nicht immer vorbehaltslos Zustimmung bekunden k\u00f6nnen.<br \/>\nWenden wir uns jetzt aber doch der pr\u00e4chtigen Herbstlandschaft der Wetterau zu. Das leuchtende Farbenspiel des Laubes, im Nebel und Sonnenschein ist es gleicherma\u00dfen reizvoll, soll uns die letzten Kilometer begleiten, der Niddaradweg l\u00e4sst das Peloton m\u00fchelos gen Wickstadt rollen. Die wassergebundene Oberfl\u00e4che in Florstadt k\u00fcndigt das nahe Ziel an. Einzig eine strahlende Oktobersonne k\u00f6nnte f\u00fcr eine Unterbrechung am Eissalon sorgen, falls dieser nicht schon wegen sinkender Temperaturen die Segel gestrichen hat. <\/p>\n<p>In Wickstadt liegt die 54 Kilometer lange Tour hinter uns. Wer auf Trekking-, Tourenrad oder Mountainbike sa\u00df, hat die richtige Wahl f\u00fcr diese Herbsttour getroffen.<\/p>\n<p>Ist das Interesse geweckt, freut sich der RC 03 Ilbenstadt auf eine rege Teilnahme.<br \/>\nErwin Loscher ist f\u00fcr R\u00fcckfragen unter der Telefonnummer 01512 02 30 745 erreichbar.<\/p>\n<p><span style=\"color: #ff0000;\">Achtung: Kurzfristige \u00c4nderungen zur Tour werden auf dieser Seite verk\u00fcndet. Eine Absage ist nicht geplant.<\/span><\/p>\n<p>F\u00fcr das Radwanderteam<\/p>\n<p>Wilhelm Schr\u00f6der<br \/>\nFachbereichsleiter \u00d6ffentlichkeitsarbeit und Sport (RTF\/CTF)<\/p>\n<p>Streckendownload f\u00fcr Navigationsger\u00e4te:<br \/>\nVon Wickstadt in das heimische Flusssystem von Nidda, Nidda und Laisbach:<br \/>\n<a href=\"https:\/\/rc03-ilbenstadt.de\/GPX\/GPX-RW\/RC03_RW_211101_Wickstadt_Nidder_Nidda_Laisbachtaltour.gpx\">Radwanderung &#8222;Von Wickstadt in das heimische Flusssystem&#8220;<\/a><\/p>\n<p><a href=\"http:\/\/umap.openstreetmap.fr\/de\/map\/rc03-rw_211101-wickstadt_laisbachtal_674974\" target=\"_blank\" rel=\"noopener\">Radwanderung &#8222;Von Wickstadt in das heimische Flusssystem&#8220;<br \/>(Vollbildanzeige)<\/a><br \/>\n<iframe loading=\"lazy\" width=\"200%\" height=\"300px\" frameborder=\"0\" allowfullscreen src=\"\/\/umap.openstreetmap.fr\/de\/map\/rc03-rw_211101-wickstadt_laisbachtal_674974?scaleControl=true&#038;miniMap=false&#038;scrollWheelZoom=true&#038;zoomControl=true&#038;allowEdit=false&#038;moreControl=true&#038;searchControl=true&#038;tilelayersControl=true&#038;embedControl=true&#038;datalayersControl=true&#038;onLoadPanel=undefined&#038;captionBar=false&#038;fullscreenControl=true&#038;measureControl=true\"><\/iframe>  <\/p>\n","protected":false},"excerpt":{"rendered":"<p>Liebe Mitglieder und Freunde des RC 03 Ilbenstadt, morgen erwartet uns ein typischer Herbsttag, der immerhin Temperaturen im zweistelligen Bereich aufweist. Niederschlag ist in fl\u00fcssiger und fester Form nicht prognostiziert und um die Mittagszeit bekommt auch die Sonne eine minimale &hellip; <a href=\"https:\/\/www.rc03-ilbenstadt.de\/?p=11091\">Weiterlesen <span class=\"meta-nav\">&rarr;<\/span><\/a><\/p>\n","protected":false},"author":9,"featured_media":10165,"comment_status":"closed","ping_status":"closed","sticky":false,"template":"","format":"standard","meta":{"_crdt_document":"","footnotes":""},"categories":[1],"tags":[],"class_list":["post-11091","post","type-post","status-publish","format-standard","has-post-thumbnail","hentry","category-allgemein"],"_links":{"self":[{"href":"https:\/\/www.rc03-ilbenstadt.de\/index.php?rest_route=\/wp\/v2\/posts\/11091","targetHints":{"allow":["GET"]}}],"collection":[{"href":"https:\/\/www.rc03-ilbenstadt.de\/index.php?rest_route=\/wp\/v2\/posts"}],"about":[{"href":"https:\/\/www.rc03-ilbenstadt.de\/index.php?rest_route=\/wp\/v2\/types\/post"}],"author":[{"embeddable":true,"href":"https:\/\/www.rc03-ilbenstadt.de\/index.php?rest_route=\/wp\/v2\/users\/9"}],"replies":[{"embeddable":true,"href":"https:\/\/www.rc03-ilbenstadt.de\/index.php?rest_route=%2Fwp%2Fv2%2Fcomments&post=11091"}],"version-history":[{"count":5,"href":"https:\/\/www.rc03-ilbenstadt.de\/index.php?rest_route=\/wp\/v2\/posts\/11091\/revisions"}],"predecessor-version":[{"id":11096,"href":"https:\/\/www.rc03-ilbenstadt.de\/index.php?rest_route=\/wp\/v2\/posts\/11091\/revisions\/11096"}],"wp:featuredmedia":[{"embeddable":true,"href":"https:\/\/www.rc03-ilbenstadt.de\/index.php?rest_route=\/wp\/v2\/media\/10165"}],"wp:attachment":[{"href":"https:\/\/www.rc03-ilbenstadt.de\/index.php?rest_route=%2Fwp%2Fv2%2Fmedia&parent=11091"}],"wp:term":[{"taxonomy":"category","embeddable":true,"href":"https:\/\/www.rc03-ilbenstadt.de\/index.php?rest_route=%2Fwp%2Fv2%2Fcategories&post=11091"},{"taxonomy":"post_tag","embeddable":true,"href":"https:\/\/www.rc03-ilbenstadt.de\/index.php?rest_route=%2Fwp%2Fv2%2Ftags&post=11091"}],"curies":[{"name":"wp","href":"https:\/\/api.w.org\/{rel}","templated":true}]}}