{"id":11097,"date":"2022-11-07T13:16:27","date_gmt":"2022-11-07T12:16:27","guid":{"rendered":"https:\/\/www.rc03-ilbenstadt.de\/?p=11097"},"modified":"2022-12-23T23:51:43","modified_gmt":"2022-12-23T22:51:43","slug":"ilbenstaedter-radtourenradwanderung-von-assenheim-in-die-suedliche-wetterau-zum-lohrberg-und-zur-hohen-strasseam-8-november-2022herbstliche-genusstour-mit-herrlichen-ausblicken-ins-maintal-und-z","status":"publish","type":"post","link":"https:\/\/www.rc03-ilbenstadt.de\/?p=11097","title":{"rendered":"Ilbenst\u00e4dter Radtouren<br>Radwanderung &#8222;Von Assenheim in die s\u00fcdliche Wetterau, zum Lohrberg und zur Hohen Stra\u00dfe&#8220;<br>am 8. November 2022<br><br>Herbstliche Genusstour mit herrlichen Ausblicken ins Maintal und zum Odenwald<br><br><br>"},"content":{"rendered":"<p><strong>Liebe Mitglieder und Freunde des RC 03 Ilbenstadt,<\/strong><\/p>\n<p>man klammert sich zu dieser Zeit an jeden Strohhalm. So auch Erich Loscher, unser wetterf\u00fchliger Radwanderfachwart. Kaum zeigt die Wettervorhersage ein Sonnensymbol und zweistellige Temperaturen, wird schon eine Ausfahrt angesetzt. Da st\u00f6rt auch zum Ende der Tour eine 15%-ige Regenwahrscheinlichkeit nicht, schlie\u00dflich bestimmt er wo es langgeht.  Er l\u00e4dt herzlich zur Tour in die s\u00fcdliche Wetterau, auf den Berger R\u00fccken mit Lohrberg und Hoher Stra\u00dfe ein:<\/p>\n<p><strong>Start am Dienstag, den 8. November 2022<\/strong><br \/>\n<strong>um 10:00 Uhr am Assenheimer B\u00fcrgerhaus<\/strong><\/p>\n<p>Da sich das SARS-CoV-2-Virus hartn\u00e4ckig unserer Gesellschaft versichert, sind bei Gruppenfahrten Hygiene- und Abstandsregeln weiterhin st\u00e4ndige Begleiter. Wir bitten zum Schutz der Gruppe und Eurer eigenen Gesundheit willen, um deren Beachtung.<\/p>\n<details>\n<summary><span style=\"color: #3366ff;\">Unsere Hinweise zur Coronapr\u00e4vention einblenden:<\/span><\/summary>\n<p> Die Coronawelle baut sich wieder ab, so die offiziellen Zahlen, die sich von Dunkelziffern unbeeindruckt zeigen. Die Inzidenzen sind mittlerweile unter die 500er-Grenze gerutscht. Von der Freude \u00fcber wiedergewonnene Freiheiten verdeckt, k\u00f6nnten sich die Zahlen unter der Decke in ganz anderen Dimensionen bewegen. Doch sind schwere Verl\u00e4ufe, gar der Tod weit weg, geh\u00f6ren der Vergangenheit an? Nur, welche Minderheit sorgt f\u00fcr kritische Verh\u00e4ltnisse in unseren Krankenh\u00e4usern? Passt auf Euch auf, bleibt gesund!<br \/>\n Die politisch Verantwortlichen suchen den Kompromiss zwischen einschr\u00e4nkenden Vorgaben zum Gesundheitsheitsschutz und der Freiheit  des Einzelnen. Weitgehend wird diesem vernunftbegabten Wesen vertraut, sich sachgerecht zu entscheiden. M\u00f6gen sich diese Annahmen best\u00e4tigen, dass eine gute Pr\u00e4vention ohne intensive staatliche Eingriffe erreicht werden kann:<br \/>\nDas hei\u00dft, dass an den entscheidenden Stellen Abstand gehalten und\/oder eine geeignete Maske getragen sowie bei eigener Neigung zur &#8222;Triefnase&#8220; der Kontakt zu Mitmenschen selbstverst\u00e4ndlich eingeschr\u00e4nkt wird. Wer denn wissen will, was das Land Hessen unter unserem eigenverantwortlichen Handeln versteht, dem sei die Internetseite <a href=\"https:\/\/hessen.de\/handeln\/corona-in-hessen\">&#8222;corona-in-hessen&#8220;<\/a> zum Nachlesen empfohlen.<br \/>\nNebenbei:<br \/>\nDie aktuelle und vermutlich weniger gelesene Verordnung hei\u00dft Coronavirus-Basisschutzma\u00dfnahmenverordnung &#8211; CoBaSchuV. Sie wurde am 28. September 2022 neu in Marsch gesetzt und gilt nun vom 1. Oktober 2022 bis einschlie\u00dflich des 7. April 2023. Sie ist    <a href=\"https:\/\/hessen.de\/sites\/hessen.hessen.de\/files\/2022-09\/2022_09_29_Auslegungshinweise_CoBaSchuV.pdf\" target=\"_blank\" rel=\"noopener\">hier<\/a> mit Auslegungshinweisen nachzulesen.<\/p>\n<\/details>\n<p><\/p>\n<p> S\u00fcdliche Wetterau, Lohrberg, Hohe Stra\u00dfe. Da k\u00f6nnen wir die Beschreibung f\u00fcr uns alte Hasen kurz halten: Den Niddaradweg runter bis Berkersheim, weiter zur Hohen Stra\u00dfe, nicht bevor <!--more-->eine erste Einkehr am \u00c4pplerhaus auf dem Lohrberg gehalten wurde, um dann \u00fcber die Hohe Stra\u00dfe nach Ostheim zu gelangen. Hier zieht es uns wieder in Richtung Wickstadt. Davor schlagen wir eine kurze , unter Effizienzgesichtspunkten v\u00f6llig unn\u00f6tige Runde \u00fcber Eichen, finden bei Wickstadt die Nidda, an deren Flie\u00dfrichtung wir uns dann zum Ziel nach Assenheim orientieren k\u00f6nnen.<\/p>\n<p> Schauen wir aber links und rechts des Wegrandes k\u00f6nnte uns Berkersheim auffallen. Seit 1910 unter Frankfurter Herrschaft, nimmt es immerhin Vogelsberger- und Wetterauer W\u00e4sser der Nidda auf, um diese \u00fcber Main und Rhein zur Nordsee freizugeben. Keine Angst, das Wasser der Nidda wird bei steigendem Meeresspiegel nicht bergauf flie\u00dfen m\u00fcssen; die Nordsee orientiert sich eher in Richtung Wetterau. Mit diesem Satz haben wir dann schon mal auf die parallel stattfindende Weltklimakonferenz in Kairo hingewiesen.<br \/>\n Zur\u00fcck zu <a href=\"https:\/\/de.wikipedia.org\/wiki\/Frankfurt-Berkersheim\" target=\"_blank\" rel=\"noopener\">Berkersheim.<\/a> Warum die Frankfurter diesen Flecken eingemeindet haben, erschlie\u00dft sich nicht auf den ersten, auch nicht auf den zweiten Blick. Der kleine Vorort, fr\u00fcher mal ausschlie\u00dflich landwirtschaftlich gepr\u00e4gt &#8211; wenn man die Stra\u00dfennamen richtig deutet &#8211; hatte nach dem Historischen Ortslexikon 1632 14 Haushalte, 1783 35 und 1812 z\u00e4hlte man keine Haushalte mehr, sondern Feuerstellen. Was ist da blo\u00df passiert &#8230;? Im Verh\u00e4ltnis zu Frankfurt ist der Vorort mit heute knapp 4000 Einwohnern immer noch sehr klein, dessen Namen auf Bertghisil (=pr\u00e4chtiger Junker) zur\u00fcckgehen soll. Im Laufe der Jahrhunderte entwickelte sich der Name \u00fcber Berchgisisheim (795), Berahtgisesheim (9. Jhd) und Berkirsheim zur heutigen Form.<br \/>\nWarum lasse ich Euch diese Information zukommen? Einerseits ist es sch\u00f6n, die erste Geb\u00e4udeansammlung s\u00fcdlich der Nidda auf Frankfurter Gebiet &#8222;ansprechen&#8220; zu k\u00f6nnen. Dann hat es hier, sollte man mal schw\u00e4cheln, einen S-Bahn-Anschluss, der schon mal davor bewahrt, am Frankfurter Berg zusteigen zu m\u00fcssen, denn davor liegen 10 zus\u00e4tzliche H\u00f6henmeter. Frankfurter Berg, diese nach dem Reichsheimst\u00e4ttengesetz 1937 gegr\u00fcndete Siedlung und sp\u00e4ter in der Bizone auch mal f\u00fcr Bundestagsabgeordnete und Bundesbeamte vorgesehene Siedlung, fahren wir bei dieser Tour nicht an, sondern steuern unsere R\u00e4der auf den Berger R\u00fccken und hier \u00fcber den einzig verbliebenen Weinberg auf Frankfurter Gebiet. Das muss nicht so bleiben, wenn der unwahrscheinliche Fall auftreten sollte, dass Frankfurt Hochheim mit dem Frankfurter Weingut eingemeindet. Dann aber Vorsicht! Jetzt hei\u00dft es zur Fastnacht noch Helau in Frankfurt, mit Hochheim k\u00f6nnte der Fastnachtsruf der Fl\u00f6rsheimer mit &#8222;Hall die Gail!&#8220; den Main heraufkommen &#8230;<br \/>\nEine Rast auf dem Lohrberg ist beim \u00c4pplerhaus m\u00f6glich. Verbunden mit einem fantastischen Ausblick auf Frankfurt, Offenbach und den Odenwald, ein Geripptes in der Hand, w\u00e4re es schon mal einen Halt wert.<br \/>\nAb hier k\u00f6nnen wir bereits vom R\u00fcckweg nach Assenheim sprechen. Zun\u00e4chst gilt es auf der Hohen Stra\u00dfe beim \u00dcberqueren der K 172 die h\u00f6chste Erhebung unserer Tour mit 210,25 H\u00f6henmetern bei Kilometer 43,6 zu nehmen. Damit haben wir schon einiges unter unsere R\u00e4der genommen und gehen die zweith\u00f6chste Erhebung bei Kilometer 67,5 &#8211; sie weist nur 199,5 H\u00f6henmeter auf &#8211; gewohnt locker an.  Jetzt noch aus unserem Blickfeld heraus an die Nidda und Assenheim hat uns wieder.<\/p>\n<p>In Assenheim liegt die knapp 75 Kilometer lange Tour hinter uns. Wer auf Trekking-, Tourenrad oder Mountainbike sa\u00df, hat die richtige Wahl f\u00fcr diese Herbsttour getroffen.<\/p>\n<p>Ist das Interesse geweckt, freut sich der RC 03 Ilbenstadt auf eine rege Teilnahme.<br \/>\nErwin Loscher ist f\u00fcr R\u00fcckfragen unter der Telefonnummer 01512 02 30 745 erreichbar.<\/p>\n<p><span style=\"color: #ff0000;\">Achtung: Kurzfristige \u00c4nderungen zur Tour werden auf dieser Seite verk\u00fcndet. Eine Absage ist nicht geplant.<\/span><br \/>\nF\u00fcr das Radwanderteam<\/p>\n<p>Wilhelm Schr\u00f6der<br \/>\nFachbereichsleiter \u00d6ffentlichkeitsarbeit und Sport (RTF\/CTF)<\/p>\n<p>Streckendownload f\u00fcr Navigationsger\u00e4te:<br \/>\nVon Wickstadt in das heimische Flusssystem von Nidda, Nidda und Laisbach:<br \/>\n<a href=\"https:\/\/rc03-ilbenstadt.de\/GPX\/GPX-RW\/RC03_RW_221108_Assenheim_S\u00fcdlicheWetterau_Lohrberg_75km.gpx\">Radwanderung &#8222;Von Assenheim in die s\u00fcdliche Wetterau, zum Lohrberg und zur Hohen Stra\u00dfe&#8220;<\/a><\/p>\n<p><a href=\"http:\/\/umap.openstreetmap.fr\/de\/map\/rc03_rw_221108_assenheim_sudlichewetterau_lohrberg_829504\" target=\"_blank\" rel=\"noopener\">Radwanderung &#8222;Von Assenheim in die s\u00fcdliche Wetterau, zum Lohrberg und zur Hohen Stra\u00dfe&#8220;<br \/>(Vollbildanzeige)<\/a><br \/>\n<iframe loading=\"lazy\" width=\"200%\" height=\"300px\" frameborder=\"0\" allowfullscreen src=\"\/\/umap.openstreetmap.fr\/de\/map\/rc03_rw_221108_assenheim_sudlichewetterau_lohrberg_829504?scaleControl=true&#038;miniMap=false&#038;scrollWheelZoom=true&#038;zoomControl=true&#038;allowEdit=false&#038;moreControl=true&#038;searchControl=true&#038;tilelayersControl=null&#038;embedControl=true&#038;datalayersControl=true&#038;onLoadPanel=undefined&#038;captionBar=false&#038;fullscreenControl=true&#038;measureControl=true\"><\/iframe><\/p>\n","protected":false},"excerpt":{"rendered":"<p>Liebe Mitglieder und Freunde des RC 03 Ilbenstadt, man klammert sich zu dieser Zeit an jeden Strohhalm. So auch Erich Loscher, unser wetterf\u00fchliger Radwanderfachwart. Kaum zeigt die Wettervorhersage ein Sonnensymbol und zweistellige Temperaturen, wird schon eine Ausfahrt angesetzt. Da st\u00f6rt &hellip; <a href=\"https:\/\/www.rc03-ilbenstadt.de\/?p=11097\">Weiterlesen <span class=\"meta-nav\">&rarr;<\/span><\/a><\/p>\n","protected":false},"author":9,"featured_media":10165,"comment_status":"closed","ping_status":"closed","sticky":false,"template":"","format":"standard","meta":{"_crdt_document":"","footnotes":""},"categories":[1],"tags":[],"class_list":["post-11097","post","type-post","status-publish","format-standard","has-post-thumbnail","hentry","category-allgemein"],"_links":{"self":[{"href":"https:\/\/www.rc03-ilbenstadt.de\/index.php?rest_route=\/wp\/v2\/posts\/11097","targetHints":{"allow":["GET"]}}],"collection":[{"href":"https:\/\/www.rc03-ilbenstadt.de\/index.php?rest_route=\/wp\/v2\/posts"}],"about":[{"href":"https:\/\/www.rc03-ilbenstadt.de\/index.php?rest_route=\/wp\/v2\/types\/post"}],"author":[{"embeddable":true,"href":"https:\/\/www.rc03-ilbenstadt.de\/index.php?rest_route=\/wp\/v2\/users\/9"}],"replies":[{"embeddable":true,"href":"https:\/\/www.rc03-ilbenstadt.de\/index.php?rest_route=%2Fwp%2Fv2%2Fcomments&post=11097"}],"version-history":[{"count":5,"href":"https:\/\/www.rc03-ilbenstadt.de\/index.php?rest_route=\/wp\/v2\/posts\/11097\/revisions"}],"predecessor-version":[{"id":11110,"href":"https:\/\/www.rc03-ilbenstadt.de\/index.php?rest_route=\/wp\/v2\/posts\/11097\/revisions\/11110"}],"wp:featuredmedia":[{"embeddable":true,"href":"https:\/\/www.rc03-ilbenstadt.de\/index.php?rest_route=\/wp\/v2\/media\/10165"}],"wp:attachment":[{"href":"https:\/\/www.rc03-ilbenstadt.de\/index.php?rest_route=%2Fwp%2Fv2%2Fmedia&parent=11097"}],"wp:term":[{"taxonomy":"category","embeddable":true,"href":"https:\/\/www.rc03-ilbenstadt.de\/index.php?rest_route=%2Fwp%2Fv2%2Fcategories&post=11097"},{"taxonomy":"post_tag","embeddable":true,"href":"https:\/\/www.rc03-ilbenstadt.de\/index.php?rest_route=%2Fwp%2Fv2%2Ftags&post=11097"}],"curies":[{"name":"wp","href":"https:\/\/api.w.org\/{rel}","templated":true}]}}