{"id":11131,"date":"2022-12-23T21:20:12","date_gmt":"2022-12-23T20:20:12","guid":{"rendered":"https:\/\/www.rc03-ilbenstadt.de\/?p=11131"},"modified":"2022-12-24T05:35:41","modified_gmt":"2022-12-24T04:35:41","slug":"11131","status":"publish","type":"post","link":"https:\/\/www.rc03-ilbenstadt.de\/?p=11131","title":{"rendered":"<br>Ehrung der Radsportlerinnen und Radsportler 2022<br><br>Der Saisonabschluss am Angelteich<br><br>Ehrungen, Geselligkeit, Vergn\u00fcgen<br><br><br>"},"content":{"rendered":"<p><strong>Pressemitteilung des RC 03 Ilbenstadt<br \/>\nver\u00f6ffentlicht im Monatsjournal Niddatal, Ausgabe 11\/2022:<\/strong><\/p>\n<p>Eine durchaus erfolgreiche Radsportsaison liegt hinter den Radsportlerinnen und Radsportlern des RC \u00df3 Ilbenstadt. Sie wies H\u00f6hen und Tiefen auf, war aber nach den coronabedingten Restriktionen der Vorjahre entspannt und wurde weitgehend als R\u00fcckkehr zur Normalit\u00e4t empfunden.<br \/>\nRadtourenfahren (RTF), Countrytourenfahren (CTF), das Graveltourenfahren (GTF) und nicht zuletzt das Radwandern sind die Felder, auf denen die Sportlerinnen und Sportler aktiv sind. Das sind breitensportliche Varianten des Stra\u00dfen- und Gel\u00e4nderennsportes, der hier an individuelle Leistungsverm\u00f6gen angepasst, vorwiegend in geselliger Runde und ohne Zeitdruck gemeinsam ausge\u00fcbt wird. Hier ist Jedermann und -frau willkommen und gut aufgehoben. Die Radwanderfraktion stellt auch den Fitnessgedanken in Verbindung mit dem Erkunden regionaler Landschaften und kultureller Aspekte in den Mittelpunkt geselliger Touren, denen auch der Einkehrschwung nicht fehlt.<br \/>\nDies war und ist der Rahmen des Sportjahres, in dem jede und jeder nach individuellen M\u00f6glichkeiten aktiv geworden ist und beachtliche Leistungen erbracht wurden.<!--more--><br \/>\n<center><img decoding=\"async\" src=\"https:\/\/www.rc03-ilbenstadt.de\/wp-content\/uploads\/2022\/12\/Logo_BDR_Breitensport_-quer_V1_Klein.jpg\"><\/center><br \/>\nBevor diese Leistungen gew\u00fcrdigt werden, darf der Hinweis auf die Veranstaltungen des RC 03 Ilbenstadt nicht fehlen. Unter geh\u00f6riger Mitarbeit und Anstrengung einer gro\u00dfen Zahl der Vereinsmitglieder wurden im M\u00e4rz die Radtourenfahrt \u201eRund um Ilbenstadt\u201c, die Countrytourenfahrt \u201eWetterauer \u00c4cker- und W\u00e4ldertour\u201c sowie einer Graveltour angeboten. Im Herbst folgte die Radtourenfahrt \u201eWetterau-Vogelsberg-Radtourenfahrt mit Gravel- und Familientour. Auf vielen Strecken folgten knapp 1000 Teilnehmerinnen und Teilnehmer dem Ruf des Ilbenst\u00e4dter Radsportvereins auf Touren zwischen 40, 70, 100 und 150 Kilometer durch Wetterau und Vogelsberg. Mit der Organisation und Durchf\u00fchrung solcher Touren, die regelm\u00e4\u00dfig von den Vereinen angeboten werden, lebt der Breitenradsport in Hessen, in Deutschland.<br \/>\nAm Ilbenst\u00e4dter Angelteich traf sich die Radsportgemeinde des RC 03 Ilbenstadt. Stehtische, offenes Feuer, Gegrilltes und Gl\u00fchwein luden in frischer Atmosph\u00e4re zur Sportlerehrung, zum Saisonabschluss ein. <\/p>\n<p><strong>Die Radtourenfahrerinnen und Fahrer legten zusammen eine Strecke von 34.481 Kilometern zur\u00fcck. In der Vereinsmeisterschaft konnte Fachwart Johannes Contag diese Leistungen w\u00fcrdigen:<br \/>\nIn der Frauenklasse belegte Jenni Heubach mit 2719 Kilometern Platz 1, gefolgt von Manuela Weisbarth (1402 Kilometer), Alexandra Adam (647 Kilometer) und Inge Schr\u00f6der (779 Kilometer) .<br \/>\nIn der Herrenklasse \u00fcber 60 Jahren obsiegte der RTF-\/CTF-Fachwart Johannes Contag mit 4666 Kilometern, gefolgt von Dieter Herbert (2221 Kilometer), Dieter Kalb (1991Kilometer) und Giovanni Di Rosa (1769 Kilometer).<br \/>\nDie Herrenklasse bis zum 60. Lebensjahr wurde von Oliver Witt (2336 Kilometer) angef\u00fchrt, auf den Pl\u00e4tzen gefolgt von Stefan Zinn (2377 Kilometer), Kurt L\u00f6chner (2476 Kilometer) und Arne Kellmann (2442 Kilometer).<br \/>\nAuch in der Saison 2021\/2022 waren die Radwanderer unter F\u00fchrung von Erwin Loscher sehr aktiv. In Wetterau, Vogelsberg, Taunus, bis hin zur Mainlinie und im Norden in den Gie\u00dfener Raum wurden bei vorwiegend gutem Radfahrwetter sch\u00f6ne Strecken zwischen 60 und 100 Kilometern unter die R\u00e4der genommen. So kamen insgesamt 46.331 Kilometer zusammen. Respekt!<br \/>\nRadwanderfachwart Erwin Loscher hatte mit 3483 Kilometern die Nase vorn, dicht gefolgt von Peter Trumpfheller (2701 Kilometer), Gert Schmitt (2660 Kilometer) und Winfried Wynohradnik (2588 km). Die Damenklasse war zahlenm\u00e4\u00dfig schw\u00e4cher besetzt. Hier lag Sabine Heinzen mit 969 Kilometern in Front, dahinter Inge Schr\u00f6der mit 548 Kilometern.<br \/>\nAbgerundet wurde n die Ehrungen im Radwandern durch die Leistungen in der G\u00e4steklasse mit Martin van Ooyen (3105 Kilometer), J\u00fcrgen Hahn (2048 Kilometer), Brigitte Echzeller (1017 Kilometer) und Claudia Dirks (368 Kilometer)<\/strong><\/p>\n<p>Allen Geehrten wurde eine Urkunde \u00fcberreicht, dazu an die Vereinsmitglieder ein Duschtuch mit Vereinslogo, Namen und Platzierung in der Vereinsmeisterschaft 2021\/2022.<br \/>\nNach den Ehrungen wurden angeregte Gespr\u00e4chsrunden fortgesetzt, in denen die Erlebnisse der Saison Revue passieren konnten, Berichte von Radreisen, Teilnahme an Wettbewerben und Veranstaltungen au\u00dferhalb der Vereinsmeisterschaften ausgetauscht und vor allem Pl\u00e4ne f\u00fcr die neue Saison geschmiedet wurden.<br \/>\nDie Saison 2022\/2023 der Radwanderer l\u00e4uft schon seit dem 17. Oktober, f\u00fcr Radtourenfahrer geht es am 1. Januar 2023 los. F\u00fcr letztere ist dies gleichzeitig der Start in eine digitale Organisation. Aber keine Angst, es wird keiner allein in der analogen Welt zur\u00fcckgelassen oder ins Digitale gepresst. Es werden alle mitgenommen und an der Methode, die Fahrr\u00e4der fortzubewegen, hat sich nichts ge\u00e4ndert \u2026 <\/p>\n<p>Impressionen<\/p>\n<table>\n<tbody>\n<tr>\n<td style=\"width: 33.3333%;\"><a href=\"https:\/\/www.rc03-ilbenstadt.de\/wp-content\/uploads\/2022\/12\/B-RC03-221119-006-Sportlerehrung-I-WEB.jpg\" rel=\"lightbox[11131]\"><img loading=\"lazy\" decoding=\"async\" class=\"aligncenter size-thumbnail wp-image-11160\" src=\"https:\/\/www.rc03-ilbenstadt.de\/wp-content\/uploads\/2022\/12\/B-RC03-221119-006-Sportlerehrung-I-WEB.jpg\" alt=\"\" width=\"150\" height=\"150\" \/><\/a><\/td>\n<td style=\"width: 33.3333%;\"><a href=\"https:\/\/www.rc03-ilbenstadt.de\/wp-content\/uploads\/2022\/12\/B-RC03-221119-007-Sportlerehrung-I-WEB.jpg\" rel=\"lightbox[11131]\"><img loading=\"lazy\" decoding=\"async\" class=\"aligncenter size-thumbnail wp-image-11161\" src=\"https:\/\/www.rc03-ilbenstadt.de\/wp-content\/uploads\/2022\/12\/B-RC03-221119-007-Sportlerehrung-I-WEB.jpg\" alt=\"\" width=\"150\" height=\"150\" \/><\/a><\/td>\n<td style=\"width: 33.3333%;\"><a href=\"https:\/\/www.rc03-ilbenstadt.de\/wp-content\/uploads\/2022\/12\/B-RC03-221119-012-Sportlerehrung-I-WEB.jpg\" rel=\"lightbox[11131]\"><img loading=\"lazy\" decoding=\"async\" class=\"aligncenter size-thumbnail wp-image-1162\" src=\"https:\/\/www.rc03-ilbenstadt.de\/wp-content\/uploads\/2022\/12\/B-RC03-221119-012-Sportlerehrung-I-WEB.jpg\" alt=\"\" width=\"150\" height=\"150\" \/><\/a><\/td>\n<\/tr>\n<tr>\n<td style=\"width: 33.3333%;\"><a href=\"https:\/\/www.rc03-ilbenstadt.de\/wp-content\/uploads\/2022\/12\/B-RC03-221119-013-Sportlerehrung-I-WEB.jpg\" rel=\"lightbox[11131]\"><img loading=\"lazy\" decoding=\"async\" class=\"aligncenter size-thumbnail wp-image-11163\" src=\"https:\/\/www.rc03-ilbenstadt.de\/wp-content\/uploads\/2022\/12\/B-RC03-221119-013-Sportlerehrung-I-WEB.jpg\" alt=\"\" width=\"150\" height=\"150\" \/><\/a><\/td>\n<td style=\"width: 33.3333%;\"><a href=\"https:\/\/www.rc03-ilbenstadt.de\/wp-content\/uploads\/2022\/12\/B-RC03-221119-014-Sportlerehrung-I-WEB.jpg\" rel=\"lightbox[11131]\"><img loading=\"lazy\" decoding=\"async\" class=\"aligncenter size-thumbnail wp-image-11164\" src=\"https:\/\/www.rc03-ilbenstadt.de\/wp-content\/uploads\/2022\/12\/B-RC03-221119-014-Sportlerehrung-I-WEB.jpg\" alt=\"\" width=\"150\" height=\"150\" \/><\/a><\/td>\n<td style=\"width: 33.3333%;\"><a href=\"https:\/\/www.rc03-ilbenstadt.de\/wp-content\/uploads\/2022\/12\/B-RC03-221119-015-Sportlerehrung-I-WEB.jpg\" rel=\"lightbox[11131]\"><img loading=\"lazy\" decoding=\"async\" class=\"aligncenter size-thumbnail wp-image-11165\" src=\"https:\/\/www.rc03-ilbenstadt.de\/wp-content\/uploads\/2022\/12\/B-RC03-221119-015-Sportlerehrung-I-WEB.jpg\" alt=\"\" width=\"150\" height=\"150\" \/><\/a><\/td>\n<\/tr>\n<tr>\n<td style=\"width: 33.3333%;\"><a href=\"https:\/\/www.rc03-ilbenstadt.de\/wp-content\/uploads\/2022\/12\/B-RC03-221119-018-Sportlerehrung-I-WEB.jpg\" rel=\"lightbox[11131]\"><img loading=\"lazy\" decoding=\"async\" class=\"aligncenter size-thumbnail wp-image-11166\" src=\"https:\/\/www.rc03-ilbenstadt.de\/wp-content\/uploads\/2022\/12\/B-RC03-221119-018-Sportlerehrung-I-WEB.jpg\" alt=\"\" width=\"150\" height=\"150\" \/><\/a><\/td>\n<td style=\"width: 33.3333%;\"><a href=\"https:\/\/www.rc03-ilbenstadt.de\/wp-content\/uploads\/2022\/12\/B-RC03-221119-019-Sportlerehrung-I-WEB.jpg\" rel=\"lightbox[11131]\"><img loading=\"lazy\" decoding=\"async\" class=\"aligncenter size-thumbnail wp-image-11167\" src=\"https:\/\/www.rc03-ilbenstadt.de\/wp-content\/uploads\/2022\/12\/B-RC03-221119-019-Sportlerehrung-I-WEB.jpg\" alt=\"\" width=\"150\" height=\"150\" \/><\/a><\/td>\n<td style=\"width: 33.3333%;\"><a href=\"https:\/\/www.rc03-ilbenstadt.de\/wp-content\/uploads\/2022\/12\/B-RC03-221119-021-Sportlerehrung-I-WEB.jpg\" rel=\"lightbox[11131]\"><img loading=\"lazy\" decoding=\"async\" class=\"aligncenter size-thumbnail wp-image-11168\" src=\"https:\/\/www.rc03-ilbenstadt.de\/wp-content\/uploads\/2022\/12\/B-RC03-221119-021-Sportlerehrung-I-WEB.jpg\" alt=\"\" width=\"150\" height=\"150\" \/><\/a><\/td>\n<\/tr>\n<tr>\n<td style=\"width: 33.3333%;\"><a href=\"https:\/\/www.rc03-ilbenstadt.de\/wp-content\/uploads\/2022\/12\/B-RC03-221119-022-Sportlerehrung-I-WEB.jpg\" rel=\"lightbox[11131]\"><img loading=\"lazy\" decoding=\"async\" class=\"aligncenter size-thumbnail wp-image-11169\" src=\"https:\/\/www.rc03-ilbenstadt.de\/wp-content\/uploads\/2022\/12\/B-RC03-221119-022-Sportlerehrung-I-WEB.jpg\" alt=\"\" width=\"150\" height=\"150\" \/><\/a><\/td>\n<td style=\"width: 33.3333%;\"><a href=\"https:\/\/www.rc03-ilbenstadt.de\/wp-content\/uploads\/2022\/12\/B-RC03-221119-023-Sportlerehrung-I-WEB.jpg\" rel=\"lightbox[11131]\"><img loading=\"lazy\" decoding=\"async\" class=\"aligncenter size-thumbnail wp-image-11170\" src=\"https:\/\/www.rc03-ilbenstadt.de\/wp-content\/uploads\/2022\/12\/B-RC03-221119-023-Sportlerehrung-I-WEB.jpg\" alt=\"\" width=\"150\" height=\"150\" \/><\/a><\/td>\n<td style=\"width: 33.3333%;\"><a href=\"https:\/\/www.rc03-ilbenstadt.de\/wp-content\/uploads\/2022\/12\/B-RC03-221119-025-Sportlerehrung-I-WEB.jpg\" rel=\"lightbox[11131]\"><img loading=\"lazy\" decoding=\"async\" class=\"aligncenter size-thumbnail wp-image-11171\" src=\"https:\/\/www.rc03-ilbenstadt.de\/wp-content\/uploads\/2022\/12\/B-RC03-221119-025-Sportlerehrung-I-WEB.jpg\" alt=\"\" width=\"150\" height=\"150\" \/><\/a><\/td>\n<\/tr>\n<tr>\n<td style=\"width: 33.3333%;\"><a href=\"\"><img loading=\"lazy\" decoding=\"async\" class=\"aligncenter size-thumbnail wp-image-\" src=\"\" alt=\"\" width=\"150\" height=\"150\" \/><\/a><\/td>\n<td style=\"width: 33.3333%;\"><a href=\"https:\/\/www.rc03-ilbenstadt.de\/wp-content\/uploads\/2022\/12\/B-RC03-221119-027-Sportlerehrung-CW-WEB-1.jpeg\" rel=\"lightbox[11131]\"><img loading=\"lazy\" decoding=\"async\" class=\"aligncenter size-thumbnail wp-image-11172\" src=\"https:\/\/www.rc03-ilbenstadt.de\/wp-content\/uploads\/2022\/12\/B-RC03-221119-027-Sportlerehrung-CW-WEB-1.jpeg\" alt=\"\" width=\"150\" height=\"150\" \/><\/a><\/td>\n<td style=\"width: 33.3333%;\"><a href=\"\"><img loading=\"lazy\" decoding=\"async\" class=\"aligncenter size-thumbnail wp-image-\" src=\"\" alt=\"\" width=\"150\" height=\"150\" \/><\/a><\/td>\n<\/tr>\n<\/tbody>\n<\/table>\n","protected":false},"excerpt":{"rendered":"<p>Pressemitteilung des RC 03 Ilbenstadt ver\u00f6ffentlicht im Monatsjournal Niddatal, Ausgabe 11\/2022: Eine durchaus erfolgreiche Radsportsaison liegt hinter den Radsportlerinnen und Radsportlern des RC \u00df3 Ilbenstadt. Sie wies H\u00f6hen und Tiefen auf, war aber nach den coronabedingten Restriktionen der Vorjahre entspannt &hellip; <a href=\"https:\/\/www.rc03-ilbenstadt.de\/?p=11131\">Weiterlesen <span class=\"meta-nav\">&rarr;<\/span><\/a><\/p>\n","protected":false},"author":9,"featured_media":8311,"comment_status":"closed","ping_status":"closed","sticky":false,"template":"","format":"standard","meta":{"_crdt_document":"","footnotes":""},"categories":[1],"tags":[],"class_list":["post-11131","post","type-post","status-publish","format-standard","has-post-thumbnail","hentry","category-allgemein"],"_links":{"self":[{"href":"https:\/\/www.rc03-ilbenstadt.de\/index.php?rest_route=\/wp\/v2\/posts\/11131","targetHints":{"allow":["GET"]}}],"collection":[{"href":"https:\/\/www.rc03-ilbenstadt.de\/index.php?rest_route=\/wp\/v2\/posts"}],"about":[{"href":"https:\/\/www.rc03-ilbenstadt.de\/index.php?rest_route=\/wp\/v2\/types\/post"}],"author":[{"embeddable":true,"href":"https:\/\/www.rc03-ilbenstadt.de\/index.php?rest_route=\/wp\/v2\/users\/9"}],"replies":[{"embeddable":true,"href":"https:\/\/www.rc03-ilbenstadt.de\/index.php?rest_route=%2Fwp%2Fv2%2Fcomments&post=11131"}],"version-history":[{"count":5,"href":"https:\/\/www.rc03-ilbenstadt.de\/index.php?rest_route=\/wp\/v2\/posts\/11131\/revisions"}],"predecessor-version":[{"id":11175,"href":"https:\/\/www.rc03-ilbenstadt.de\/index.php?rest_route=\/wp\/v2\/posts\/11131\/revisions\/11175"}],"wp:featuredmedia":[{"embeddable":true,"href":"https:\/\/www.rc03-ilbenstadt.de\/index.php?rest_route=\/wp\/v2\/media\/8311"}],"wp:attachment":[{"href":"https:\/\/www.rc03-ilbenstadt.de\/index.php?rest_route=%2Fwp%2Fv2%2Fmedia&parent=11131"}],"wp:term":[{"taxonomy":"category","embeddable":true,"href":"https:\/\/www.rc03-ilbenstadt.de\/index.php?rest_route=%2Fwp%2Fv2%2Fcategories&post=11131"},{"taxonomy":"post_tag","embeddable":true,"href":"https:\/\/www.rc03-ilbenstadt.de\/index.php?rest_route=%2Fwp%2Fv2%2Ftags&post=11131"}],"curies":[{"name":"wp","href":"https:\/\/api.w.org\/{rel}","templated":true}]}}