{"id":11184,"date":"2023-01-02T19:58:53","date_gmt":"2023-01-02T18:58:53","guid":{"rendered":"https:\/\/www.rc03-ilbenstadt.de\/?p=11184"},"modified":"2023-04-18T13:08:59","modified_gmt":"2023-04-18T11:08:59","slug":"ilbenstaedter-radtourenradwanderung-von-wickstadt-in-die-noerdliche-wetterauam-3-januar-2023der-inheidener-see-klimaveraenderuengen-im-rueck-und-ausblick","status":"publish","type":"post","link":"https:\/\/www.rc03-ilbenstadt.de\/?p=11184","title":{"rendered":"Ilbenst\u00e4dter Radtouren<br>Radwanderung &#8222;Von Wickstadt in die n\u00f6rdliche Wetterau&#8220;<br>am Dienstag, den 3. Januar 2023<br><br>Der Inheidener See<br>&#8211; Klimaver\u00e4nderungen im R\u00fcck- und Ausblick<br><br><br>"},"content":{"rendered":"<p><strong>Liebe Mitglieder und Freunde des RC 03 Ilbenstadt,<\/strong><\/p>\n<p>Anh\u00e4nger surrender R\u00e4der in der Wintersonne, die unsere heimische Atmosph\u00e4re trotz des negativen Einflusses des ein oder anderen Wolkenfeldes immerhin auf rund 8\u00b0 Celsius aufzuheizen vermag, sind aufgerufen. Unser Radwanderfachwart ist sehr unruhig ob der g\u00fcnstigen Konstellation und l\u00e4dt morgen zu einer Radtour in den Norden der Wetterau ein:<\/p>\n<p><strong>Start am Dienstag, den 3. Januar 2023<\/strong><br \/>\n<strong>um 10:00 Uhr an der Wickst\u00e4dter Niddabr\u00fccke<\/strong><br \/>\n<strong>um 10:30 Uhr am Bingenheimer Schloss<\/strong><br \/>\n<strong>Der Zustieg ist auch an der Echzeller Kirche oder dem Berst\u00e4dter Hundeplatz m\u00f6glich. Hier w\u00fcnsche ich bei der Weg-Zeit-Berechnung eine gl\u00fcckliche Hand &#x1f60a;<\/strong><\/p>\n<p>Die \u00fcblichen Coronahinweise schenke ich mir. Ihr seid alt genug, den ver\u00f6ffentlichten Hinweisen und Vorschriften des Landes Hessen zu folgen. Seitdem im November die Isolationspflicht f\u00fcr Coronaerkrankte aufgehoben wurde, bin ich desillussioniert. Obwohl, ich glaube nat\u00fcrlich fest an die Eigenverantwortung der Menschen in unserem Bundesland. Werden nur die 1,5 m Mindestabstand eingehalten, ist man als Erkrankte\/Erkrankter sogar ohne FFP2-Maske in Menschenansammlungen akzeptiert und sei es anl\u00e4\u00dflich einer Radtour. Euch allen ein frohes Jahr 2023 und viel Gl\u00fcck.<\/p>\n<p> Nun aber zu unserer ersten Fahrradtour im neuen Jahr 2023:<!--more--><br \/>\n Der Begriff &#8222;Last-Minute-Einladung&#8220; trifft sicher auf die morgige Radtour zu. Doch Ihr seid flexibel und folgt dem Ruf des Anf\u00fchrers, der jeden erdenklichen Zeitraum nutzt, um mit Euch auf zwei R\u00e4dern unterwegs zu sein.<br \/>\n Wo geht es hin?<br \/>\n Eine unserer Standardrouten ist mal wieder an der Reihe. Von der Wickst\u00e4dter Niddabr\u00fccke, vom Bingenheimer Schloss, wenden wir uns nach Norden und steuern \u00fcber Echzell den Unteren und Oberen Knappensee an, um kurz darauf am Trais-Horloffer-See zu landen, der uns nat\u00fcrlich auch als Inheidener See bekannt ist. So unter uns: Ich rate zum Inheidener See, da die Vorsitzende des Radsportbezirkes Taunus-Wetterau aus Inheiden stammt und dort noch wohnt &#8230;<br \/>\n Der Inheidener See entstand erdgeschichtlich vor kurzem. Fand man doch hier  <a href=\"https:\/\/de.wikipedia.org\/wiki\/Braunkohle\" target=\"_blank\" rel=\"noopener\">Braunkohle<\/a>, der man bis in eine Tiefe von 42 Metern nachbuddelte, um sie in W\u00f6lfersheim zu verheizen. Dabei hatte dieser fossile Brennstoff aus abgestorbenen Pflanzen \u00fcber das Dasein als Torf, durch hohe Dr\u00fccke in einem Inkohlungsprozess zu einem schwefelhaltigen Brennstoff gepresst, nur zwei Drittel des Heizwertes von Steinkohle. Doch nochmal zur\u00fcck zum See: Starke Quellen f\u00fcllten das entstandene Loch und lassen uns noch heute das inheidener Seefest mit einer &#8222;Plastikenten- und Teelichterprozession&#8220; feiern.<br \/>\n Im Erdzeitalter des Terti\u00e4r entstand die Braunkohle, das 65 bis 2 Millionen Jahre zur\u00fcckreicht. Mein Gott, war das seinerzeit warm. 30\u00b0 Celsius erreichte das wohltemperierte Klima, lie\u00df Pflanzen und Tiere &#8222;erbl\u00fchen&#8220;; die Gattung der Saurier hatte allerdings Pech. W\u00e4hrend der Jahre, die Kontinentaldrift ver\u00e4nderte, schuf Kontinente, Gebirge falteten sich auf und alles schlitterte in eine &#8222;erfrischende&#8220; Eiszeit hinein, von deren Hinterlassenschaften, man sagt auch Gletscher, wir uns wieder zu entfernen scheinen. Alles flie\u00dft, seht das mit den Klima nicht so eng, doch sollte uns die R\u00fcckschau auf die Saurier ordentlich zu denken geben.  <\/p>\n<p> Da seht Ihr wieder einmal, zu welchen Gedanken uns ein banales, wassergef\u00fclltes Loch f\u00fchren kann oder ist das nur meine Lust kurzfristig und wenig reflektiert ein paar Gedanken aufzuwerfen, die man je nach eigenem Gusto vertiefen oder auch vergessen kann?<\/p>\n<p> Wie dem auch sei. Euch w\u00fcnsche ich einen vergn\u00fcglichen Start in das neue Jahr. Nehmt bekanntes und unbekanntes Terrain unter die R\u00e4der, vor allem aber, habt gemeinsam Spa\u00df!<\/p>\n<p> In Wickstadt liegt die 64,7 Kilometer lange Tour mit ihren 279 H\u00f6henmetern hinter uns. Wer auf Trekking-, Tourenrad oder Mountainbike sa\u00df, hat die richtige Wahl f\u00fcr diese Wintertour getroffen.<\/p>\n<p>Ist das Interesse geweckt, freut sich der RC 03 Ilbenstadt auf eine rege Teilnahme.<br \/>\nErwin Loscher ist f\u00fcr R\u00fcckfragen unter der Telefonnummer 01512 02 30 745 erreichbar.<\/p>\n<p>F\u00fcr das Radwanderteam<\/p>\n<p>Wilhelm Schr\u00f6der<br \/>\nFachbereichsleiter \u00d6ffentlichkeitsarbeit und Sport (RTF\/CTF)<\/p>\n<p>Streckendownload f\u00fcr Navigationsger\u00e4te:<br \/>\nVon Wickstadt \u00fcber den Inheidener See nach Hungen und auf verschlungenen Wegen zur\u00fcck:<br \/>\n<a href=\"https:\/\/rc03-ilbenstadt.de\/GPX\/GPX-RW\/RC03_RW_230103_Wickstadt_Hungen_WohnbachWald_Wickstadt_65km.gpx\">Radwanderung &#8222;Von Wickstadt in den Norden der Wetterau&#8220;<\/a><\/p>\n<p><a href=\"http:\/\/umap.openstreetmap.fr\/de\/map\/rc03_rw_230103_wickstadt_hungen_wohnbacherwald_wic_851976\" target=\"_blank\" rel=\"noopener\">Radwanderung &#8222;Von Wickstadt in den Norden der Wetterau&#8220;<br \/>(Vollbildanzeige)<\/a><br \/>\n<iframe loading=\"lazy\" width=\"200%\" height=\"300px\" frameborder=\"0\" allowfullscreen src=\"\/\/umap.openstreetmap.fr\/de\/map\/rc03_rw_230103_wickstadt_hungen_wohnbacherwald_wic_851976?scaleControl=true&#038;miniMap=false&#038;scrollWheelZoom=true&#038;zoomControl=true&#038;allowEdit=false&#038;moreControl=true&#038;searchControl=true&#038;tilelayersControl=true&#038;embedControl=true&#038;datalayersControl=true&#038;onLoadPanel=undefined&#038;captionBar=false&#038;fullscreenControl=true&#038;locateControl=null&#038;measureControl=true\"><\/iframe><\/p>\n","protected":false},"excerpt":{"rendered":"<p>Liebe Mitglieder und Freunde des RC 03 Ilbenstadt, Anh\u00e4nger surrender R\u00e4der in der Wintersonne, die unsere heimische Atmosph\u00e4re trotz des negativen Einflusses des ein oder anderen Wolkenfeldes immerhin auf rund 8\u00b0 Celsius aufzuheizen vermag, sind aufgerufen. Unser Radwanderfachwart ist sehr &hellip; <a href=\"https:\/\/www.rc03-ilbenstadt.de\/?p=11184\">Weiterlesen <span class=\"meta-nav\">&rarr;<\/span><\/a><\/p>\n","protected":false},"author":9,"featured_media":10165,"comment_status":"closed","ping_status":"closed","sticky":false,"template":"","format":"standard","meta":{"_crdt_document":"","footnotes":""},"categories":[1],"tags":[],"class_list":["post-11184","post","type-post","status-publish","format-standard","has-post-thumbnail","hentry","category-allgemein"],"_links":{"self":[{"href":"https:\/\/www.rc03-ilbenstadt.de\/index.php?rest_route=\/wp\/v2\/posts\/11184","targetHints":{"allow":["GET"]}}],"collection":[{"href":"https:\/\/www.rc03-ilbenstadt.de\/index.php?rest_route=\/wp\/v2\/posts"}],"about":[{"href":"https:\/\/www.rc03-ilbenstadt.de\/index.php?rest_route=\/wp\/v2\/types\/post"}],"author":[{"embeddable":true,"href":"https:\/\/www.rc03-ilbenstadt.de\/index.php?rest_route=\/wp\/v2\/users\/9"}],"replies":[{"embeddable":true,"href":"https:\/\/www.rc03-ilbenstadt.de\/index.php?rest_route=%2Fwp%2Fv2%2Fcomments&post=11184"}],"version-history":[{"count":5,"href":"https:\/\/www.rc03-ilbenstadt.de\/index.php?rest_route=\/wp\/v2\/posts\/11184\/revisions"}],"predecessor-version":[{"id":11200,"href":"https:\/\/www.rc03-ilbenstadt.de\/index.php?rest_route=\/wp\/v2\/posts\/11184\/revisions\/11200"}],"wp:featuredmedia":[{"embeddable":true,"href":"https:\/\/www.rc03-ilbenstadt.de\/index.php?rest_route=\/wp\/v2\/media\/10165"}],"wp:attachment":[{"href":"https:\/\/www.rc03-ilbenstadt.de\/index.php?rest_route=%2Fwp%2Fv2%2Fmedia&parent=11184"}],"wp:term":[{"taxonomy":"category","embeddable":true,"href":"https:\/\/www.rc03-ilbenstadt.de\/index.php?rest_route=%2Fwp%2Fv2%2Fcategories&post=11184"},{"taxonomy":"post_tag","embeddable":true,"href":"https:\/\/www.rc03-ilbenstadt.de\/index.php?rest_route=%2Fwp%2Fv2%2Ftags&post=11184"}],"curies":[{"name":"wp","href":"https:\/\/api.w.org\/{rel}","templated":true}]}}