{"id":11214,"date":"2023-01-13T10:04:13","date_gmt":"2023-01-13T09:04:13","guid":{"rendered":"https:\/\/www.rc03-ilbenstadt.de\/?p=11214"},"modified":"2023-03-31T11:56:24","modified_gmt":"2023-03-31T09:56:24","slug":"radtourenfahren-in-ilbenstadtfruehlingstouren-in-der-wetteraurtf-46-rtf-rund-um-ilbenstadtctf-7-wetterauer-aecker-und-waeldertourgtf-graveltour-3-wetterauer-schottertoursonntag-de","status":"publish","type":"post","link":"https:\/\/www.rc03-ilbenstadt.de\/?p=11214","title":{"rendered":"Radtourenfahren in Ilbenstadt<br>Fr\u00fchlingstouren in der Wetterau<br><br>RTF, CTF und GTF (Graveltour):<br>Auf Stra\u00dfen, Feld und Wald mit dem RC 03 Ilbenstadt unterwegs<br><br>Sonntag, den 19. M\u00e4rz 2023"},"content":{"rendered":"<p><b><b><b><br \/>\n<span style=\"color: #ff0000;\"><strong>Die Ausschreibung wurde am 18.03.2023 aktualisiert<br \/>\nWir setzen zur Veranstaltungsabwicklung auf scan&amp;bike mit neuen, gepr\u00fcften Funktionen<br \/>\n<\/strong><\/span><\/p>\n<p><span style=\"color: #ff0000;\"><strong>Download f\u00fcr Eilige:<\/strong><\/span><br \/>\nZu den <strong><a href=\"https:\/\/www.rc03-ilbenstadt.de\/?page_id=11204\" target=\"_blank\" rel=\"noopener\">Strecken<\/a> <\/strong><br \/>\nZu den Ausschreibungen <strong><a href=\"https:\/\/www.rc03-ilbenstadt.de\/?page_id=11246\" target=\"_blank\" rel=\"noopener\">RTF<\/a> <\/strong>, <strong><a href=\"https:\/\/www.rc03-ilbenstadt.de\/?page_id=11253\" target=\"_blank\" rel=\"noopener\">CTF<\/a> <\/strong> und <strong><a href=\"https:\/\/www.rc03-ilbenstadt.de\/?page_id=11259\" target=\"_blank\" rel=\"noopener\">GTF<\/a> <\/strong><br \/>\nZum <strong><a href=\"https:\/\/www.komoot.de\/user\/739636384356\/tours\" target=\"_blank\" rel=\"noopener\">Komoot Profil<\/a> <\/strong><\/p>\n<p><strong>Fr\u00fchjahrsradtouren in Ilbenstadt. Ist es denn schon so weit?<\/strong><br \/>\nDer Tag- und Nachtgleiche, dem \u00c4quinoktium, die in der ersten Jahresh\u00e4lfte f\u00fcr den astronomischen Fr\u00fchjahrsbeginn steht, eilen wir mit unseren Fr\u00fchjahrsradtouren um einen Tag voraus. Aber der meteorologische Fr\u00fchlingsbeginn und vor allem der tats\u00e4chliche Beginn des Naturerwachens liegt schon weit vor unserer Fr\u00fchjahrsveranstaltung in Ilbenstadt. Auf in den Fr\u00fchling! <!--more--><br \/>\nUnd bleiben wir optimistisch! Wir rechnen weder mit Schnee noch mit Regen, der blaue Himmel mit wenigen W\u00f6lkchen und viel Sonne soll es sein.<\/p>\n<p>Die Touren f\u00fchren uns im Herzen der Wetterau durch Feld und Flur, dem Keltenf\u00fcrsten wird auf dem Glauberg ein Besuch abgestattet, der sich allein schon wegen des atemberaubenden Rundumblickes lohnt. F\u00fcr alle ist in diesem Fr\u00fchjahr etwas dabei. Ob auf dem Rennrad, dem Mountain-, Trekking- oder Gravelbike, unser Tourenpaket h\u00e4lt f\u00fcr jeden ein passendes Angebot bereit. Von gem\u00fctlich bis sportlich, vom z\u00fcgigen Dahingleiten auf den Asphaltb\u00e4ndern verkehrsarmer Stra\u00dfen bis hin zu genussvollem, intensivem Kontakt mit der Wetterauer Erde. Die Auswahl steht und wurde gegen\u00fcber dem Vorjahr erweitert: Gravelj\u00fcngerinnen und -j\u00fcnger k\u00f6nnen sich jetzt auch auf eine k\u00fcrzere Strecke begeben.<\/p>\n<p><center><img decoding=\"async\" src=\"https:\/\/www.rc03-ilbenstadt.de\/wp-content\/uploads\/2022\/04\/Logo_Krombacher_BDR.jpg\" \/><\/center><br \/>\n<strong>Welche Tourenangebote verbergen sich hinter den K\u00fcrzeln RTF, CTF und GTF?<\/strong><br \/>\n<strong>R<\/strong>ad-<strong>T<\/strong>ouren-<strong>F<\/strong>ahrt (RTF)<br \/>\nDies ist sportliches Radfahren in der Gruppe oder als trainierte Einzelfahrerin\/trainierter Einzelfahrer mit individueller Wahl von Streckenl\u00e4nge und Belastung. Es erfolgt keine Zeitnahme!<br \/>\nEs handelt sich um die breitensportliche Adaption des Stra\u00dfenradsportes. Das typische Sportger\u00e4t ist das Rennrad.<\/p>\n<p><strong>C<\/strong>ountry-<strong>T<\/strong>ouren-<strong>F<\/strong>ahrt (CTF)<br \/>\nDas Tourenfahren auf \u00f6ffentlichen Feld- und Waldwegen im Einklang mit dem Naturschutz und den Umweltregeln mit Mountainbike oder Crossrad &#8211; Das<br \/>\nNaturerlebnis! Mit individueller Streckenwahl und ohne Zeitnahme!<br \/>\nDies ist die breitensportliche Adaption des Gel\u00e4nderadsportes mit Trekking- oder Mountainbike.<\/p>\n<p><strong>G<\/strong>ravel-<strong>T<\/strong>ouren-<strong>F<\/strong>ahrt (GTF)<br \/>\nDas Graveln, die Graveltourenfahrt auf \u00f6ffentlichen Feld- und Waldwegen im Einklang mit dem Naturschutz und den Umweltregeln mit Gravel-, Mountainbike oder Crossrad. Das Naturerlebnis! Mit individueller Streckenwahl und ohne Zeitnahme!<br \/>\nDas typische Sportger\u00e4t ist das Gravelbike, grunds\u00e4tzlich ein auf die Bed\u00fcrfnisse der Breitensportlerinnen und Breitensportler abgestimmtes CyclosCrossRad, das nicht kn\u00fcppelhart und wendig auf den Querfeldeinsport ausgerichtet ist. Aber auf den Graveltouren kann alles bewegt werden, was zwei R\u00e4der hat und zur Streckencharakteristik passt. Zur Orientierung: Die Schnittmenge zur CTF ist gro\u00df.<br \/>\nDie typische Gravelstrecke ist ein feingeschotterter Untergrund, den auch viele in einer steigungsarmen Variante m\u00f6gen. Aber man kann nicht alles im Leben haben. Man muss sehen, was die Region hergibt.<\/p>\n<p>Bei den RTF (43, 73 und 114 km) und CTF (37, 56 und 71 km) schildern wir grunds\u00e4tzlich eine Rundtour aus. Servicepunkte mit Getr\u00e4nken und kleiner Verpflegung sind etwa alle 30 Kilometer eingerichtet. Servicefahrzeuge f\u00fcr Hilfeleistungen sind auf der Strecke.<br \/>\nDie GTF (79 und 51 Kilometer) wird allein nach GPS-Daten gefahren. Bis zu zwei Servicepunkte sind in die Strecke integriert.<\/p>\n<p><strong>Hier geht es zu den angebotenen Strecken und zu den Ausschreibungen der einzelnen Touren:<\/strong><\/p>\n<ul>\n<li style=\"list-style-type: none;\">\n<ul>\n<li><strong><a href=\"https:\/\/www.rc03-ilbenstadt.de\/?page_id=11204\" target=\"_blank\" rel=\"noopener\">Alle Strecken<\/a> <\/strong><\/li>\n<\/ul>\n<\/li>\n<\/ul>\n<p><strong><a href=\"https:\/\/www.rc03-ilbenstadt.de\/?page_id=11246\" target=\"_blank\" rel=\"noopener\">Ausschreibung RTF<\/a> <\/strong><\/p>\n<p><strong><a href=\"https:\/\/www.rc03-ilbenstadt.de\/?page_id=11253\" target=\"_blank\" rel=\"noopener\">Ausschreibung CTF<\/a> <\/strong><\/p>\n<p><strong><a href=\"https:\/\/www.rc03-ilbenstadt.de\/?page_id=11259\" target=\"_blank\" rel=\"noopener\">Ausschreibung GTF<\/a> <\/strong><\/p>\n<p><strong><a href=\"https:\/\/www.rc03-ilbenstadt.de\/?page_id=11242\" target=\"_blank\" rel=\"noopener\">Teilnahmebedingungen<\/a> <\/strong><\/p>\n<p>Wir w\u00fcnschen eine gute und unfallfreie Fahrt<\/p>\n<p>F\u00fcr das Orga-Team<\/p>\n<p>Wilhelm Schr\u00f6der<br \/>\nFachbereichsleiter Kommunikation und Sport<\/p>\n","protected":false},"excerpt":{"rendered":"<p>Die Ausschreibung wurde am 18.03.2023 aktualisiert Wir setzen zur Veranstaltungsabwicklung auf scan&amp;bike mit neuen, gepr\u00fcften Funktionen Download f\u00fcr Eilige: Zu den Strecken Zu den Ausschreibungen RTF , CTF und GTF Zum Komoot Profil Fr\u00fchjahrsradtouren in Ilbenstadt. Ist es denn schon &hellip; <a href=\"https:\/\/www.rc03-ilbenstadt.de\/?p=11214\">Weiterlesen <span class=\"meta-nav\">&rarr;<\/span><\/a><\/p>\n","protected":false},"author":9,"featured_media":8311,"comment_status":"closed","ping_status":"closed","sticky":false,"template":"","format":"standard","meta":{"_crdt_document":"","footnotes":""},"categories":[1],"tags":[],"class_list":["post-11214","post","type-post","status-publish","format-standard","has-post-thumbnail","hentry","category-allgemein"],"_links":{"self":[{"href":"https:\/\/www.rc03-ilbenstadt.de\/index.php?rest_route=\/wp\/v2\/posts\/11214","targetHints":{"allow":["GET"]}}],"collection":[{"href":"https:\/\/www.rc03-ilbenstadt.de\/index.php?rest_route=\/wp\/v2\/posts"}],"about":[{"href":"https:\/\/www.rc03-ilbenstadt.de\/index.php?rest_route=\/wp\/v2\/types\/post"}],"author":[{"embeddable":true,"href":"https:\/\/www.rc03-ilbenstadt.de\/index.php?rest_route=\/wp\/v2\/users\/9"}],"replies":[{"embeddable":true,"href":"https:\/\/www.rc03-ilbenstadt.de\/index.php?rest_route=%2Fwp%2Fv2%2Fcomments&post=11214"}],"version-history":[{"count":7,"href":"https:\/\/www.rc03-ilbenstadt.de\/index.php?rest_route=\/wp\/v2\/posts\/11214\/revisions"}],"predecessor-version":[{"id":11409,"href":"https:\/\/www.rc03-ilbenstadt.de\/index.php?rest_route=\/wp\/v2\/posts\/11214\/revisions\/11409"}],"wp:featuredmedia":[{"embeddable":true,"href":"https:\/\/www.rc03-ilbenstadt.de\/index.php?rest_route=\/wp\/v2\/media\/8311"}],"wp:attachment":[{"href":"https:\/\/www.rc03-ilbenstadt.de\/index.php?rest_route=%2Fwp%2Fv2%2Fmedia&parent=11214"}],"wp:term":[{"taxonomy":"category","embeddable":true,"href":"https:\/\/www.rc03-ilbenstadt.de\/index.php?rest_route=%2Fwp%2Fv2%2Fcategories&post=11214"},{"taxonomy":"post_tag","embeddable":true,"href":"https:\/\/www.rc03-ilbenstadt.de\/index.php?rest_route=%2Fwp%2Fv2%2Ftags&post=11214"}],"curies":[{"name":"wp","href":"https:\/\/api.w.org\/{rel}","templated":true}]}}