{"id":11411,"date":"2023-03-31T11:55:31","date_gmt":"2023-03-31T09:55:31","guid":{"rendered":"https:\/\/www.rc03-ilbenstadt.de\/?p=11411"},"modified":"2023-04-04T15:25:03","modified_gmt":"2023-04-04T13:25:03","slug":"radtourenfahren-in-ilbenstadtfruehlingstouren-in-der-wetteraubericht46-rtf-rund-um-ilbenstadt7-ctf-wetterauer-aecker-und-waeldertour3-gtf-wetterauer-schottertoursonntag-den-19-maerz","status":"publish","type":"post","link":"https:\/\/www.rc03-ilbenstadt.de\/?p=11411","title":{"rendered":"Radtourenfahren in Ilbenstadt<br>Fr\u00fchlingstouren in der Wetterau<br><br>BERICHT<br>46. RTF &#8222;Rund um Ilbenstadt&#8220;<br>7. CTF &#8222;Wetterauer \u00c4cker- und W\u00e4ldertour&#8220;<br>3. GTF &#8222;Wetterauer Schottertour&#8220;<br><br>Sonntag, den 19. M\u00e4rz 2023"},"content":{"rendered":"<p>Die traditionellen Fr\u00fchjahrsradtouren des RC 03 Ilbenstadt, einst als reine Rad-Touren-Fahrt (RTF) gestartet, die Radsportlerinnen und Radsportlern mit ihren Rennmaschinen, heute \u00fcberwiegend als Rennrad bezeichnet, in einer Breitsportvariante auf die Stra\u00dfen brachte, werden heute mit Country-Touren-Fahrten (CTF) und Graveltouren (GTF) erg\u00e4nzt. Der RC 03 ist stolz, einen bunten Strau\u00df an Touren anbieten zu k\u00f6nnen, die ineinander so verwoben sind, dass einerseits deren Charakteristika erhalten bleiben und auf der anderen Seite den organisatorischen Aufwand in bew\u00e4ltigenden Grenzen zu halten. <!--more--><\/p>\n<p>So trat das Orga-Team in Planung und Vorbereitung der Touren an, lie\u00df sich durch die Rufe derer nicht irre machen, die den Niedergang des Vereinsradsportes, den &#8222;Coronaknick &#8220; oder gar ein unkalkulierbares Wetterrisiko zu Fr\u00fchjahrsbeginn herbeireden wollten. Auch wenn der frische Wind des Bund Deutscher Radfahrer noch ausblieb, der die Radtourenszene insgesamt auf ein hohes digitales Niveau heben wollte, auf dem der breitensportlich orientierten Radsportszene die Bits und Bytes nur so um die Ohren fliegen sollten, mit einem Komplettpaket von Angebot, Streckenauswahl, Voranmeldung bis hin zur Veranstaltungsteilnahme und -abwicklung  sowie zu einer Wertung\/Leistungs\u00fcbersicht auf individueller, Vereins- und Verbandsebene.<br \/>\nDie Klippen der Veranstaltungsgenehmigung wurden beim Wetteraukreis, Hessenforst und den Privat- und Kommunalwaldbesitzern kooperativ umschifft.<br \/>\nNach Vorbereitung von Start und Ziel in Ilbenstadt, Erledigung des Einkaufes, Ausschilderung der Strecken mit bis zu vier Servicefahrzeugen, hofften Helferinnen und Helfer motiviert auf  eine gro\u00dfe Teilnehmerschar. Sie wurden nicht entt\u00e4uscht. Nach regnerischen und kalten Tagen bot sich am Sonntag ein tolles Radfahrwetter an, das nach frischem Beginn angenehm mild gegen Mittag zu gro\u00dfer Form auflief. Rund 450 Teilnehmerinnen und Teilnehmer schw\u00e4rmten von Ilbenstadt auf die angebotenen Strecken aus. <\/p>\n<p>Mit dem Rennrad wurde das Wettertal nach Steinfurth und f\u00fcr die 114-Kilometertour auch bis Rockenberg durchfahren. Die 43- und die 73-Kilometertouren strebten gleich Melbach mit dem ersten Servicepunkt an, der Getr\u00e4nke und eine kleine Verpflegung verhie\u00df. Von M\u00fcnzenberg herkommend fanden auch Radlerinnen und Radler der 114er-Strecke dazu, bis es wieder hie\u00df sich am Kreisel zwischen Melbach und Gettenau zu trennen; f\u00fcr die kleine Tour war das Ziel schon nahe. \u00dcber Echzell wurde der Weg f\u00fcr die Pedalritter der 73-Kilometerstrecke zur  <a href=\"https:\/\/www.keltenwelt-glauberg.de\/\" target=\"_blank\" rel=\"noopener\"><strong>&#8222;Keltenwelt am Glauberg&#8220;<\/strong><\/a>  gesucht, w\u00e4hrend auf der 114er-Tour \u00fcber Unter- , Ober-Widdersheim und Ulfa zun\u00e4chst der Servicepunkt in Eichelsdorf Zwischenziel war und danach auf landschaftlich sch\u00f6ner Strecke auch der Glauberg erobert wurde. Vor dem geschichtlichen Hintergrund, begr\u00fc\u00dft durch die &#8222;Keltenarmee&#8220; vor dem mit einem eisenzeitlichen Flair umgebenen Museumsgeb\u00e4ude, wurde der fordernde Anstieg am Servicepunkt mit Getr\u00e4nken und Verpflegung belohnt. Dazu gab es einen tollen Blick in die Landschaft der Wetterau sowie die Vorfreude auf die Abfahrt nach Glauburg. Schon strebten alle Radlerinnen und Radler dem Ziel in Ilbenstadt entgegen.<br \/>\n<center><img decoding=\"async\" src=\"https:\/\/www.rc03-ilbenstadt.de\/wp-content\/uploads\/2019\/02\/Logo-Keltenwelt-800x192.jpg\"><\/center><br \/>\nAuf Mountain-, Trekking oder Gravelbikes, rollten Teilnehmerinnen und Teilnehmer der CTF auf Wirtschafts- und Waldwegen durch die mit sanften Wellen durchzogene Wetterauer Landschaft. Auf der 37-Kilometerstrecke wurde die Runde bereits in Melbach wieder gen Ilbenstadt angetreten. Auf der 56- und 71-Kilometerstrecke zeigte die Kompassnadel weiter nach Norden. Auf der gro\u00dfen Strecke fuhr eine kleine Schar von rund 32 Unentwegten bis nach M\u00fcnzenberg. Hier wurde denn auch wieder Ilbenstadt ins Visier genommen; Obbornhofen, W\u00f6lfersheim, Dorn-Assenheim, Florstadt und B\u00f6nstadt waren Stationen zum Ziel.<\/p>\n<p> Im zweiten Jahr sind in Ilbenstadt Graveltouren im Angebot, die \u00fcberwiegend auf Strecken ohne Asphalt- oder Betonbelag in Feld und Wald entf\u00fchren. Das bevorzugte Gel\u00e4uf, fein gekieste, geschotterte Wege aber auch mal ein unbefestigter Weg, kann unsere Region nicht im gew\u00fcnschten Umfang bieten. Es ist aber mit der 51- und der 79-Kilometerstrecke gelungen, sich dem Ideal anzun\u00e4hern. Sie bewegen sich zwischen Ilbenstadt, Glauberg, Melbach und dem Raum Friedberg gegenl\u00e4ufig zu den RTF-Strecken. Dabei werden die Servicepunkte &#8222;Keltenwelt&#8220; und &#8222;Melbach (nur 71 km)&#8220; angefahren. Leider werden die nicht ausgeschilderten und nur nach GPS-Signalen zu fahrenden Strecken noch nicht in breiter Front angenommen. Ein sehr kleiner, aber umso begeisterter Kreis nimmt diese landschaftlich reizvollen Leckerbissen unter die R\u00e4der. Das ficht die Frauen und M\u00e4nner des RC 03 nicht an, erkunden und fahren sie selbst gerne solche Strecken.<br \/>\n <center><img decoding=\"async\" src=\"https:\/\/www.rc03-ilbenstadt.de\/wp-content\/uploads\/2022\/04\/Logo_Krombacher_BDR.jpg\"><\/center><br \/>\n Im Ziel herrschte ein buntes Treiben. Rund um das Veranstaltungszelt waren unter freiem Himmel so gut wie alle Tische und B\u00e4nke in Beschlag genommen. Der Grill war im Einsatz, Erbsensuppe mit und ohne W\u00fcrstchen war begehrt, Getr\u00e4nke sowie Kaffee und Kuchen waren im Angebot. So konnten die Speicher nach der Ausdauerleistung wieder gef\u00fcllt werden. Wie es sich zum Saisonbeginn geh\u00f6rt, wurde sich rege ausgetauscht, Pl\u00e4ne geschmiedet und Verabredungen getroffen.<\/p>\n<p> Im Wettbewerb der BDR-Vereine und der Gruppen hatte der RC Hattersheim als teilnehmerst\u00e4rkste Mannschaft die Nase vor. Auf den Pl\u00e4tzen folgten das Team Edelwei\u00df W\u00f6llstadt, dann gleichauf der RV Ober-M\u00f6rlen und der  RV Anspach.<br \/>\n Besondere Beachtung fand das Team der Sandhasen W\u00f6lfersheim. Hier nahmen auch die Kleinsten Teil, Anna im Fahrradanh\u00e4nger von Vater Daniel Reinelt und die f\u00fcnfj\u00e4hrige Lina auf ihrem Kinderr\u00e4dchen; eine beeindruckende Leistung!<\/p>\n<p> Ein gro\u00dfer Dank geb\u00fchrt den Helferinnen und Helfern, die mit Freude ihren Einsatz zuvorkommend und freundlich leisteten. Dies fand auch den Beifall der Teilnehmer.<\/p>\n<p> Nach der Siegerehrung blieb die Radlergemeinde noch lange zusammen, bis die Zeit, aufkommender Wind und sich verdichtende Bew\u00f6lkung empfahl, den tollen Radsporttag ausklingen zu lassen. <\/p>\n<p> <strong>Impressionen von unserer Fr\u00fchjahrsradtouren:<\/strong><br \/>\nBilder: Jenni Heubach., Eva Colditz, Alexandra Adam, I. und W. Schr\u00f6der<\/p>\n<table>\n<tbody>\n<tr>\n<td style=\"width: 33.3333%;\"><a href=\"https:\/\/www.rc03-ilbenstadt.de\/wp-content\/uploads\/2023\/04\/B_RC03_RTF_CTF_GTF_230319_002_Ilbenstadt_I-WEB.jpg\" rel=\"lightbox[11411]\"><img loading=\"lazy\" decoding=\"async\" class=\"aligncenter size-thumbnail wp-image-11443\" src=\"https:\/\/www.rc03-ilbenstadt.de\/wp-content\/uploads\/2023\/04\/B_RC03_RTF_CTF_GTF_230319_002_Ilbenstadt_I-WEB.jpg\" alt=\"\" width=\"150\" height=\"150\" \/><\/a><\/td>\n<td style=\"width: 33.3333%;\"><a href=\"https:\/\/www.rc03-ilbenstadt.de\/wp-content\/uploads\/2023\/04\/B_RC03_RTF_CTF_GTF_230319_003_Ilbenstadt_I-WEB.jpg\" rel=\"lightbox[11411]\"><img loading=\"lazy\" decoding=\"async\" class=\"aligncenter size-thumbnail wp-image-11444\" src=\"https:\/\/www.rc03-ilbenstadt.de\/wp-content\/uploads\/2023\/04\/B_RC03_RTF_CTF_GTF_230319_003_Ilbenstadt_I-WEB.jpg\" alt=\"\" width=\"150\" height=\"150\" \/><\/a><\/td>\n<td style=\"width: 33.3333%;\"><a href=\"https:\/\/www.rc03-ilbenstadt.de\/wp-content\/uploads\/2023\/04\/B_RC03_RTF_CTF_GTF_230319_004_Ilbenstadt_I-WEB.jpg\" rel=\"lightbox[11411]\"><img loading=\"lazy\" decoding=\"async\" class=\"aligncenter size-thumbnail wp-image-11445\" src=\"https:\/\/www.rc03-ilbenstadt.de\/wp-content\/uploads\/2023\/04\/B_RC03_RTF_CTF_GTF_230319_004_Ilbenstadt_I-WEB.jpg\" alt=\"\" width=\"150\" height=\"150\" \/><\/a><\/td>\n<\/tr>\n<tr>\n<td style=\"width: 33.3333%;\"><a href=\"https:\/\/www.rc03-ilbenstadt.de\/wp-content\/uploads\/2023\/04\/B_RC03_RTF_CTF_GTF_230319_008_Ilbenstadt_I-WEB.jpg\" rel=\"lightbox[11411]\"><img loading=\"lazy\" decoding=\"async\" class=\"aligncenter size-thumbnail wp-image-11446\" src=\"https:\/\/www.rc03-ilbenstadt.de\/wp-content\/uploads\/2023\/04\/B_RC03_RTF_CTF_GTF_230319_008_Ilbenstadt_I-WEB.jpg\" alt=\"\" width=\"150\" height=\"150\" \/><\/a><\/td>\n<td style=\"width: 33.3333%;\"><a href=\"https:\/\/www.rc03-ilbenstadt.de\/wp-content\/uploads\/2023\/04\/B_RC03_RTF_CTF_GTF_230319_012_Ilbenstadt_I-WEB.jpg\" rel=\"lightbox[11411]\"><img loading=\"lazy\" decoding=\"async\" class=\"aligncenter size-thumbnail wp-image-11447\" src=\"https:\/\/www.rc03-ilbenstadt.de\/wp-content\/uploads\/2023\/04\/B_RC03_RTF_CTF_GTF_230319_012_Ilbenstadt_I-WEB.jpg\" alt=\"\" width=\"150\" height=\"150\" \/><\/a><\/td>\n<td style=\"width: 33.3333%;\"><a href=\"https:\/\/www.rc03-ilbenstadt.de\/wp-content\/uploads\/2023\/04\/B_RC03_RTF_CTF_GTF_230319_013_Ilbenstadt_I-WEB.jpg\" rel=\"lightbox[11411]\"><img loading=\"lazy\" decoding=\"async\" class=\"aligncenter size-thumbnail wp-image-11448\" src=\"https:\/\/www.rc03-ilbenstadt.de\/wp-content\/uploads\/2023\/04\/B_RC03_RTF_CTF_GTF_230319_013_Ilbenstadt_I-WEB.jpg\" alt=\"\" width=\"150\" height=\"150\" \/><\/a><\/td>\n<\/tr>\n<tr>\n<td style=\"width: 33.3333%;\"><a href=\"https:\/\/www.rc03-ilbenstadt.de\/wp-content\/uploads\/2023\/04\/B_RC03_RTF_CTF_GTF_230319_070_Ilbenstadt_EVA-WEB.jpg\" rel=\"lightbox[11411]\"><img loading=\"lazy\" decoding=\"async\" class=\"aligncenter size-thumbnail wp-image-11468\" src=\"https:\/\/www.rc03-ilbenstadt.de\/wp-content\/uploads\/2023\/04\/B_RC03_RTF_CTF_GTF_230319_070_Ilbenstadt_EVA-WEB.jpg\" alt=\"\" width=\"150\" height=\"150\" \/><\/a><\/td>\n<td style=\"width: 33.3333%;\"><a href=\"https:\/\/www.rc03-ilbenstadt.de\/wp-content\/uploads\/2023\/04\/B_RC03_RTF_CTF_GTF_230319_071_Ilbenstadt_EVA-WEB.jpg\" rel=\"lightbox[11411]\"><img loading=\"lazy\" decoding=\"async\" class=\"aligncenter size-thumbnail wp-image-11469\" src=\"https:\/\/www.rc03-ilbenstadt.de\/wp-content\/uploads\/2023\/04\/B_RC03_RTF_CTF_GTF_230319_071_Ilbenstadt_EVA-WEB.jpg\" alt=\"\" width=\"150\" height=\"150\" \/><\/a><\/td>\n<td style=\"width: 33.3333%;\"><a href=\"https:\/\/www.rc03-ilbenstadt.de\/wp-content\/uploads\/2023\/04\/B_RC03_RTF_CTF_GTF_230319_052_Ilbenstadt_JEN-WEB.jpg\" rel=\"lightbox[11411]\"><img loading=\"lazy\" decoding=\"async\" class=\"aligncenter size-thumbnail wp-image-11461\" src=\"https:\/\/www.rc03-ilbenstadt.de\/wp-content\/uploads\/2023\/04\/B_RC03_RTF_CTF_GTF_230319_052_Ilbenstadt_JEN-WEB.jpg\" alt=\"\" width=\"150\" height=\"150\" \/><\/a><\/td>\n<\/tr>\n<tr>\n<td style=\"width: 33.3333%;\"><a href=\"https:\/\/www.rc03-ilbenstadt.de\/wp-content\/uploads\/2023\/04\/B_RC03_RTF_CTF_GTF_230319_054_Ilbenstadt_JEN-WEB.jpg\" rel=\"lightbox[11411]\"><img loading=\"lazy\" decoding=\"async\" class=\"aligncenter size-thumbnail wp-image-11462\" src=\"https:\/\/www.rc03-ilbenstadt.de\/wp-content\/uploads\/2023\/04\/B_RC03_RTF_CTF_GTF_230319_054_Ilbenstadt_JEN-WEB.jpg\" alt=\"\" width=\"150\" height=\"150\" \/><\/a><\/td>\n<td style=\"width: 33.3333%;\"><a href=\"https:\/\/www.rc03-ilbenstadt.de\/wp-content\/uploads\/2023\/04\/B_RC03_RTF_CTF_GTF_230319_055_Ilbenstadt_JEN-WEB.jpg\" rel=\"lightbox[11411]\"><img loading=\"lazy\" decoding=\"async\" class=\"aligncenter size-thumbnail wp-image-11463\" src=\"https:\/\/www.rc03-ilbenstadt.de\/wp-content\/uploads\/2023\/04\/B_RC03_RTF_CTF_GTF_230319_055_Ilbenstadt_JEN-WEB.jpg\" alt=\"\" width=\"150\" height=\"150\" \/><\/a><\/td>\n<td style=\"width: 33.3333%;\"><a href=\"https:\/\/www.rc03-ilbenstadt.de\/wp-content\/uploads\/2023\/04\/B_RC03_RTF_CTF_GTF_230319_056_Ilbenstadt_JEN-WEB.jpg\" rel=\"lightbox[11411]\"><img loading=\"lazy\" decoding=\"async\" class=\"aligncenter size-thumbnail wp-image-11464\" src=\"https:\/\/www.rc03-ilbenstadt.de\/wp-content\/uploads\/2023\/04\/B_RC03_RTF_CTF_GTF_230319_056_Ilbenstadt_JEN-WEB.jpg\" alt=\"\" width=\"150\" height=\"150\" \/><\/a><\/td>\n<\/tr>\n<tr>\n<td style=\"width: 33.3333%;\"><a href=\"https:\/\/www.rc03-ilbenstadt.de\/wp-content\/uploads\/2023\/04\/B_RC03_RTF_CTF_GTF_230319_032_Ilbenstadt_I-WEB.jpg\" rel=\"lightbox[11411]\"><img loading=\"lazy\" decoding=\"async\" class=\"aligncenter size-thumbnail wp-image-11453\" src=\"https:\/\/www.rc03-ilbenstadt.de\/wp-content\/uploads\/2023\/04\/B_RC03_RTF_CTF_GTF_230319_032_Ilbenstadt_I-WEB.jpg\" alt=\"\" width=\"150\" height=\"150\" \/><\/a><\/td>\n<td style=\"width: 33.3333%;\"><a href=\"https:\/\/www.rc03-ilbenstadt.de\/wp-content\/uploads\/2023\/04\/B_RC03_RTF_CTF_GTF_230319_023_Ilbenstadt_I-WEB.jpg\" rel=\"lightbox[11411]\"><img loading=\"lazy\" decoding=\"async\" class=\"aligncenter size-thumbnail wp-image-11451\" src=\"https:\/\/www.rc03-ilbenstadt.de\/wp-content\/uploads\/2023\/04\/B_RC03_RTF_CTF_GTF_230319_023_Ilbenstadt_I-WEB.jpg\" alt=\"\" width=\"150\" height=\"150\" \/><\/a><\/td>\n<td style=\"width: 33.3333%;\"><a href=\"https:\/\/www.rc03-ilbenstadt.de\/wp-content\/uploads\/2023\/04\/B_RC03_RTF_CTF_GTF_230319_059_Ilbenstadt_EVA-WEB.jpg\" rel=\"lightbox[11411]\"><img loading=\"lazy\" decoding=\"async\" class=\"aligncenter size-thumbnail wp-image-11466\" src=\"https:\/\/www.rc03-ilbenstadt.de\/wp-content\/uploads\/2023\/04\/B_RC03_RTF_CTF_GTF_230319_059_Ilbenstadt_EVA-WEB.jpg\" alt=\"\" width=\"150\" height=\"150\" \/><\/a><\/td>\n<\/tr>\n<tr>\n<td style=\"width: 33.3333%;\"><a href=\"https:\/\/www.rc03-ilbenstadt.de\/wp-content\/uploads\/2023\/04\/B_RC03_RTF_CTF_GTF_230319_060_Ilbenstadt_EVA-WEB.jpg\" rel=\"lightbox[11411]\"><img loading=\"lazy\" decoding=\"async\" class=\"aligncenter size-thumbnail wp-image-11467\" src=\"https:\/\/www.rc03-ilbenstadt.de\/wp-content\/uploads\/2023\/04\/B_RC03_RTF_CTF_GTF_230319_060_Ilbenstadt_EVA-WEB.jpg\" alt=\"\" width=\"150\" height=\"150\" \/><\/a><\/td>\n<td style=\"width: 33.3333%;\"><a href=\"https:\/\/www.rc03-ilbenstadt.de\/wp-content\/uploads\/2023\/04\/B_RC03_RTF_CTF_GTF_230319_014_Ilbenstadt_I-WEB.jpg\" rel=\"lightbox[11411]\"><img loading=\"lazy\" decoding=\"async\" class=\"aligncenter size-thumbnail wp-image-11449\" src=\"https:\/\/www.rc03-ilbenstadt.de\/wp-content\/uploads\/2023\/04\/B_RC03_RTF_CTF_GTF_230319_014_Ilbenstadt_I-WEB.jpg\" alt=\"\" width=\"150\" height=\"150\" \/><\/a><\/td>\n<td style=\"width: 33.3333%;\"><a href=\"https:\/\/www.rc03-ilbenstadt.de\/wp-content\/uploads\/2023\/04\/B_RC03_RTF_CTF_GTF_230319_019_Ilbenstadt_I-WEB.jpg\" rel=\"lightbox[11411]\"><img loading=\"lazy\" decoding=\"async\" class=\"aligncenter size-thumbnail wp-image-11450\" src=\"https:\/\/www.rc03-ilbenstadt.de\/wp-content\/uploads\/2023\/04\/B_RC03_RTF_CTF_GTF_230319_019_Ilbenstadt_I-WEB.jpg\" alt=\"\" width=\"150\" height=\"150\" \/><\/a><\/td>\n<\/tr>\n<td style=\"width: 33.3333%;\"><a href=\"https:\/\/www.rc03-ilbenstadt.de\/wp-content\/uploads\/2023\/04\/B_RC03_RTF_CTF_GTF_230319_046_Ilbenstadt_W-WEB.jpg\" rel=\"lightbox[11411]\"><img loading=\"lazy\" decoding=\"async\" class=\"aligncenter size-thumbnail wp-image-11457\" src=\"https:\/\/www.rc03-ilbenstadt.de\/wp-content\/uploads\/2023\/04\/B_RC03_RTF_CTF_GTF_230319_046_Ilbenstadt_W-WEB.jpg\" alt=\"\" width=\"150\" height=\"150\" \/><\/a><\/td>\n<td style=\"width: 33.3333%;\"><a href=\"https:\/\/www.rc03-ilbenstadt.de\/wp-content\/uploads\/2023\/04\/B_RC03_RTF_CTF_GTF_230319_047_Ilbenstadt_W-WEB.jpg\" rel=\"lightbox[11411]\"><img loading=\"lazy\" decoding=\"async\" class=\"aligncenter size-thumbnail wp-image-11458\" src=\"https:\/\/www.rc03-ilbenstadt.de\/wp-content\/uploads\/2023\/04\/B_RC03_RTF_CTF_GTF_230319_047_Ilbenstadt_W-WEB.jpg\" alt=\"\" width=\"150\" height=\"150\" \/><\/a><\/td>\n<td style=\"width: 33.3333%;\"><a href=\"https:\/\/www.rc03-ilbenstadt.de\/wp-content\/uploads\/2023\/04\/B_RC03_RTF_CTF_GTF_230319_050_Ilbenstadt_W-WEB.jpg\" rel=\"lightbox[11411]\"><img loading=\"lazy\" decoding=\"async\" class=\"aligncenter size-thumbnail wp-image-11459\" src=\"https:\/\/www.rc03-ilbenstadt.de\/wp-content\/uploads\/2023\/04\/B_RC03_RTF_CTF_GTF_230319_050_Ilbenstadt_W-WEB.jpg\" alt=\"\" width=\"150\" height=\"150\" \/><\/a><\/td>\n<\/tr>\n<td style=\"width: 33.3333%;\"><a href=\"https:\/\/www.rc03-ilbenstadt.de\/wp-content\/uploads\/2022\/04\/Logo_Krombacher_00.jpg\" rel=\"lightbox[11411]\"><img loading=\"lazy\" decoding=\"async\" class=\"aligncenter size-thumbnail wp-image-10689\" src=\"https:\/\/www.rc03-ilbenstadt.de\/wp-content\/uploads\/2022\/04\/Logo_Krombacher_00.jpg\" alt=\"\" width=\"150\" height=\"150\" \/><\/a><\/td>\n<td style=\"width: 33.3333%;\"><a href=\"https:\/\/www.rc03-ilbenstadt.de\/wp-content\/uploads\/2023\/04\/B_RC03_RTF_CTF_GTF_230319_058_Ilbenstadt_JEN-WEB.jpg\" rel=\"lightbox[11411]\"><img loading=\"lazy\" decoding=\"async\" class=\"aligncenter size-thumbnail wp-image-11446\" src=\"https:\/\/www.rc03-ilbenstadt.de\/wp-content\/uploads\/2023\/04\/B_RC03_RTF_CTF_GTF_230319_058_Ilbenstadt_JEN-WEB.jpg\" alt=\"\" width=\"150\" height=\"150\" \/><\/a><\/td>\n<td style=\"width: 33.3333%;\"><a href=\"https:\/\/www.rc03-ilbenstadt.de\/wp-content\/uploads\/2022\/04\/Logo_Krombacher_00.jpg\" rel=\"lightbox[11411]\"><img loading=\"lazy\" decoding=\"async\" class=\"aligncenter size-thumbnail wp-image-10689\" src=\"https:\/\/www.rc03-ilbenstadt.de\/wp-content\/uploads\/2022\/04\/Logo_Krombacher_00.jpg\" alt=\"\" width=\"150\" height=\"150\" \/><\/a><\/td>\n<\/tr>\n<tr>\n<td style=\"width: 33.3333%;\"><a href=\"https:\/\/www.rc03-ilbenstadt.de\/wp-content\/uploads\/2023\/04\/B_RC03_RTF_CTF_GTF_230319_051_Ilbenstadt_W-WEB.jpg\" rel=\"lightbox[11411]\"><img loading=\"lazy\" decoding=\"async\" class=\"aligncenter size-thumbnail wp-image-11460\" src=\"https:\/\/www.rc03-ilbenstadt.de\/wp-content\/uploads\/2023\/04\/B_RC03_RTF_CTF_GTF_230319_051_Ilbenstadt_W-WEB.jpg\" alt=\"\" width=\"150\" height=\"150\" \/><\/a><\/td>\n<td style=\"width: 33.3333%;\"><a href=\"https:\/\/www.rc03-ilbenstadt.de\/wp-content\/uploads\/2023\/04\/B_RC03_RTF_CTF_GTF_230319_041_Ilbenstadt_I-WEB.jpg\" rel=\"lightbox[11411]\"><img loading=\"lazy\" decoding=\"async\" class=\"aligncenter size-thumbnail wp-image-11454\" src=\"https:\/\/www.rc03-ilbenstadt.de\/wp-content\/uploads\/2023\/04\/B_RC03_RTF_CTF_GTF_230319_041_Ilbenstadt_I-WEB.jpg\" alt=\"\" width=\"150\" height=\"150\" \/><\/a><\/td>\n<td style=\"width: 33.3333%;\"><a href=\"https:\/\/www.rc03-ilbenstadt.de\/wp-content\/uploads\/2023\/04\/B_RC03_RTF_CTF_GTF_230319_043_Ilbenstadt_I-WEB.jpg\" rel=\"lightbox[11411]\"><img loading=\"lazy\" decoding=\"async\" class=\"aligncenter size-thumbnail wp-image-11456\" src=\"https:\/\/www.rc03-ilbenstadt.de\/wp-content\/uploads\/2023\/04\/B_RC03_RTF_CTF_GTF_230319_043_Ilbenstadt_I-WEB.jpg\" alt=\"\" width=\"150\" height=\"150\" \/><\/a><\/td>\n<\/tr>\n<td style=\"width: 33.3333%;\"><a href=\"https:\/\/www.rc03-ilbenstadt.de\/wp-content\/uploads\/2023\/04\/B_RC03_RTF_CTF_GTF_230319_076_Ilbenstadt_AA-WEB.jpg\" rel=\"lightbox[11411]\"><img loading=\"lazy\" decoding=\"async\" class=\"aligncenter size-thumbnail wp-image-11470\" src=\"https:\/\/www.rc03-ilbenstadt.de\/wp-content\/uploads\/2023\/04\/B_RC03_RTF_CTF_GTF_230319_076_Ilbenstadt_AA-WEB.jpg\" alt=\"\" width=\"150\" height=\"150\" \/><\/a><\/td>\n<\/tr>\n<\/tbody>\n<\/table>\n","protected":false},"excerpt":{"rendered":"<p>Die traditionellen Fr\u00fchjahrsradtouren des RC 03 Ilbenstadt, einst als reine Rad-Touren-Fahrt (RTF) gestartet, die Radsportlerinnen und Radsportlern mit ihren Rennmaschinen, heute \u00fcberwiegend als Rennrad bezeichnet, in einer Breitsportvariante auf die Stra\u00dfen brachte, werden heute mit Country-Touren-Fahrten (CTF) und Graveltouren (GTF) &hellip; <a href=\"https:\/\/www.rc03-ilbenstadt.de\/?p=11411\">Weiterlesen <span class=\"meta-nav\">&rarr;<\/span><\/a><\/p>\n","protected":false},"author":9,"featured_media":8311,"comment_status":"closed","ping_status":"closed","sticky":false,"template":"","format":"standard","meta":{"_crdt_document":"","footnotes":""},"categories":[1],"tags":[],"class_list":["post-11411","post","type-post","status-publish","format-standard","has-post-thumbnail","hentry","category-allgemein"],"_links":{"self":[{"href":"https:\/\/www.rc03-ilbenstadt.de\/index.php?rest_route=\/wp\/v2\/posts\/11411","targetHints":{"allow":["GET"]}}],"collection":[{"href":"https:\/\/www.rc03-ilbenstadt.de\/index.php?rest_route=\/wp\/v2\/posts"}],"about":[{"href":"https:\/\/www.rc03-ilbenstadt.de\/index.php?rest_route=\/wp\/v2\/types\/post"}],"author":[{"embeddable":true,"href":"https:\/\/www.rc03-ilbenstadt.de\/index.php?rest_route=\/wp\/v2\/users\/9"}],"replies":[{"embeddable":true,"href":"https:\/\/www.rc03-ilbenstadt.de\/index.php?rest_route=%2Fwp%2Fv2%2Fcomments&post=11411"}],"version-history":[{"count":6,"href":"https:\/\/www.rc03-ilbenstadt.de\/index.php?rest_route=\/wp\/v2\/posts\/11411\/revisions"}],"predecessor-version":[{"id":11477,"href":"https:\/\/www.rc03-ilbenstadt.de\/index.php?rest_route=\/wp\/v2\/posts\/11411\/revisions\/11477"}],"wp:featuredmedia":[{"embeddable":true,"href":"https:\/\/www.rc03-ilbenstadt.de\/index.php?rest_route=\/wp\/v2\/media\/8311"}],"wp:attachment":[{"href":"https:\/\/www.rc03-ilbenstadt.de\/index.php?rest_route=%2Fwp%2Fv2%2Fmedia&parent=11411"}],"wp:term":[{"taxonomy":"category","embeddable":true,"href":"https:\/\/www.rc03-ilbenstadt.de\/index.php?rest_route=%2Fwp%2Fv2%2Fcategories&post=11411"},{"taxonomy":"post_tag","embeddable":true,"href":"https:\/\/www.rc03-ilbenstadt.de\/index.php?rest_route=%2Fwp%2Fv2%2Ftags&post=11411"}],"curies":[{"name":"wp","href":"https:\/\/api.w.org\/{rel}","templated":true}]}}