{"id":11480,"date":"2023-04-08T21:45:42","date_gmt":"2023-04-08T19:45:42","guid":{"rendered":"https:\/\/www.rc03-ilbenstadt.de\/?p=11480"},"modified":"2023-04-08T22:32:25","modified_gmt":"2023-04-08T20:32:25","slug":"frohe-ostern-2","status":"publish","type":"post","link":"https:\/\/www.rc03-ilbenstadt.de\/?p=11480","title":{"rendered":"Frohe Ostern!"},"content":{"rendered":"<p><strong>Liebe Mitglieder, <\/strong><br \/>\n<strong>liebe Freundinnen und liebe Freunde des RC 03 Ilbenstadt,<\/strong><\/p>\n<p>2023, was f\u00fcr ein Jahr! Die Radsportsaison startet jetzt p\u00fcnktlich zum 1. Januar und endet am 31. Dezember, selbst wenn die Radwanderer und CTF-Liebhaberinnen und &#8211; Liebhaber letztmalig noch im alten Jahr gestartet sind. Ein m\u00e4\u00dfiger Winter hat die unangenehme K\u00e4lte und N\u00e4sse in den Fr\u00fchjahrsbeginn gerettet. Dankbar haben wir gutes Radfahrwetter f\u00fcr einen Tag zu unserer Fr\u00fchjahrsradtourenveranstaltung mit RTF, CTF und Graveltouren (GTF) genutzt. Danach waren nur die Unerschrockenen, die Abgeh\u00e4rteten unter uns auf dem Fahrrad im kalten, regnerischen Umfeld zu sehen.<\/p>\n<p>Jetzt, zu Ostern, scheint eine Wetterwende in Sicht.<!--more--> Die Prognosen sehen die Thermometer weit im Plusbereich; der Ostermontag soll uns gar 19\u00b0 Celsius in der Spitze bescheren. Goethes Osterspaziergang kommt mit seinen ersten Zeilen in den Sinn:<\/p>\n<p>&#8222;Vom Eise befreit sind Strom und B\u00e4che<br \/>\nDurch des Fr\u00fchlings holden, belebenden Blick,<br \/>\nIm Tale gr\u00fcnet Hoffnungsgl\u00fcck;<br \/>\nDer alte Winter, in seiner Schw\u00e4che,<br \/>\nZog sich in rauhe Berge zur\u00fcck.&#8220;<\/p>\n<p>Feiert Ostern, feiert die Aufbruchstimmung, die vom christlichen Hintergrund abgesehen, auch durch den jahreszeitlichen Wechsel mit ausgel\u00f6st ist.<br \/>\nWir stehen sicher vor einer guten und aufregenden Saison. Auf die R\u00e4der, die  Wetterau bietet mit einem dichten Radwegenetz gen\u00fcgend Raum f\u00fcr Radtouren, aber auch Wanderungen. Verabredet Euch, genie\u00dft gemeinsam das Osterwochenende. Sehen wir uns am Ostermontag bei der 9-Seen-CTF der Sandhasen in W\u00f6lfersheim Melbach?!<\/p>\n<p>In\u00a0 diesem Sinne w\u00fcnscht Euch der Vorstand<\/p>\n<p><strong>Frohe Ostern!<\/strong><\/p>\n<p><span style=\"font-size: 12px;\">Bildnachweis:<\/span><br \/>\n<span style=\"font-size: 12px;\">Frohe Ostern \u2013 \u00a9guukaa.adobe.com &#8211; jetzt ohne Schutzmaske!<\/span><\/p>\n","protected":false},"excerpt":{"rendered":"<p>Liebe Mitglieder, liebe Freundinnen und liebe Freunde des RC 03 Ilbenstadt, 2023, was f\u00fcr ein Jahr! Die Radsportsaison startet jetzt p\u00fcnktlich zum 1. Januar und endet am 31. Dezember, selbst wenn die Radwanderer und CTF-Liebhaberinnen und &#8211; Liebhaber letztmalig noch &hellip; <a href=\"https:\/\/www.rc03-ilbenstadt.de\/?p=11480\">Weiterlesen <span class=\"meta-nav\">&rarr;<\/span><\/a><\/p>\n","protected":false},"author":9,"featured_media":11483,"comment_status":"closed","ping_status":"closed","sticky":false,"template":"","format":"standard","meta":{"_crdt_document":"","footnotes":""},"categories":[1],"tags":[],"class_list":["post-11480","post","type-post","status-publish","format-standard","has-post-thumbnail","hentry","category-allgemein"],"_links":{"self":[{"href":"https:\/\/www.rc03-ilbenstadt.de\/index.php?rest_route=\/wp\/v2\/posts\/11480","targetHints":{"allow":["GET"]}}],"collection":[{"href":"https:\/\/www.rc03-ilbenstadt.de\/index.php?rest_route=\/wp\/v2\/posts"}],"about":[{"href":"https:\/\/www.rc03-ilbenstadt.de\/index.php?rest_route=\/wp\/v2\/types\/post"}],"author":[{"embeddable":true,"href":"https:\/\/www.rc03-ilbenstadt.de\/index.php?rest_route=\/wp\/v2\/users\/9"}],"replies":[{"embeddable":true,"href":"https:\/\/www.rc03-ilbenstadt.de\/index.php?rest_route=%2Fwp%2Fv2%2Fcomments&post=11480"}],"version-history":[{"count":6,"href":"https:\/\/www.rc03-ilbenstadt.de\/index.php?rest_route=\/wp\/v2\/posts\/11480\/revisions"}],"predecessor-version":[{"id":11501,"href":"https:\/\/www.rc03-ilbenstadt.de\/index.php?rest_route=\/wp\/v2\/posts\/11480\/revisions\/11501"}],"wp:featuredmedia":[{"embeddable":true,"href":"https:\/\/www.rc03-ilbenstadt.de\/index.php?rest_route=\/wp\/v2\/media\/11483"}],"wp:attachment":[{"href":"https:\/\/www.rc03-ilbenstadt.de\/index.php?rest_route=%2Fwp%2Fv2%2Fmedia&parent=11480"}],"wp:term":[{"taxonomy":"category","embeddable":true,"href":"https:\/\/www.rc03-ilbenstadt.de\/index.php?rest_route=%2Fwp%2Fv2%2Fcategories&post=11480"},{"taxonomy":"post_tag","embeddable":true,"href":"https:\/\/www.rc03-ilbenstadt.de\/index.php?rest_route=%2Fwp%2Fv2%2Ftags&post=11480"}],"curies":[{"name":"wp","href":"https:\/\/api.w.org\/{rel}","templated":true}]}}