{"id":11526,"date":"2023-04-18T12:31:01","date_gmt":"2023-04-18T10:31:01","guid":{"rendered":"https:\/\/www.rc03-ilbenstadt.de\/?p=11526"},"modified":"2023-04-19T12:12:23","modified_gmt":"2023-04-19T10:12:23","slug":"11526","status":"publish","type":"post","link":"https:\/\/www.rc03-ilbenstadt.de\/?p=11526","title":{"rendered":"Ilbenst\u00e4dter Radtouren<br>&#8222;Radachter von Wickstadt nach B\u00fcdingen&#8220;<br><br>Radwanderung am Mittwoch, den 19. April 2023<br><br>B\u00fcdingen<br>&#8211; Der Weg ist das Ziel<br><br><br>"},"content":{"rendered":"<p><strong>Liebe Mitglieder und Freunde des RC 03 Ilbenstadt,<\/strong><\/p>\n<p>Fr\u00fchlingsgef\u00fchle allenthalben; es gr\u00fcnt und bl\u00fcht um uns herum. Auch in der Tierwelt regen sich die Triebe ob der Aussichten auf  die warme und futterreiche Zeit. So ist es nicht verwunderlich, dass auch unser Radwanderfachwart Erwin unruhig den ersten Fahrten entgegenfiebert. Am 3. Januar haben wir schon mal mit einer Fahrt nach Hungen ge\u00fcbt und auch der Ostermontag mit der 9-Seen-Rundfahrt der Sandhasen W\u00f6lfersheim, bei der wir mit einer starken 14er-Gruppe vertreten waren, zeigt, dass auch alle anderen Radwanderinnen und Radwanderer schon das Zweirad in Startposition haben.  Erwin l\u00e4dt zur Tour nach B\u00fcndingen nun herzlich ein:<\/p>\n<p><strong>Start am Mittwoch, den 19 April 2023<\/strong><br \/>\n<strong>um 10:30 Uhr an der Wickst\u00e4dter Niddabr\u00fccke<\/strong><br \/>\n<strong>um 09:50 Uhr am Reichelsheimer Bahn\u00fcbergang in der Kleiststra\u00dfe f\u00fcr die Bingenheimer Gruppe<\/strong><\/p>\n<p>Die Einladung kommt wieder mal sehr  kurzfristig \u00fcber Euch. W\u00e4hrend einige Eingeweihte den Termin schon ahnen, f\u00fchlen konnten, hielten wir uns mit<!--more--> dem Blick auf das Wetter doch lange zur\u00fcck. Nichts ist einer gemeinschaftlichen Radtour so abtr\u00e4glich, wie die dauernden Gedanken an K\u00e4lte und N\u00e4sse, obwohl nach \u00fcberstandener Tour der Erinnerungswert an Leistungen unter schwierigen Bedingungen hoch ist und in unvermeidlichen Berichten eine gro\u00dfe Portion Stolz mitschwingt. Trotz allem, morgen wird und bleibt es bei gutem Radfahrwetter!<\/p>\n<p>Auf nach B\u00fcdingen, das favorisierte Ziel bei Er\u00f6ffnungsfahrten. Nicht zum ersten Mal fahren wir in dieses h\u00fcbsche St\u00e4dtchen, das noch heute den Ortskern durch einen m\u00e4chtigen Mauerg\u00fcrtel sch\u00fctzt, der zwischen 1480 bis 1510 von dem Grafen Ludwig II. errichtet wurde. Keine Angst, der Graf legte nicht selbst Hand an, sonst k\u00f6nnten wir nicht das Vollendungsdatum mit 1510 berichten.<br \/>\nOb f\u00fcr den Ortsnamen ein K\u00f6nigsgericht &#8222;budingun&#8220; oder der &#8222;Buono&#8220; mit seinen Nachkommen verantwortlich zeichnet, mag vor dem Hintergrund der Uneinigkeit in der Forschung egal sein, wir erfreuen uns an der heutigen Bezeichnung dieses reizenden St\u00e4dtchens. Doch was wird unser Ziel sein? Den reizvollen Ortskern mit seinem historischen Ambiente, seinen vielen Fachwerkbauten? Nein, ein Caf\u00e9 ruft zur Rast, die allen geg\u00f6nnt wird. Selbst Luther war es 1521 auf seiner Durchreise nicht nach einer Stadtbesichtigung zumute. Doch wir sind nicht auf der Flucht.<\/p>\n<p>Doch was treibt uns noch nach B\u00fcdingen? Die schn\u00f6de Freude an der Bewegung in frischer Luft, die Gemeinschaft der Pedalritter, die unvergleichliche Wetterauer Landschaft mit den nahen Ausl\u00e4ufern des Vogelsberges? Ja, das ist es. Ein schlauer Kopf, manche meinen es k\u00f6nnte Konfuzius gewesen sein, sprach es aus: &#8222;Der Weg ist das Ziel&#8220;. Unsere Route, von Erwin zum &#8222;B\u00fcdinger Radachter&#8220; geadelt, ist der Wert an sich, die Erf\u00fcllung nach dem die Gemeinschaft der Pedaleure strebt. Ein Sammelsurium an Bed\u00fcrfnissen wird erf\u00fcllt, das vom Fitness-, dem Gesundheitsgedanken \u00fcber Bed\u00fcrfnisse Gemeinschaft zu finden und zu \u00fcben reicht, aber auch Entdeckergeist bis hin zu seelischem Verlangen abdeckt.<br \/>\nIst B\u00fcdingen dann unser Ziel? Vielleicht und bestimmt nur eines von vielen Zwischenzielen, denn wir sind auf dem Weg. Dass Erwins Radachter nur eine falsche Acht ist, ein Schnittpunkt fehlt, ficht uns nicht an. \u00dcber H\u00f6chst, Altenstadt und D\u00fcdelsheim erreichen wir B\u00fcdingen, um nach einer gem\u00fctlichen Caf\u00e9runde nach Wolf aufzubrechen, ein Terrain, dass wir noch nicht oft unter die R\u00e4der genommen haben.<br \/>\n <a href=\"https:\/\/de.wikipedia.org\/wiki\/Wolf_(B%C3%BCdingen)\" target=\"_blank\" rel=\"noopener noreferrer\">Wolf<\/a>, ein Ortsteil von B\u00fcdingen, unter dessen Fittiche sich die Wolfer 1971 zum Wohle der Stadt 1971 begeben haben. Dies sagt uns der <a href=\"https:\/\/www.stadt-buedingen.de\/media\/custom\/3139_720_1.PDF?1567416074?direct\" target=\"_blank\" rel=\"noopener noreferrer\"> Eingemeindungsvertrag.<\/a> Darin schrieb man unter anderem auch Investitionsverpflichtungen, die Aufwandsentsch\u00e4digung des Ortsbeiratsvorsitzenden mit 2,50 DM pro Einwohner und Jahr sowie die Sicherstellung der Vatertierhaltung fest. \u00dcberzeugt Euch selbst, der Ort sollte mit seinen fast 1000 Einwohnern, seinen , vom d\u00f6rflichen Charakter gepr\u00e4gten Kulturdenkm\u00e4lern bis hin zur Dorflinde, die einen sehenswerten offenen Stamm aufweisen soll, Wohlstand und ein gutes Lebensumfeld bieten. Die Linde st\u00f6rt etwas in diesem Bild; sie ist eher dem Untergang geweiht. Wolf, obwohl erst 1529 erstmals urkundlich erw\u00e4hnt, fand seien Ortsnamen wohl schon 500 v.Chr. als &#8222;Wolfaha&#8220;. Mit &#8222;aha&#8220; wurden vorfr\u00e4nkische Siedlungr\u00e4ume bezeichnet.<br \/>\n Wir verlassen Wolf und steuern in einem gro\u00dfen Bogen \u00fcber Aulendiebach, Stockheim, Glauberg und Lindheim, Altenstadt an. Hier h\u00e4tte das mit der Acht was werden k\u00f6nnen, doch wir bleiben n\u00f6rdlich der B 519, halten uns an gut bekannte Wege, die sicher \u00fcber Rodenbach, Stammheim und Florstadt nach Wickstadt zur\u00fcck f\u00fchren. Ein Hindernis k\u00f6nnte noch am Wegesrand lauern, das Eiscaf\u00e9 Jolly in Florstadt &#8230;<\/p>\n<p> In Wickstadt liegt die 57,9 Kilometer lange Tour mit ihren 421 H\u00f6henmetern hinter uns. Wer auf Trekking-, Tourenrad oder Mountainbike sa\u00df, hat die richtige Wahl f\u00fcr diese Wintertour getroffen.<\/p>\n<p>Ist das Interesse geweckt, freut sich der RC 03 Ilbenstadt auf eine rege Teilnahme.<br \/>\nErwin Loscher ist f\u00fcr R\u00fcckfragen unter der Telefonnummer 01512 02 30 745 erreichbar.<\/p>\n<p>F\u00fcr das Radwanderteam<\/p>\n<p>Wilhelm Schr\u00f6der<br \/>\nFachbereichsleiter \u00d6ffentlichkeitsarbeit und Sport (RTF\/CTF)<\/p>\n<p>Streckendownload f\u00fcr Navigationsger\u00e4te:<br \/>\nAuf dem Radachter von Wickstadt nach B\u00fcdingen<br \/>\n<a href=\"https:\/\/rc03-ilbenstadt.de\/GPX\/GPX-RW\/RC03_RW_230419_Wickstadt_B\u00dcD_Achter_58km\">Radwanderung &#8222;Von Wickstadt in den Norden der Wetterau&#8220;<\/a><\/p>\n<p><a href=\"http:\/\/umap.openstreetmap.fr\/de\/map\/rc03_rw_230419_wickstadt_bud_radachter_900989#16\/50.3215\/8.9669\" target=\"_blank\" rel=\"noopener\">Radwanderung  &#8222;Auf dem Radachter von Wickstadt nach B\u00fcdingen&#8220;<br \/>(Vollbildanzeige)<\/a><br \/>\n<iframe loading=\"lazy\" width=\"200%\" height=\"300px\" frameborder=\"0\" allowfullscreen src=\"\/\/umap.openstreetmap.fr\/de\/map\/rc03_rw_230419_wickstadt_bud_radachter_900989?scaleControl=true&#038;miniMap=false&#038;scrollWheelZoom=true&#038;zoomControl=true&#038;allowEdit=false&#038;moreControl=true&#038;searchControl=true&#038;tilelayersControl=true&#038;embedControl=true&#038;datalayersControl=true&#038;onLoadPanel=undefined&#038;captionBar=false&#038;fullscreenControl=true&#038;measureControl=true\"><\/iframe><\/p>\n","protected":false},"excerpt":{"rendered":"<p>Liebe Mitglieder und Freunde des RC 03 Ilbenstadt, Fr\u00fchlingsgef\u00fchle allenthalben; es gr\u00fcnt und bl\u00fcht um uns herum. Auch in der Tierwelt regen sich die Triebe ob der Aussichten auf die warme und futterreiche Zeit. So ist es nicht verwunderlich, dass &hellip; <a href=\"https:\/\/www.rc03-ilbenstadt.de\/?p=11526\">Weiterlesen <span class=\"meta-nav\">&rarr;<\/span><\/a><\/p>\n","protected":false},"author":9,"featured_media":10165,"comment_status":"closed","ping_status":"closed","sticky":false,"template":"","format":"standard","meta":{"_crdt_document":"","footnotes":""},"categories":[1],"tags":[],"class_list":["post-11526","post","type-post","status-publish","format-standard","has-post-thumbnail","hentry","category-allgemein"],"_links":{"self":[{"href":"https:\/\/www.rc03-ilbenstadt.de\/index.php?rest_route=\/wp\/v2\/posts\/11526","targetHints":{"allow":["GET"]}}],"collection":[{"href":"https:\/\/www.rc03-ilbenstadt.de\/index.php?rest_route=\/wp\/v2\/posts"}],"about":[{"href":"https:\/\/www.rc03-ilbenstadt.de\/index.php?rest_route=\/wp\/v2\/types\/post"}],"author":[{"embeddable":true,"href":"https:\/\/www.rc03-ilbenstadt.de\/index.php?rest_route=\/wp\/v2\/users\/9"}],"replies":[{"embeddable":true,"href":"https:\/\/www.rc03-ilbenstadt.de\/index.php?rest_route=%2Fwp%2Fv2%2Fcomments&post=11526"}],"version-history":[{"count":6,"href":"https:\/\/www.rc03-ilbenstadt.de\/index.php?rest_route=\/wp\/v2\/posts\/11526\/revisions"}],"predecessor-version":[{"id":11538,"href":"https:\/\/www.rc03-ilbenstadt.de\/index.php?rest_route=\/wp\/v2\/posts\/11526\/revisions\/11538"}],"wp:featuredmedia":[{"embeddable":true,"href":"https:\/\/www.rc03-ilbenstadt.de\/index.php?rest_route=\/wp\/v2\/media\/10165"}],"wp:attachment":[{"href":"https:\/\/www.rc03-ilbenstadt.de\/index.php?rest_route=%2Fwp%2Fv2%2Fmedia&parent=11526"}],"wp:term":[{"taxonomy":"category","embeddable":true,"href":"https:\/\/www.rc03-ilbenstadt.de\/index.php?rest_route=%2Fwp%2Fv2%2Fcategories&post=11526"},{"taxonomy":"post_tag","embeddable":true,"href":"https:\/\/www.rc03-ilbenstadt.de\/index.php?rest_route=%2Fwp%2Fv2%2Ftags&post=11526"}],"curies":[{"name":"wp","href":"https:\/\/api.w.org\/{rel}","templated":true}]}}