{"id":11556,"date":"2023-05-16T12:56:21","date_gmt":"2023-05-16T10:56:21","guid":{"rendered":"https:\/\/www.rc03-ilbenstadt.de\/?p=11556"},"modified":"2023-05-16T16:18:47","modified_gmt":"2023-05-16T14:18:47","slug":"ilbenstaedter-radtourenkirschbluetentour-und-die-nordoestliche-wetterauradwanderung-am-mittwoch-den-17-mai-2023michelnauer-tuff-von-wickstadt-ueber-das-laisbachtal-zum-geotop-michelnau","status":"publish","type":"post","link":"https:\/\/www.rc03-ilbenstadt.de\/?p=11556","title":{"rendered":"Ilbenst\u00e4dter Radtouren<br>&#8222;Von Wickstadt \u00fcber Lais- und Rambachtal nach Michelnau&#8220;<br><br>Radwanderung am Mittwoch, den 17. Mai 2023<br><br>Michelnauer Tuff<br>\u00dcberraschungen abseits des Vulkanradweges<br><br><br>"},"content":{"rendered":"<p><strong>Liebe Mitglieder und Freunde des RC 03 Ilbenstadt,<\/strong><\/p>\n<p>Wettergott und Radwanderfachwart Erwin hat zielsicher nach einer kurzen Regenperiode und moderatem K\u00e4lteeinbruch &#8211; ja, wir werden empfindlich! &#8211; den kommenden Mittwoch ausgew\u00e4hlt, der mit traumhaftem Radfahrwetter aufwarten wird. Dazu l\u00e4dt er nat\u00fcrlich ein, Michelnau wurde als Ziel ausgemacht:<\/p>\n<p><strong>Start am Mittwoch, den 17. Mai 2023<\/strong><br \/>\n<strong>um 10:30 Uhr an der Wickst\u00e4dter Niddabr\u00fccke<\/strong><br \/>\n<strong>um 10:50 Uhr an der Ober-Florst\u00e4dter Niddabr\u00fccke<\/strong><\/p>\n<p>Eine interessante Tour liegt vor uns. Einige oder gar die meisten Streckenteile sind wohlbekannt. Da uns die Wetterau und der nahe Vogelsberg &#8211; keine Angst, wir blicken diesmal nur auf dessen Ausl\u00e4ufer &#8211; im Wandel der Jahreszeiten<!--more--> immer wieder reizt und unser Bewegungsdrang auf wiederholt gefahrene Strecken ohnehin keine R\u00fccksicht nimmt, werden wir die Tour in der Sonne bei moderaten Temperaturen genie\u00dfen k\u00f6nnen. Das Laisbach- und das Rambachtal haben wir gerade im Herbst letzten Jahres unter die<br \/>\nR\u00e4der genommenen. Hier kann ich Euch auf Teile meines literarischen Gesamtwerkes verlinken:<\/p>\n<p><a href=\"https:\/\/www.rc03-ilbenstadt.de\/?page_id=8709\" target=\"_blank\" rel=\"noopener\">03.06.2020 Radwanderung von Assenheim zum Laisbach- und Rambachtal<\/a><br \/>\n<a href=\"https:\/\/www.rc03-ilbenstadt.de\/?page_id=9972\" target=\"_blank\" rel=\"noopener\">25.08.2021Radwanderung von Wickstadt ins Laisbach- und Rambachtal<\/a><br \/>\n<a href=\"https:\/\/www.rc03-ilbenstadt.de\/?page_id=11091\" target=\"_blank\" rel=\"noopener\">03.11.2022 Radwanderung von Wickstadt zu Nidder, Laisbach und Nidda<\/a><\/p>\n<p> Wer an Lesestoff Interesse hat, kann hier f\u00fcndig werden. Vielleicht ist die Tour vom 3. November 2022 interessant, da wir uns hier mit dem &#8222;Abflussjahr&#8220; besch\u00e4ftigt haben, denn nach den regenreichen Wochen wird uns der Vogelsberg einige Kubikmeter Wasser anliefern.<\/p>\n<p> Doch wenden wir uns der aktuellen Tour, die eingetretene Pfade in Bobenhausen verl\u00e4sst und  <a href=\"https:\/\/de.wikipedia.org\/wiki\/Michelnau\" target=\"_blank\" rel=\"noopener\">Michelnau<\/a> ansteuert, 1187 auch als Michelenowa in der Schenkungsurkunde an den Johanniterorden bekannt. Und da sind wir am nordwestlichen Ortsende schon beim stillgelegten <a href=\"http:\/\/www.steinbruch-michelnau.de\/index.php\/besichtigen\/\" target=\"_blank\" rel=\"noopener\">Michelnauer Steinbruch<\/a>.<br \/>\n Hier hat sich vor 15 Millionen Jahren Unglaubliches ereignet, lagerte doch das seinerzeit aktive Vukangbiet, welches wir heute Vogelsberg kennen, seine &#8222;Abf\u00e4lle&#8220;, sprich Schlacke ab, was uns dann als Michelnauer Tuff oder gesteinskundlich als &#8222;Michelnauer Schlackenagglomerat&#8220; bekannt ist. Die schwachrote Farbe steuert das Eisenoxid bei, auch damals war &#8222;Rost&#8220; schon ein Thema. Ansonsten sind 64 % glasige Grundmasse und 32 % Zeolithe aus der Familie der wasserhaltigen Ger\u00fcstsilikate neben anderen Inhaltsstoffen die wesentliche Bestandteile dieses Tuffes. Tuff, ein Weichgestein, das sich in der Gewinnung Sprengungen entzog und mit \u00c4xten, so vermutlich 1863 der Bauer und Wirt Johann Weisel und sp\u00e4ter mit S\u00e4gen in Bl\u00f6cken aus der Wand gebrochen werden musste. Und 1990 beendete man das m\u00fchsame Gesch\u00e4ft. Vielleicht brach auch die Nachfrage ein. Der Stein wurde als Mauerstein rund um Michelnau verbaut, in Kirchen und Br\u00fccken m\u00fcsstet Ihr ihn als aufmerksame Radwanderinnen und Radwanderer auch identifizieren k\u00f6nnen. Ein kleiner Tipp: Seht Euch mal die Grabkreuze in Kloster Arnsburg an. Wenn Euer Wissen mehr Futter ben\u00f6tigt, ist  <a href=\"https:\/\/de.wikipedia.org\/wiki\/Michelnauer_Tuff\" target=\"_blank\" rel=\"noopener\">Wikipedia<\/a> eine der Erkenntnisquellen.<\/p>\n<p> In Michelnau, sp\u00e4testens aber in Nidda, solltet Ihr Erwin darauf aufmerksam machen, dass eine Rast angezeigt ist, bevor es \u00fcber Salzhausen, Gei\u00df-Nidda, Echzell, Bingenheim und Florstadt wieder zum Ausgangspunkt unserer Radtour zur\u00fcck geht. Ich verga\u00df, war da in Florstadt nicht noch ein Eissalon?<\/p>\n<p> In Wickstadt liegt die rund 60  Kilometer lange Tour mit ihren 495 H\u00f6henmetern hinter uns; &#8222;aufgegeben&#8220; hat nur die Bingenheimer Gruppe, die wohl Motivationsdefizite bei der Bingenheimer Ortsdurchfahrt haben k\u00f6nnte. Wer auf Trekking-, Tourenrad oder Mountainbike sa\u00df, hat die richtige Wahl f\u00fcr diese Wintertour getroffen.<\/p>\n<p>Ist das Interesse geweckt, freut sich der RC 03 Ilbenstadt auf eine rege Teilnahme.<br \/>\nErwin Loscher ist f\u00fcr R\u00fcckfragen unter der Telefonnummer 01512 02 30 745 erreichbar.<\/p>\n<p>F\u00fcr das Radwanderteam<\/p>\n<p>Wilhelm Schr\u00f6der<br \/>\nFachbereichsleiter \u00d6ffentlichkeitsarbeit und Sport (RTF\/CTF)<\/p>\n<p>Streckendownload f\u00fcr Navigationsger\u00e4te:<br \/>\nRadwanderung &#8222;Von Wickstadt \u00fcbers Laisbach- und Rambachtal nach Michelnau&#8220;<br \/>\n<a href=\"https:\/\/rc03-ilbenstadt.de\/GPX\/GPX-RW\/RC03_RW_230517_Wickstadt_Laisbachtal_Michelnau_60km\">Von Wickstadt \u00fcbers Laisbach- und Rambachtal nach Michelnau<\/a><\/p>\n<p>Kartendarstellung:<br \/>\n<a href=\"http:\/\/umap.openstreetmap.fr\/de\/map\/rc03_rw_230517_wickstadt_leisbachtal_michelnau_915396#12\/50.3296\/8.7798\" target=\"_blank\" rel=\"noopener\">Radwanderung  &#8222;Von Wickstadt \u00fcbers Laisbach- und Rambachtal nach Michelnau&#8220;<br \/>(Vollbildanzeige)<\/a><br \/>\n<iframe loading=\"lazy\" width=\"200%\" height=\"300px\" frameborder=\"0\" allowfullscreen src=\"\/\/umap.openstreetmap.fr\/de\/map\/rc03_rw_230517_wickstadt_leisbachtal_michelnau_915396?scaleControl=true&#038;miniMap=true&#038;scrollWheelZoom=true&#038;zoomControl=true&#038;allowEdit=false&#038;moreControl=true&#038;searchControl=true&#038;tilelayersControl=true&#038;embedControl=true&#038;datalayersControl=true&#038;onLoadPanel=undefined&#038;captionBar=false&#038;fullscreenControl=true&#038;measureControl=true\"><\/iframe><\/p>\n","protected":false},"excerpt":{"rendered":"<p>Liebe Mitglieder und Freunde des RC 03 Ilbenstadt, Wettergott und Radwanderfachwart Erwin hat zielsicher nach einer kurzen Regenperiode und moderatem K\u00e4lteeinbruch &#8211; ja, wir werden empfindlich! &#8211; den kommenden Mittwoch ausgew\u00e4hlt, der mit traumhaftem Radfahrwetter aufwarten wird. Dazu l\u00e4dt er &hellip; <a href=\"https:\/\/www.rc03-ilbenstadt.de\/?p=11556\">Weiterlesen <span class=\"meta-nav\">&rarr;<\/span><\/a><\/p>\n","protected":false},"author":9,"featured_media":10165,"comment_status":"closed","ping_status":"closed","sticky":false,"template":"","format":"standard","meta":{"_crdt_document":"","footnotes":""},"categories":[1],"tags":[],"class_list":["post-11556","post","type-post","status-publish","format-standard","has-post-thumbnail","hentry","category-allgemein"],"_links":{"self":[{"href":"https:\/\/www.rc03-ilbenstadt.de\/index.php?rest_route=\/wp\/v2\/posts\/11556","targetHints":{"allow":["GET"]}}],"collection":[{"href":"https:\/\/www.rc03-ilbenstadt.de\/index.php?rest_route=\/wp\/v2\/posts"}],"about":[{"href":"https:\/\/www.rc03-ilbenstadt.de\/index.php?rest_route=\/wp\/v2\/types\/post"}],"author":[{"embeddable":true,"href":"https:\/\/www.rc03-ilbenstadt.de\/index.php?rest_route=\/wp\/v2\/users\/9"}],"replies":[{"embeddable":true,"href":"https:\/\/www.rc03-ilbenstadt.de\/index.php?rest_route=%2Fwp%2Fv2%2Fcomments&post=11556"}],"version-history":[{"count":5,"href":"https:\/\/www.rc03-ilbenstadt.de\/index.php?rest_route=\/wp\/v2\/posts\/11556\/revisions"}],"predecessor-version":[{"id":11563,"href":"https:\/\/www.rc03-ilbenstadt.de\/index.php?rest_route=\/wp\/v2\/posts\/11556\/revisions\/11563"}],"wp:featuredmedia":[{"embeddable":true,"href":"https:\/\/www.rc03-ilbenstadt.de\/index.php?rest_route=\/wp\/v2\/media\/10165"}],"wp:attachment":[{"href":"https:\/\/www.rc03-ilbenstadt.de\/index.php?rest_route=%2Fwp%2Fv2%2Fmedia&parent=11556"}],"wp:term":[{"taxonomy":"category","embeddable":true,"href":"https:\/\/www.rc03-ilbenstadt.de\/index.php?rest_route=%2Fwp%2Fv2%2Fcategories&post=11556"},{"taxonomy":"post_tag","embeddable":true,"href":"https:\/\/www.rc03-ilbenstadt.de\/index.php?rest_route=%2Fwp%2Fv2%2Ftags&post=11556"}],"curies":[{"name":"wp","href":"https:\/\/api.w.org\/{rel}","templated":true}]}}