{"id":11564,"date":"2023-05-22T16:30:25","date_gmt":"2023-05-22T14:30:25","guid":{"rendered":"https:\/\/www.rc03-ilbenstadt.de\/?p=11564"},"modified":"2023-05-22T16:44:27","modified_gmt":"2023-05-22T14:44:27","slug":"ilbenstaedter-radtourenradachter-ueber-petterweil-nach-bad-homburgradwanderung-am-mittwoch-den-24-mai-2023petterweilhistorische-ueberraschungen-in-der-wetterau","status":"publish","type":"post","link":"https:\/\/www.rc03-ilbenstadt.de\/?p=11564","title":{"rendered":"Ilbenst\u00e4dter Radtouren<br>&#8222;Radachter \u00fcber Petterweil nach Bad Homburg&#8220;<br><br>Radwanderung am Mittwoch, den 24. Mai 2023<br><br>Petterweil<br>Historische \u00dcberraschungen in der Wetterau<br><br><br>"},"content":{"rendered":"<p><strong>Liebe Mitglieder und Freunde des RC 03 Ilbenstadt,<\/strong><\/p>\n<p>Gutes Radfahrwetter? Nat\u00fcrlich, denn Radwanderfachwart Erwin hat den Mittwoch f\u00fcr die n\u00e4chste Tour ausgew\u00e4hlt. Ein Sonnen- und Wolkenmix wird bei weitgehender Niederschlagsfreiheit f\u00fcr angenehme Bedingungen sorgen.  Erwin Loscher l\u00e4dt zum Bad Homburger Radachter ein:<\/p>\n<p><strong>Start am Mittwoch, den 24. Mai 2023<\/strong><br \/>\n<strong>um 10:30 Uhr an der Wickst\u00e4dter Niddabr\u00fccke<\/strong><br \/>\n<strong>um 10:00 Uhr am Reichelsheimer Bahn\u00fcbergang in der Kleiststra\u00dfe f\u00fcr die Bingenheimer\/Echzeller Gruppe<\/strong><\/p>\n<p> Auf zum Radachter \u00fcber Petterweil nach Bad Homburg. Die Strecke, von Erwin neu konzipiert, hat sich zwar &#8211; und jetzt bringt mal ein bisschen Phantasie ins Spiel, von der Brillenform eines John Lennon hin zu der des blonden Barden Heinos hin entwickelt, doch statt schwungvoll den Schnittpunkt einer Acht zu kreuzen, wird diese aus zwei H\u00e4lften gebildet. Also wieder eine &#8222;falsche&#8220; Acht. Entwicklungspotential ist vorhanden.<br \/>\n Am 8. August letzten Jahres hatten wir das erste Mal die Freude eine Acht <!--more-->in die Wetterauer Landschaft und die Ausl\u00e4ufer des Taunus mit unseren Drahteseln zu zeichnen. <a href=\"https:\/\/www.rc03-ilbenstadt.de\/?page_id=10857\" target=\"_blank\" rel=\"noopener\">Bad Homburg<\/a>  war unser Ziel. Wir erfuhren, dass Bad Homburg, seinerzeit noch ohne Bad, f\u00fcr 19.000 Gulden von einer Hanau-M\u00fcnzenberger Adelssippe k\u00e4uflich erworben wurde, die nicht in der Lage war, diese Investition zu sichern. H\u00e4tten die damals gewusst, dass dies kleine Taunusst\u00e4dtchen zum Bad aufsteigen und eine Spielbank in ihren Mauern beherbergen w\u00fcrde, h\u00e4tten sie sicher M\u00fche gegeben, diesen Goldesel dauerhaft zu halten. Aber bevor wir tiefer in diese Gesch\u00e4fte des Adels, der Kriegs- und Kirchenf\u00fcrsten einsteigen, wenden wir uns der bisher nur schn\u00f6de zum Durchfahren genutzten Ortschaft Petterweil zu. Immerhin durchmessen wir diese zweimal auf unserer Tour. <\/p>\n<p> <a href=\"https:\/\/de.wikipedia.org\/wiki\/Petterweil\">Petterweil<\/a>, was verbinden wir mit diesem Ort? Nun, ich gestehe ratlos gewesen zu sein, st\u00fcrzte mich in das \u00dcberangebot an Informationen, unser WorldWideWeb und wurde f\u00fcndig. Ja, ein Schloss gibt es. Die Ern\u00fcchterung folgte auf dem Fu\u00df: Klein und unscheinbar ist es heute Bestandteil eines Wirtschaftshofes. Und so geht es weiter, alles ist klein in Petterweil.  Doch mit der Geschichte Petterweil auch Vorzeigbares. Noch zu Zeiten Karl des Gro\u00dfes machte diese Ortschaft 801 in einer ersten urkundlichen Erw\u00e4hnung im  <a href=\"https:\/\/de.wikipedia.org\/wiki\/Lorscher_Codexl\">Lorscher Codex<\/a> auf sich aufmerksam. In diesem Schatz, der im Wesentlichen aus rund 3800 Urkunden besteht &#8211; M\u00f6nche schrieben alles ab, Die G\u00e4nsekiele gl\u00fchten &#8211; und von der Reichsabtei Lorsch gef\u00fchrt wurde, ist am 20. Oktober 801 vermerkt, dass ein &#8222;Berenger&#8220; Phetterenheim dem Kloster Lorsch schenkte. Das Kapital wuchs.<br \/>\n Es zeugt auch von einem gewissen Ansehen in einem solchen Codex, auch ein Kapitalbuch des Klerus, so fr\u00fch aufgetaucht zu sein. Dies dachten sich auch die Heddernheimer, heute zu Frankfurt geh\u00f6rend, und okupierten kurzerhand Petterweils Historie. Phetterenheim klang nun mal so, dass in der R\u00fcckschau eine Namensgleichheit h\u00e4tte sein k\u00f6nnen. So argumentierten die Heddernheimer, dass Petterweil im Codex Eberharti, einem Verm\u00f6gensnachweis des Reichsklosters Fulda, als &#8222;Phetruwila&#8220; auftauchte und nichts mit &#8222;Phetterenheim&#8220; zu tun h\u00e4tte. Man \u00fcbersah dabei die \u00fcberaus  variantenreiche Wandlungsf\u00e4higkeit der Sprache und Heddernheim muss aus heutiger Sicht die erste urkundliche Erw\u00e4hnung im 12. Jahrhundert in einem Kaufvertrag \u00fcber sich ergehen lassen; der Erzbischof Adalbert von Mainz hatte sich in einen Grundbesitz &#8222;einweisen&#8220; lassen. Petterweil bleibt die Ehre der urkundlichen Ersterw\u00e4hnung im Jahre 801.<\/p>\n<p> Jetzt huschen wir schnell durch Petterweils Geschichte, denn auch auf dem Rad sind wir schnell durch.  Der drei\u00dfigj\u00e4hrige Krieg versuchte den Ort auszul\u00f6schen, wechselte Besitzer und Landgerichtsbezirke, bis es im 19. Jahrhundert als Hochburg der Freiheitsbewegung galt, heute durch das Jubil\u00e4um der in der <a href=\"https:\/\/de.wikipedia.org\/wiki\/Frankfurter_Paulskirche\">Frankfurter Paulskirche<\/a>  1848\/1849 tagenden Nationalversammlung in aller Munde. Robert Blum seinerzeit linker Politiker, Abgeordneter und Frankfurter Barrikadenk\u00e4mpfer, hielt 1848 in Petterweil seine letzte Rede auf deutschem Boden, bevor er wegen seiner Beteiligung am Wiener Oktoberaufstand vom \u00f6sterreichischen Milit\u00e4r standrechtlich erschossen wurde. Petterweil errichtete ihm ein Denkmal. Lassen wir die Zwischenzeit dann mal beiseite und gehen wir auf unsere Tour zur\u00fcck.<\/p>\n<p> In gro\u00dfz\u00fcgigen Schleifen durchfahren wir die Landschaft. Bruchenbr\u00fccken, W\u00f6llstadt, Rodheim und Peterweil, Seulberg, Dornholzhausen und Bad Homburg sind Stationen auf dem Weg zur Rast im <a href=\"https:\/\/www.hofgut-kronenhof.de\/\">Kronenhof<\/a>. Es gibt zwar alle Speisen und Getr\u00e4nke zum Mitnehmen, doch wird das nicht unser Ziel sein. Es wird vor Ort an schattigen Pl\u00e4tzen konsumiert, bevor die untere H\u00e4lfte der Acht, wieder zur\u00fcck nach Petterweil und weiter \u00fcber Burggr\u00e4fenrode zum Ausgangspunkt in Wickstadt f\u00fchrt.  <\/p>\n<p> In Wickstadt liegt die rund 72  Kilometer lange Tour mit ihren 422 H\u00f6henmetern hinter uns. Wer auf Tourenrad oder Mountainbike sa\u00df, hat die richtige Wahl f\u00fcr diese Tour  getroffen.<\/p>\n<p>Ist das Interesse geweckt, freut sich der RC 03 Ilbenstadt auf eine rege Teilnahme.<br \/>\nErwin Loscher ist f\u00fcr R\u00fcckfragen unter der Telefonnummer 01512 02 30 745 erreichbar.<\/p>\n<p>F\u00fcr das Radwanderteam<\/p>\n<p>Wilhelm Schr\u00f6der<br \/>\nFachbereichsleiter \u00d6ffentlichkeitsarbeit und Sport (RTF\/CTF)<\/p>\n<p>Streckendownload f\u00fcr Navigationsger\u00e4te:<br \/>\nRadachter  &#8222;Von Wickstadt \u00fcber Petterweil nach Bad Homburg&#8220;<br \/>\n<a href=\"https:\/\/rc03-ilbenstadt.de\/GPX\/GPX-RW\/RC03_RW_230524_Wickstadt_BadHomburg_Radachter_72km\">Radachter  &#8222;Von Wickstadt \u00fcber Petterweil nach Bad Homburg&#8220;<\/a><\/p>\n<p>Kartendarstellung:<br \/>\n<a href=\"http:\/\/umap.openstreetmap.fr\/de\/map\/rc03_rw_230524_wickstadt_petterweil_bad_hg_917936\" target=\"_blank\" rel=\"noopener\">Radachter  &#8222;Von Wickstadt \u00fcber Petterweil nach Bad Homburg&#8220;<br \/>(Vollbildanzeige)<\/a><br \/>\n<iframe loading=\"lazy\" width=\"200%\" height=\"300px\" frameborder=\"0\" allowfullscreen src=\"\/\/umap.openstreetmap.fr\/de\/map\/rc03_rw_230524_wickstadt_petterweil_bad_hg_917936?scaleControl=true&#038;miniMap=false&#038;scrollWheelZoom=true&#038;zoomControl=true&#038;allowEdit=false&#038;moreControl=true&#038;searchControl=true&#038;tilelayersControl=true&#038;embedControl=true&#038;datalayersControl=true&#038;onLoadPanel=undefined&#038;captionBar=false&#038;measureControl=true\"><\/iframe><\/p>\n","protected":false},"excerpt":{"rendered":"<p>Liebe Mitglieder und Freunde des RC 03 Ilbenstadt, Gutes Radfahrwetter? Nat\u00fcrlich, denn Radwanderfachwart Erwin hat den Mittwoch f\u00fcr die n\u00e4chste Tour ausgew\u00e4hlt. Ein Sonnen- und Wolkenmix wird bei weitgehender Niederschlagsfreiheit f\u00fcr angenehme Bedingungen sorgen. Erwin Loscher l\u00e4dt zum Bad Homburger &hellip; <a href=\"https:\/\/www.rc03-ilbenstadt.de\/?p=11564\">Weiterlesen <span class=\"meta-nav\">&rarr;<\/span><\/a><\/p>\n","protected":false},"author":9,"featured_media":10165,"comment_status":"closed","ping_status":"closed","sticky":false,"template":"","format":"standard","meta":{"_crdt_document":"","footnotes":""},"categories":[1],"tags":[],"class_list":["post-11564","post","type-post","status-publish","format-standard","has-post-thumbnail","hentry","category-allgemein"],"_links":{"self":[{"href":"https:\/\/www.rc03-ilbenstadt.de\/index.php?rest_route=\/wp\/v2\/posts\/11564","targetHints":{"allow":["GET"]}}],"collection":[{"href":"https:\/\/www.rc03-ilbenstadt.de\/index.php?rest_route=\/wp\/v2\/posts"}],"about":[{"href":"https:\/\/www.rc03-ilbenstadt.de\/index.php?rest_route=\/wp\/v2\/types\/post"}],"author":[{"embeddable":true,"href":"https:\/\/www.rc03-ilbenstadt.de\/index.php?rest_route=\/wp\/v2\/users\/9"}],"replies":[{"embeddable":true,"href":"https:\/\/www.rc03-ilbenstadt.de\/index.php?rest_route=%2Fwp%2Fv2%2Fcomments&post=11564"}],"version-history":[{"count":5,"href":"https:\/\/www.rc03-ilbenstadt.de\/index.php?rest_route=\/wp\/v2\/posts\/11564\/revisions"}],"predecessor-version":[{"id":11569,"href":"https:\/\/www.rc03-ilbenstadt.de\/index.php?rest_route=\/wp\/v2\/posts\/11564\/revisions\/11569"}],"wp:featuredmedia":[{"embeddable":true,"href":"https:\/\/www.rc03-ilbenstadt.de\/index.php?rest_route=\/wp\/v2\/media\/10165"}],"wp:attachment":[{"href":"https:\/\/www.rc03-ilbenstadt.de\/index.php?rest_route=%2Fwp%2Fv2%2Fmedia&parent=11564"}],"wp:term":[{"taxonomy":"category","embeddable":true,"href":"https:\/\/www.rc03-ilbenstadt.de\/index.php?rest_route=%2Fwp%2Fv2%2Fcategories&post=11564"},{"taxonomy":"post_tag","embeddable":true,"href":"https:\/\/www.rc03-ilbenstadt.de\/index.php?rest_route=%2Fwp%2Fv2%2Ftags&post=11564"}],"curies":[{"name":"wp","href":"https:\/\/api.w.org\/{rel}","templated":true}]}}