{"id":11571,"date":"2023-05-29T22:23:40","date_gmt":"2023-05-29T20:23:40","guid":{"rendered":"https:\/\/www.rc03-ilbenstadt.de\/?p=11571"},"modified":"2023-05-29T22:59:32","modified_gmt":"2023-05-29T20:59:32","slug":"ilbenstaedter-radtourenvom-bingenheimer-schloss-zum-oberkleener-steinbruchradwanderung-am-mittwoch-den-31-mai-2023der-see-im-steinbruchauf-der-suche-nach-sonnenbadenden-fischen","status":"publish","type":"post","link":"https:\/\/www.rc03-ilbenstadt.de\/?p=11571","title":{"rendered":"Ilbenst\u00e4dter Radtouren<br>&#8222;Vom Bingenheimer Schloss zum Oberkleener Steinbruch&#8220;<br><br>Radwanderung am Mittwoch, den 31. Mai 2023<br><br>Der See im Steinbruch<br>Auf der Suche nach sonnenbadenden Fischen<br><br><br>"},"content":{"rendered":"<p><strong>Liebe Mitglieder und Freunde des RC 03 Ilbenstadt,<\/strong><\/p>\n<p>Sonne satt, gutes Wetter allenthalben. Allein dem <a href=\"https:\/\/www.rc03-ilbenstadt.de\/?page_id=9875\" target=\"_blank\" rel=\"noopener\">Sonnenschutz<\/a> muss Rechnung getragen werden. W\u00e4hrend der Radwanderfachwart seinen Urlaub genie\u00dft , l\u00e4dt unser Radwanderkollege Gert Schmitt herzlich zu dieser Tour ein:<\/p>\n<p><strong>Start am Mittwoch, den 31. Mai 2023<\/strong><br \/>\n<strong>um 09:30 Uhr am Bingenheimer Schloss<\/strong><\/p>\n<p>Toll, dass Gert die Initiative ergriffen hat und Erwin vertritt. Er ist gleich ganz &#8222;Chef&#8220;, gibt die Richtung vor und startet mit Euch vom Eingang des Bingenheimer Schlosses. <\/p>\n<p>Auf der Suche nach Interessantem links und rechts des Weges kam langsam die Erinnerung: Da waren wir schon mal! Und richtig, am 27. Oktober letzten Jahres haben wir unter herbstlichen Bedingungen unsere R\u00e4der in den Taunus bewegt, der Oberkleener Steinbruch war unser Ziel. Gott sei Dank, keine Recherche zur Tour erforderlich, verweise einfach auf die <a href=\"https:\/\/www.rc03-ilbenstadt.de\/?page_id=11074\" target=\"_blank\" rel=\"noopener\">Tourbeschreibung des letzten Jahres<\/a>. Das w\u00e4re zu einfach, denn unsere Touren weisen selbst bei identischen Zielen eine hohe Variabilit\u00e4t auf. So auch am Mittwoch.<\/p>\n<p>Wir starten nach Reichelsheim und peilen Butzbach \u00fcber Weckesheim, Beienheim, Dorheim, Schwalheim und Bad Nauheim an. Allein<!--more--> in und um diese Orte verbergen sich viele Kleinode, die einer Entdeckung wert sind. Vergegenw\u00e4rtigen wir uns, dass in unserem n\u00e4heren Umfeld sich Kelten, R\u00f6mer, heimische Volksst\u00e4mme, wie zum Beispiel die Chatten, tummelten, im Mittelalter Adlige aller Couleur und der Klerus in seinen wunderbaren Auspr\u00e4gungen ihr Wesen und auch Unwesen trieben. Dass sich hier bei intensiver Suche historische Fenster \u00f6ffnen und uns heute zeigen, auf welchem Boden wir uns bewegen. Gr\u00e4ber aus der Eisenzeit um 900 v. Chr. bei Weckesheim, Scherben, Knochen, M\u00fcnzen, selbst ein ordnungsgem\u00e4\u00df bestattetes Pferdeskelett geben Hinweise auf unsere Vorfahren und deren Treiben.<br \/>\nWer wei\u00df, was in der Erde blieb, vielfach durch den Braunkohletagebau zerst\u00f6rt, umgew\u00e4lzt und wieder vergraben wurde. Erinnern wir uns, dass in dieser Zeit, ganze Stra\u00dfenverbindungen und vieles mehr dem Bagger zum Opfer fielen. Diese Phase liegt seit 1991 hinter uns, die zu Beginn des 19. Jhd. von Gro\u00dfherzog Ludwig I. von Hessen Darmstadt angekurbelt worden war.<br \/>\nBleiben wir in der Neuzeit. Zieht in der Bahnunterf\u00fchrung Beienheims den Kopf ein, es wird niedrig und eng. Die Beschilderung fordert zwar auf, vom Rad zu steigen. Dies ist aber ein unverbindlicher und rechtlich nicht verpflichtender Hinweis. Danach kommt Dorheim in Sicht und dahinter, schon auf Schwalheimer Gemarkung, der Sauerbrunnen mit dem Brunnenw\u00e4rterhaus, das heute eine Gastronomie beherbergt. Die Schwalheimer Geschichte mit den Tr\u00e4umen renommiertes Heilbad zu sein, zu bleiben, endete j\u00e4h, nachdem in Bad Nauheim gegen Mitte des 19. Jhd zwei hei\u00dfe Quellen aufbrachen, die heute im Ensemble des Sprudelhofes gefasst sind. Das Kurhaus wurde zum Mineralwasserabf\u00fcllbetrieb umgewidmet. Wasser war noch immer gut zu verkaufen, doch auch dies ist Geschichte. Die Abf\u00fcllanlage ist ins Ausland verkauft und ein gro\u00dfer Autoh\u00e4ndler nutzt Geb\u00e4ude und Fl\u00e4che f\u00fcr seine Neuwagenlogistik. Allein die unmittelbare Quellenumgebung ist erhalten und den B\u00fcrgern zug\u00e4nglich.<br \/>\nWeiter geht es am Schweinestall vorbei zum Schwalheimer Rad. Das M\u00fchlrad trieb ein Gest\u00e4nge, dass auf ein kurzes St\u00fcck noch einen Eindruck von der Funktionsweise vermittelt, welches an der Bad Nauheimer Saline die Pumpen zur Solef\u00f6rderung antrieb. Wir fahren auch durch den Tunnel, in dem einst dieses Gest\u00e4nge die Stra\u00dfe von Friedberg nach Bad Nauheim unterquerte.<\/p>\n<p>Ihr seht, wir k\u00f6nnen uns in der Geschichte verlieren und allerhand entdecken. Fahren wir weiter \u00fcber Bad Nauheim und Butzbach und versuchen uns, auf das Ziel zu konzentrieren. Ja, es geht aufw\u00e4rts, die Beinmuskulatur wird gefordert, die elektrischen Hilfstriebwerke vieler R\u00e4der kommen allein thermisch auf ein h\u00f6heres Niveau. Den Taunus gibt es nicht umsonst. Die Landschaft entsch\u00e4digt und vor allem der Blick in den Oberkleener Steinbruch mit seinen steilen Kalksteinw\u00e4nden, die sich in t\u00fcrkisfarbenes Wasser, typisch in Kalksteinvorkommen, senken. Empfehlenswert ist ein <a href=\"https:\/\/www.giessener-allgemeine.de\/kreis-giessen\/um-ein-haar-eine-muelldeponie-91498685.html\" target=\"_blank\" rel=\"noopener\">Artikel der Giessener Allgemeinen Zeitung vom 24. April 2022<\/a>, der offenbart, dass die politisch Verantwortlichen den Steinbruch in eine M\u00fclldeponie umwandeln wollten. Welch gr\u00e4ssliche Vorstellung. Der Autor berichtet auch von riesigen Fischen, die sich an der Wasseroberfl\u00e4che sonnen, wenn sie nicht gerade im gut 30 Meter tiefen Wasser abtauchen. Ich bin gespannt, ob wir Zeuge dieser Freizeitgestaltung werden.<\/p>\n<p>Ist die Suche nach sonnenbadenden Fischen beendet, ruft die Rast vor Gambach im <a href=\"https:\/\/wetterauer-fruechtchen.de\/auf-dem-hof-geniessen\/hofcafe\/\" target=\"_blank\" rel=\"noopener\">Hofcaf\u00e9 Wetterauer Fr\u00fcchtchen<\/a>.<\/p>\n<p>Nach verdienter Rast ruft die &#8222;Heimat&#8220;, die wir in bekanntem Terrain \u00fcber Gambach, M\u00fcnzenberg, Obbornhofen, Berstadt und Echzell erreichen.<br \/>\nDiese Tour \u00fcber rund 74 Kilometer in welligem, teilweise h\u00fcgligem Terrain, das angenehm zu fahren ist, l\u00e4sst uns bei pr\u00e4chtigem Sonnenschein Wetterau und Taunus erfahren. Touren- und Trekkingr\u00e4der sowie Mountainbikes sind erste Wahl f\u00fcr dieses Erlebnis.<\/p>\n<p>Ist das Interesse geweckt, freut sich Gert Schmitt auf eine rege Teilnahme.<br \/>\nF\u00fcr R\u00fcckfragen ist er unter der Telefonnummer  0151 75 02 72 07 erreichbar.<\/p>\n<p>F\u00fcr das Radwanderteam<\/p>\n<p>Wilhelm Schr\u00f6der<br \/>\nFachbereichsleiter \u00d6ffentlichkeitsarbeit und Sport<\/p>\n<p>Streckendownload f\u00fcr Navigationsger\u00e4te:<br \/>\nRadwanderung &#8222;Von Bingenheim zum Oberkleener Steinbruch&#8220;<br \/>\n<a href=\"https:\/\/rc03-ilbenstadt.de\/GPX\/GPX-RW\/RC03_RW_230531_Bingenheim_Butzbach_Oberkleen_74km.gpx\">Radwanderung von Bingenheim zum Oberkleener Steinbruch<\/a><\/p>\n<p>Kartendarstellung:<br \/>\n<a href=\"http:\/\/umap.openstreetmap.fr\/de\/map\/rc03_rw_230531_bingenheim_steinbruch_oberkleen_74k_921532#13\/50.4143\/8.7942\" target=\"_blank\" rel=\"noopener\">Radwanderung &#8222;Von Bingenheim zum Oberkleener Steinbruch&#8220;<br \/>(Vollbildanzeige)<\/a><br \/>\n<iframe loading=\"lazy\" width=\"200%\" height=\"300px\" frameborder=\"0\" allowfullscreen src=\"\/\/umap.openstreetmap.fr\/de\/map\/rc03_rw_230531_bingenheim_steinbruch_oberkleen_74k_921532?scaleControl=true&#038;miniMap=false&#038;scrollWheelZoom=true&#038;zoomControl=true&#038;allowEdit=false&#038;moreControl=true&#038;searchControl=true&#038;tilelayersControl=true&#038;embedControl=true&#038;datalayersControl=true&#038;onLoadPanel=undefined&#038;captionBar=false&#038;fullscreenControl=true&#038;measureControl=true&#038;locateControl=true\"><\/iframe><\/p>\n","protected":false},"excerpt":{"rendered":"<p>Liebe Mitglieder und Freunde des RC 03 Ilbenstadt, Sonne satt, gutes Wetter allenthalben. Allein dem Sonnenschutz muss Rechnung getragen werden. W\u00e4hrend der Radwanderfachwart seinen Urlaub genie\u00dft , l\u00e4dt unser Radwanderkollege Gert Schmitt herzlich zu dieser Tour ein: Start am Mittwoch, &hellip; <a href=\"https:\/\/www.rc03-ilbenstadt.de\/?p=11571\">Weiterlesen <span class=\"meta-nav\">&rarr;<\/span><\/a><\/p>\n","protected":false},"author":9,"featured_media":10165,"comment_status":"closed","ping_status":"closed","sticky":false,"template":"","format":"standard","meta":{"_crdt_document":"","footnotes":""},"categories":[1],"tags":[],"class_list":["post-11571","post","type-post","status-publish","format-standard","has-post-thumbnail","hentry","category-allgemein"],"_links":{"self":[{"href":"https:\/\/www.rc03-ilbenstadt.de\/index.php?rest_route=\/wp\/v2\/posts\/11571","targetHints":{"allow":["GET"]}}],"collection":[{"href":"https:\/\/www.rc03-ilbenstadt.de\/index.php?rest_route=\/wp\/v2\/posts"}],"about":[{"href":"https:\/\/www.rc03-ilbenstadt.de\/index.php?rest_route=\/wp\/v2\/types\/post"}],"author":[{"embeddable":true,"href":"https:\/\/www.rc03-ilbenstadt.de\/index.php?rest_route=\/wp\/v2\/users\/9"}],"replies":[{"embeddable":true,"href":"https:\/\/www.rc03-ilbenstadt.de\/index.php?rest_route=%2Fwp%2Fv2%2Fcomments&post=11571"}],"version-history":[{"count":5,"href":"https:\/\/www.rc03-ilbenstadt.de\/index.php?rest_route=\/wp\/v2\/posts\/11571\/revisions"}],"predecessor-version":[{"id":11588,"href":"https:\/\/www.rc03-ilbenstadt.de\/index.php?rest_route=\/wp\/v2\/posts\/11571\/revisions\/11588"}],"wp:featuredmedia":[{"embeddable":true,"href":"https:\/\/www.rc03-ilbenstadt.de\/index.php?rest_route=\/wp\/v2\/media\/10165"}],"wp:attachment":[{"href":"https:\/\/www.rc03-ilbenstadt.de\/index.php?rest_route=%2Fwp%2Fv2%2Fmedia&parent=11571"}],"wp:term":[{"taxonomy":"category","embeddable":true,"href":"https:\/\/www.rc03-ilbenstadt.de\/index.php?rest_route=%2Fwp%2Fv2%2Fcategories&post=11571"},{"taxonomy":"post_tag","embeddable":true,"href":"https:\/\/www.rc03-ilbenstadt.de\/index.php?rest_route=%2Fwp%2Fv2%2Ftags&post=11571"}],"curies":[{"name":"wp","href":"https:\/\/api.w.org\/{rel}","templated":true}]}}