{"id":11590,"date":"2023-06-14T08:20:42","date_gmt":"2023-06-14T06:20:42","guid":{"rendered":"https:\/\/www.rc03-ilbenstadt.de\/?p=11590"},"modified":"2023-06-14T08:39:43","modified_gmt":"2023-06-14T06:39:43","slug":"ilbenstaedter-radtourenaus-dem-niddatal-zur-keltenwelt-und-keltenfuerstradwanderung-am-donnerstag-den-15-juni-2023der-keltenfuersterst-umrundet-dann-besucht","status":"publish","type":"post","link":"https:\/\/www.rc03-ilbenstadt.de\/?p=11590","title":{"rendered":"Ilbenst\u00e4dter Radtouren<br>&#8222;Aus dem Niddatal zu Keltenwelt und Keltenf\u00fcrst&#8220;<br><br>Radwanderung am Donnerstag, den 15. Juni 2023<br><br>Der Keltenf\u00fcrst<br>Erst umrundet, dann besucht<br><br><br>"},"content":{"rendered":"<p><strong>Liebe Mitglieder und Freunde des RC 03 Ilbenstadt,<\/strong><\/p>\n<p>Gutes Radfahrwetter kann auch hei\u00dfen, dass es nicht mehr ganz so hei\u00df ist. Ein Wechsel von Sonne und Wolken erwartet uns. Einzelne Schauer sind in Hessens Osten zu erwarten. Radwanderfachwart Erwin Loscher l\u00e4dt zu einer Fahrt gen Osten herzlich ein und wir alle hoffen, dass er mit uns im Schlepptau rechtzeitig die Kurve kriegt. Wann geht es los?<\/p>\n<p><strong>Start am Donnerstag, den 15. Juni 2023<\/strong><br \/>\n<strong>um 09:00 Uhr an der Wickst\u00e4dter Niddabr\u00fccke<\/strong><br \/>\n<strong>um 09:20 Uhr an der Ober-Florst\u00e4dter Niddabr\u00fccke f\u00fcr die Bingenheimer\/Echzeller Gruppe<\/strong><\/p>\n<p>&#8222;Von den Niddaauen in die Keltenwelt&#8220;, so umrei\u00dft Erwin das donnerst\u00e4gliche Radelprogramm. Die Tour in Form einer &#8222;unechten Acht&#8220;, die eher mit zwei Dreiern zu beschreiben ist, deren offene Seiten zur Bildung der &#8222;8&#8220; aneinandergelegt wurden, umschlie\u00dft in ihrer letzten Schleife den Glauberg.   <!--more--><\/p>\n<p>Wir starten auf dem Niddaradweg bei Wickstadt, treffen an der Ober-Florst\u00e4dter Br\u00fccke unsere Echzeller- und Bingenheimer Gruppe, und verlassen das Niddatal in H\u00f6he Nieder-Mockstadt. Durch den noch k\u00fchlen Wald steuern wir Heegheim an und fangen alsbald die Glaubergrunde \u00fcber Glauberg, Stockheim, Bleichenbach, Aulendiebach, B\u00fcches und D\u00fcdelsheim an.<br \/>\nD\u00fcdelsheim, der B\u00fcdinger Ortsteil mit rund 2.700 Einwohnern am Puls der B 519 und von der Deutschen Bahn in einem weiten Bogen gemieden, k\u00f6nnte, fast idyllisch am Seemenbach liegend, mit seinen Pfunden wuchern. Dies scheint leichter gesagt als getan. W\u00e4hrend in vergangenen Zeiten Durchreisende in der ein oder anderen Ortschaft gerne Station machten, sich verpflegten, gar die ein oder andere Nacht blieben, fallen Orte wie D\u00fcdelsheim lediglich als Hemmschuh bei geschwindigkeitsbeschr\u00e4nkten Durchfahrten auf. Dabei begann der Ort aussichtsreich, wurde am 16. August 782 als Dudilesheim im Lorscher Codex erw\u00e4hnt und h\u00e4tte sicherlich als Siedlungsraum &#8222;Tutilosheim&#8220; des fr\u00e4nkischen Adligen Tutilo,  beim fr\u00e4nkischen K\u00f6nig und r\u00f6mischen Kaiser Karl der Gro\u00dfe einen Stein im Brett gehabt, wenn er davon gewusst h\u00e4tte. So entwickelte sich mit den Herren von D\u00fcdelsheim ein Niederadligengeschlecht, das 1602 immerhin auf 74 Untertanen blicken konnte. Bemerkenswert ist das Brauen von gehopftem Bier und der Weinbau. Dass sich diese nette Tradition nicht bis heute fortsetzte, lie\u00df schon 1695 Graf Carl August von Ysenburg-B\u00fcdingen zu Marienborn erkennen, der den Wein als &#8222;rau&#8220; charakterisierte, den man &#8222;annehmen m\u00fcsse, wie Gott ihn gibt&#8220;. Auswandern, das konnten die D\u00fcdelsheimer. Trieb sie der Wein nach Ungarn, Russland, Brasilien und Nordamerika? Unwahrscheinlich klingt das nicht, h\u00e4lt man sich Graf Carl Augusts Einsch\u00e4tzung des Rebensaftes vor Augen. Eine Macht haben sich die D\u00fcdelsheimer bis heute bewahrt: Sie erhalten den B\u00fcdinger Markt, denn bis heute gilt: &#8222;D\u00e4i Beuringer konne kaan M\u00e4rt haale, wann mir Dilsemer n\u00e4it komme&#8220;. Diese Gr\u00f6\u00dfe muss man erst mal haben. (<a href=\"https:\/\/de.wikipedia.org\/wiki\/D%C3%BCdelsheim\">Quelle: D\u00fcdelsheim in Wikipedia<\/a>)<\/p>\n<p>Verlassen wir D\u00fcdelsheim, lassen dessen Weinberg rechts liegen und biegen in Richtung Nord ab, um bergan die  <a href=\"https:\/\/www.keltenwelt-glauberg.de\/\">Keltenwelt<\/a>  zu erst\u00fcrmen.  Ihr habt richtig geh\u00f6rt, es geht nach oben. Erwin lernt mit jeder Tour. Nachdem ihr ihm am 10. Juni 2022 die  <a href=\"https:\/\/www.rc03-ilbenstadt.de\/?page_id=10765\" target=\"_blank\" rel=\"noopener\">Gefolgschaft in die Keltenwelt<\/a> verweigert habt, hat er nun die Rast auf der H\u00f6he gesetzt.<br \/>\nVon Weitem dominiert auf dem Glauberg ein rostiger Monolith, eine Reminiszenz an die Eisenzeit, der das Keltenmuseum beheimatet und \u00fcber den Arch\u00e4ologischen Park mit  H\u00fcgelgrab &#8222;wacht&#8220;. Hier lassen wir Geschichte beiseite, Das Museumsbistro ist unser Ziel. Kaffee und Kuchen lassen sich auf der Terrasse unter dem schattenspendenden Museums\u00fcberhang bei einem grandiosen Rundumblick in die Wetterau und weit dar\u00fcber hinaus nicht besser konsumieren.<\/p>\n<p>Nach der Rast fahren wir ab nach Glauberg. Im Tal der Nidder ist wieder Druck auf den Pedalen gefragt. Wir fahren auf dem Vulkanradweg von Glauberg \u00fcber Enzheim, Lindheim und Altenstadt nach H\u00f6chst. Hier hat die Rollerei wieder mal ein Ende, es geht durch den k\u00fchlen Hessenwald nach Wickstadt zur\u00fcck.<\/p>\n<p> In Wickstadt liegt die rund 55  Kilometer lange Tour mit ihren 465 H\u00f6henmetern hinter uns. Wer auf Tourenrad oder Mountainbike sa\u00df, hat die richtige Wahl f\u00fcr diese Tour  getroffen.<\/p>\n<p>Ist das Interesse geweckt, freut sich der RC 03 Ilbenstadt auf eine rege Teilnahme.<br \/>\nErwin Loscher ist f\u00fcr R\u00fcckfragen unter der Telefonnummer 01512 02 30 745 erreichbar.<\/p>\n<p>F\u00fcr das Radwanderteam<\/p>\n<p>Wilhelm Schr\u00f6der<br \/>\nFachbereichsleiter \u00d6ffentlichkeitsarbeit und Sport (RTF\/CTF)<\/p>\n<p>Streckendownload f\u00fcr Navigationsger\u00e4te:<br \/>\n<a href=\"https:\/\/rc03-ilbenstadt.de\/GPX\/GPX-RW\/RC03_RW_230615_Wickstadt_Um_und_Zum_Keltenf\u00fcrsten_55km\">Radwanderung aus dem Niddatal in die Welt des Keltenf\u00fcrsten<\/a><\/p>\n<p>Kartendarstellung:<br \/>\n<a href=\"http:\/\/umap.openstreetmap.fr\/de\/map\/rc03_rw_230615_um_und_zum_keltenfurst_55km_928308#14\/50.3016\/8.9016\" target=\"_blank\" rel=\"noopener\">Radwanderung aus dem Niddatal in die Welt des Keltenf\u00fcrsten<br \/>(Vollbildanzeige)<\/a><br \/>\n<iframe loading=\"lazy\" width=\"200%\" height=\"300px\" frameborder=\"0\" allowfullscreen allow=\"geolocation\" src=\"\/\/umap.openstreetmap.fr\/de\/map\/rc03_rw_230615_um_und_zum_keltenfurst_55km_928308?scaleControl=true&#038;miniMap=false&#038;scrollWheelZoom=false&#038;zoomControl=true&#038;allowEdit=false&#038;moreControl=true&#038;searchControl=true&#038;tilelayersControl=true&#038;embedControl=true&#038;datalayersControl=true&#038;onLoadPanel=undefined&#038;captionBar=false&#038;captionMenus=true&#038;fullscreenControl=true&#038;locateControl=true&#038;measureControl=true\"><\/iframe><\/p>\n","protected":false},"excerpt":{"rendered":"<p>Liebe Mitglieder und Freunde des RC 03 Ilbenstadt, Gutes Radfahrwetter kann auch hei\u00dfen, dass es nicht mehr ganz so hei\u00df ist. Ein Wechsel von Sonne und Wolken erwartet uns. Einzelne Schauer sind in Hessens Osten zu erwarten. Radwanderfachwart Erwin Loscher &hellip; <a href=\"https:\/\/www.rc03-ilbenstadt.de\/?p=11590\">Weiterlesen <span class=\"meta-nav\">&rarr;<\/span><\/a><\/p>\n","protected":false},"author":9,"featured_media":10165,"comment_status":"closed","ping_status":"closed","sticky":false,"template":"","format":"standard","meta":{"_crdt_document":"","footnotes":""},"categories":[1],"tags":[],"class_list":["post-11590","post","type-post","status-publish","format-standard","has-post-thumbnail","hentry","category-allgemein"],"_links":{"self":[{"href":"https:\/\/www.rc03-ilbenstadt.de\/index.php?rest_route=\/wp\/v2\/posts\/11590","targetHints":{"allow":["GET"]}}],"collection":[{"href":"https:\/\/www.rc03-ilbenstadt.de\/index.php?rest_route=\/wp\/v2\/posts"}],"about":[{"href":"https:\/\/www.rc03-ilbenstadt.de\/index.php?rest_route=\/wp\/v2\/types\/post"}],"author":[{"embeddable":true,"href":"https:\/\/www.rc03-ilbenstadt.de\/index.php?rest_route=\/wp\/v2\/users\/9"}],"replies":[{"embeddable":true,"href":"https:\/\/www.rc03-ilbenstadt.de\/index.php?rest_route=%2Fwp%2Fv2%2Fcomments&post=11590"}],"version-history":[{"count":5,"href":"https:\/\/www.rc03-ilbenstadt.de\/index.php?rest_route=\/wp\/v2\/posts\/11590\/revisions"}],"predecessor-version":[{"id":11597,"href":"https:\/\/www.rc03-ilbenstadt.de\/index.php?rest_route=\/wp\/v2\/posts\/11590\/revisions\/11597"}],"wp:featuredmedia":[{"embeddable":true,"href":"https:\/\/www.rc03-ilbenstadt.de\/index.php?rest_route=\/wp\/v2\/media\/10165"}],"wp:attachment":[{"href":"https:\/\/www.rc03-ilbenstadt.de\/index.php?rest_route=%2Fwp%2Fv2%2Fmedia&parent=11590"}],"wp:term":[{"taxonomy":"category","embeddable":true,"href":"https:\/\/www.rc03-ilbenstadt.de\/index.php?rest_route=%2Fwp%2Fv2%2Fcategories&post=11590"},{"taxonomy":"post_tag","embeddable":true,"href":"https:\/\/www.rc03-ilbenstadt.de\/index.php?rest_route=%2Fwp%2Fv2%2Ftags&post=11590"}],"curies":[{"name":"wp","href":"https:\/\/api.w.org\/{rel}","templated":true}]}}