{"id":11614,"date":"2023-09-26T15:00:16","date_gmt":"2023-09-26T13:00:16","guid":{"rendered":"https:\/\/www.rc03-ilbenstadt.de\/?p=11614"},"modified":"2023-09-27T07:44:28","modified_gmt":"2023-09-27T05:44:28","slug":"radtourenfahren-rtf-in-ilbenstadt47-herbst-rtf-wetterau-vogelsberg-rundfahrtmit-familientouram-sonntag-den-10-september-2023","status":"publish","type":"post","link":"https:\/\/www.rc03-ilbenstadt.de\/?p=11614","title":{"rendered":"Radtourenfahren (RTF) in Ilbenstadt<br>ANK\u00dcNDIGUNG<br><br>47. Herbst-RTF &#8222;Wetterau &#8211; Vogelsberg &#8211; Rundfahrt&#8220;<br>mit 4. GTF &#8222;Wetterauer Schottertour&#8220;<br>sowie Familien-und Trimmtour<br>am Sonntag, den 10. September 2023<br>"},"content":{"rendered":"<p><strong><font color=\"red\">Erstver\u00f6ffentlichung am 14.06.2023<\/font><\/strong><\/p>\n<p><strong>Liebe Radsportlerinnen, liebe Radsportler,<\/strong><\/p>\n<p>kaum konnten wir den Sommeranfang verk\u00fcnden, uns \u00fcber warme Tage freuen, schon sind wir in den Planungen mitten im Herbst. Bis Mitte Juli haben wir noch Zeit, um unsere Herbsttouren zur Genehmigung beim Regierungspr\u00e4sidium in Darmstadt einzureichen. Im Mittelpunkt stehen die Planungen und \u00dcberpr\u00fcfungen unserer RTF-Strecken. Aber auch bei den Gravelstrecken tut sich was. Bisher boten wir nur eine 82-Kilometertour an, die wir aktuell mit einer 51-Kilometerstrecke erg\u00e4nzen. <\/p>\n<p><strong>Was erwartet Euch zum herbstlichen Finale am<br \/>\nSonntag, den 10. September 2023 in Ilbenstadt?<\/strong><\/p>\n<p><strong><br \/>\nUnsere  RTF, die Wetterau-Vogelsberg-Rundfahrt mit Strecken von 32-, 40-, 77, 115- und 155 Kilometern und unsere 4. Wetterauer Schottertour, GPS-gef\u00fchrte Graveltouren (GTF) \u00fcber 51 und 82 Kilometer:<\/strong><!--more--><\/p>\n<ul>\n<li><strong>Radtourenfahrt (RTF) &#8222;47. Wetterau &#8211; Vogelsberg &#8211; Rundfahrt&#8220;<\/strong>\n<p> F\u00fcr jeden ist etwas dabei. Von der Familientour, die den Sauerbrunnen in Staden zum Ziel hat, bis hin zu abwechslungsreichen Runden in der Wetterau, die mit zunehmenden Streckenl\u00e4ngen sich immer weiter zum Vogelsberg hinziehen und in der K\u00f6nigsetappe auf dem Hohen Vogelsberg landschaftlich alle Leckerbissen der fr\u00fchherbstlichen Region um Ilbenstadt auf dem Tablett haben. Was wollen wir Radlerinnen und Radler mehr?<\/p>\n<\/li>\n<li><strong>Graveltourenfahrt (GTF) &#8222;4. Wetterauer Schottertour&#8220;<\/strong>\n<p>Die Wetterauer Schottertour orientiert sich grob an der 77-Kilometertour der RTF, ist 82 Kilometer lang und die geneigte Gravelfreundin, der geneigte Gravelfreund, fahren unsere Service- und Verpflegungspunkte in M\u00fcnzenberg und Staden an. Erg\u00e4nzt wird sie durch eine 51-Kilometertour, die den Servicepunkt in Staden im Streckenprofil hat.<br \/>\n\tDie GTF wird <strong>nicht<\/strong> ausgeschildert und ist nach GPS-Daten zu fahren. Beschilderungen anderer Touren sind mit Ausnahme der Servicepunkte M\u00fcnzenberg und Staden zu ignorieren.<br \/>\n\tDie Tour wird unter der RTF-Veranstaltungsnummer in die Wertungskarte f\u00fcr BDR-Fahrerinnen und Fahrer eingetragen. Die Anteile der Wegstrecken mit wassergebundener Decke sowie Erde- und Graswege sind gegen\u00fcber der Fr\u00fchjahrsstrecke erh\u00f6ht. Ansonsten ist Schotter immer im Spiel, auch versteckt unter Asphalt- und Betondecken im Unterbau der Wege. Dieses Ph\u00e4nomen tritt selbst im Wald bei wassergebunden Decken auf, deren feine Oberschicht mit einem Geovlies vom Schotter getrennt wird.<br \/>\n\tWir freuen uns, mit diesen naturnahen Strecken ein attraktives Angebot an die Gravelszene im Programm zu haben. Wir sind gespannt, ob die Gravelszene das Angebot des RC 03 Ilbenstadt in diesem Jahr entdeckt. Im Ilbenst\u00e4dter Revier ein Zweirad zu bewegen, das man dem immer weiter verbreitetend Typus des Gravelbikes zurechnet, ist kein Hexenwerk. Aber keine Angst, andere R\u00e4der funktionieren auf dieser Strecke auch, selbst ein Rennrad, das allerdings Paris-Roubaix-tauglich sein sollte.<br \/>\n\tDie 4. Wetterauer Schottertour wird nicht im Rahmen einer Serie ausgefahren. <\/p>\n<\/li>\n<\/ul>\n<p>  <strong><span style=\"color: #ff0000;\">Hier geht es zu den Ausschreibungen und Strecken:<\/span><\/strong><\/p>\n<ul>\n<li><a href=\"https:\/\/www.rc03-ilbenstadt.de\/?page_id=11598\" rel=\"noopener noreferrer\"><strong>Zur Radtourenfahrt (RTF)- und Graveltouren (GTF)-Ausschreibung<\/strong><\/a><\/li>\n<li><a href=\"http:\/\/umap.openstreetmap.fr\/de\/map\/rc03_ilbenstadt_rtf_9_2023-gesamt_947392#12\/50.4046\/9.1169\" target=\"_blank\" rel=\"noopener\"><strong>Zur Gesamtdarstellung aller Strecken<\/strong><\/a><\/li>\n<li><a href=\"https:\/\/www.rc03-ilbenstadt.de\/?page_id=11657\" rel=\"noopener noreferrer\"><strong>Zu den RTF- und GTF (Gravel-)-Strecken<\/strong><\/a><\/td>\n<\/li>\n<li><a href=\"https:\/\/www.rc03-ilbenstadt.de\/?page_id=11649\" rel=\"noopener noreferrer\"><strong>Zu denTeilnahmebedingungen<\/strong><\/a><\/td>\n<\/li>\n<\/ul>\n<p>  Wir w\u00fcnschen Euch ein \u00fcberw\u00e4ltigendes Radsporterlebnis im Fr\u00fchherbst der Saison<br \/>\n  sowie einen unfallfreien Verlauf.<\/p>\n<p>  <strong>F\u00fcr das Orga-Team <\/strong><\/p>\n<p>  Wilhelm Schr\u00f6der<br \/>\n  Fachbereichsleiter Kommunikation und Sport<\/p>\n","protected":false},"excerpt":{"rendered":"<p>Erstver\u00f6ffentlichung am 14.06.2023 Liebe Radsportlerinnen, liebe Radsportler, kaum konnten wir den Sommeranfang verk\u00fcnden, uns \u00fcber warme Tage freuen, schon sind wir in den Planungen mitten im Herbst. Bis Mitte Juli haben wir noch Zeit, um unsere Herbsttouren zur Genehmigung beim &hellip; <a href=\"https:\/\/www.rc03-ilbenstadt.de\/?p=11614\">Weiterlesen <span class=\"meta-nav\">&rarr;<\/span><\/a><\/p>\n","protected":false},"author":9,"featured_media":8311,"comment_status":"closed","ping_status":"closed","sticky":false,"template":"","format":"standard","meta":{"_crdt_document":"","footnotes":""},"categories":[1],"tags":[],"class_list":["post-11614","post","type-post","status-publish","format-standard","has-post-thumbnail","hentry","category-allgemein"],"_links":{"self":[{"href":"https:\/\/www.rc03-ilbenstadt.de\/index.php?rest_route=\/wp\/v2\/posts\/11614","targetHints":{"allow":["GET"]}}],"collection":[{"href":"https:\/\/www.rc03-ilbenstadt.de\/index.php?rest_route=\/wp\/v2\/posts"}],"about":[{"href":"https:\/\/www.rc03-ilbenstadt.de\/index.php?rest_route=\/wp\/v2\/types\/post"}],"author":[{"embeddable":true,"href":"https:\/\/www.rc03-ilbenstadt.de\/index.php?rest_route=\/wp\/v2\/users\/9"}],"replies":[{"embeddable":true,"href":"https:\/\/www.rc03-ilbenstadt.de\/index.php?rest_route=%2Fwp%2Fv2%2Fcomments&post=11614"}],"version-history":[{"count":5,"href":"https:\/\/www.rc03-ilbenstadt.de\/index.php?rest_route=\/wp\/v2\/posts\/11614\/revisions"}],"predecessor-version":[{"id":11845,"href":"https:\/\/www.rc03-ilbenstadt.de\/index.php?rest_route=\/wp\/v2\/posts\/11614\/revisions\/11845"}],"wp:featuredmedia":[{"embeddable":true,"href":"https:\/\/www.rc03-ilbenstadt.de\/index.php?rest_route=\/wp\/v2\/media\/8311"}],"wp:attachment":[{"href":"https:\/\/www.rc03-ilbenstadt.de\/index.php?rest_route=%2Fwp%2Fv2%2Fmedia&parent=11614"}],"wp:term":[{"taxonomy":"category","embeddable":true,"href":"https:\/\/www.rc03-ilbenstadt.de\/index.php?rest_route=%2Fwp%2Fv2%2Fcategories&post=11614"},{"taxonomy":"post_tag","embeddable":true,"href":"https:\/\/www.rc03-ilbenstadt.de\/index.php?rest_route=%2Fwp%2Fv2%2Ftags&post=11614"}],"curies":[{"name":"wp","href":"https:\/\/api.w.org\/{rel}","templated":true}]}}