{"id":11700,"date":"2023-06-30T20:19:02","date_gmt":"2023-06-30T18:19:02","guid":{"rendered":"https:\/\/www.rc03-ilbenstadt.de\/?p=11700"},"modified":"2023-07-01T17:48:45","modified_gmt":"2023-07-01T15:48:45","slug":"ilbenstaedter-radtourenwickstadt-heigenbruecken-buergstadt-wickstadtetappen-radwanderung-ab-donnerstag-den-29-juni-2023die-spessart-main-tour","status":"publish","type":"post","link":"https:\/\/www.rc03-ilbenstadt.de\/?p=11700","title":{"rendered":"Ilbenst\u00e4dter Radtouren<br>&#8222;Wickstadt-Heigenbr\u00fccken-B\u00fcrgstadt-Wickstadt&#8220;<br><br>Etappen-Radwanderung ab Donnerstag, den 29. Juni 2023<br><br>Die Spessart-Main-Tour<br><br><br>"},"content":{"rendered":"<p>Zum Ende des ersten Halbjahres 2023 sind unsere Radwanderer auf eine 3-Tagesfahrt gestartet. P\u00fcnktlich zum Beginn des zweiten Halbjahres wollen sie wieder zur\u00fcck in heimischen Gefilden sein.<\/p>\n<p>Nach dem k\u00fchlen und nassen Jahresstart sind die Radwanderer des RC 03 Ilbenstadt aktiv. Jede Woche sitzen sie im Sattel und gehen w\u00f6chentlich gemeinsam auf Tour. Rund um Assenheim und Wickstadt &#8211; die bevorzugten Startorte &#8211; wurde so manch attraktives Ziel angefahren, tolle Radwege in noch sch\u00f6nerer Landschaft genutzt und auch die Geheimtippsammlung zur Gestaltung ordentlicher Rasten best\u00e4tigt und erweitert. 60 bis 80 Kilometer kommen schon pro Ausfahrt zusammen; es darf auch ein bisschen mehr sein, wenn ein lohnendes Ziel lockt.<\/p>\n<p>Nun lockte ein Mehrtagesfahrt. Radwanderfachwart Erwin Loscher und Gert Schmitt haben die Fahrt von Wickstadt nach Heigenbr\u00fccken, B\u00fcrgstadt und von dort zur\u00fcck nach Wickstadt ausbaldowert:<\/p>\n<p><strong>Start am Donnerstag, dem 29. Juni 2023<br \/>\num 09:00 Uhr an der Wickst\u00e4dter Niddabr\u00fccke<br \/>\nR\u00fcckkehr am Samstag, dem 1. Juli 2023<br \/>\num 16:00 Uhr in Assenheim<\/strong><\/p>\n<p>Zum Start sammelten sich sieben unentwegte Pedaleure <!--more-->um Erwin. Man war zahlenm\u00e4\u00dfig etwas dezimiert, da durch eine unwetterbedingte Tourverlegung auch Absagen f\u00fcr den neuen Termin mit einhergingen. Dazu kam noch das Verletzungspech. Radfahren ist bei aller Vorsicht leider auch ein gefahrengeneigtes Vergn\u00fcgen. An dieser Stelle w\u00fcnschen wir den Verletzten eine Gute Besserung und halten nat\u00fcrlich bei der n\u00e4chsten Tour die Startpl\u00e4tze frei.<\/p>\n<p><strong>Der Start (Zum Vergr\u00f6\u00dfern anklicken):<\/strong><br \/>\n<a href=\"https:\/\/www.rc03-ilbenstadt.de\/wp-content\/uploads\/2023\/06\/B_RC03_RW_ETF_230629_230701_003_Wickstadt_Buergstadt.jpg\" rel=\"lightbox[11700]\"><img loading=\"lazy\" decoding=\"async\" class=\"aligncenter size-thumbnail wp-image-11698\" src=\"https:\/\/www.rc03-ilbenstadt.de\/wp-content\/uploads\/2023\/06\/B_RC03_RW_ETF_230629_230701_003_Wickstadt_Buergstadt.jpg\" alt=\"\" width=\"150\" height=\"150\" \/><\/a><br \/>\n<a href=\"https:\/\/www.rc03-ilbenstadt.de\/wp-content\/uploads\/2023\/06\/B_RC03_RW_ETF_230629_230701_004_Wickstadt_Buergstadt.jpg\" rel=\"lightbox[11700]\"><img loading=\"lazy\" decoding=\"async\" class=\"aligncenter size-thumbnail wp-image-11699\" src=\"https:\/\/www.rc03-ilbenstadt.de\/wp-content\/uploads\/2023\/06\/B_RC03_RW_ETF_230629_230701_004_Wickstadt_Buergstadt.jpg\" alt=\"\" width=\"150\" height=\"150\" \/><\/a><\/p>\n<p>Von Wickstadt geht es durch bekanntes Terrain an Kloster Engelthal vorbei \u00fcber Eichen nach Mark\u00f6bel auf den Limesradweg dem bis Kahl gefolgt wird. Ab Kahl nehmen wir den Kahl-Spessart-Radwanderweg unter die R\u00e4der, der auch mit R 4 ausgeschildert ist, dem 48 Kilometer langen Kahl &#8211; Habichtsthalradweg. Alzenau, Michelbach, Nieder-Steinbach, M\u00f6mbris, Schimborn, K\u00f6nigshofen und Sch\u00f6llkrippen sind einige Stationen auf dem Weg nach Heigenbr\u00fcck. An der Bamberger M\u00fchle entspringt die Kahl. Wir verlassen jetzt dieses Fl\u00fcsschen und erreichen \u00fcber Heinrichsthal das erste Ziel mit <a href=\"https:\/\/de.wikipedia.org\/wiki\/Heigenbr%C3%BCcken\">Heigenbr\u00fccken. <\/a><br \/>\nAn Tag Zwei nutzen wir &#8211; jetzt ohne die Kahl &#8211; weiter den Kahl-Spessart-Radwanderweg bis Lohr am Main. Hier verlassen wir die wunderbare H\u00fcgellandschaft des Spessart und fahren auf dem Mainradweg, der sich wiederum immer am Fluss und jeder Mainschleife folgend zum n\u00e4chsten Zwischenziel B\u00fcrgstadt hin windet. Wir erleben die Flusslandschaft in allen Facetten und rollen locker mainabw\u00e4rts; ein Genuss f\u00fcr die Sinne und dem ein oder anderen Plausch auf zwei R\u00e4dern. Bekannte St\u00e4dtchen, Marktheidenfeld und Wertheim liegen an der Strecke, aber auch viele kleinere Ortschaften, die uns nicht so gel\u00e4ufig sind, wie zum Beispiel <a href=\"https:\/\/de.wikipedia.org\/wiki\/Urphar\">Urphar<\/a> . Schon 775 wusste man, dass dort eine (Urfahre =) \u00dcberfahrt oder eine Furt die Main\u00fcberquerung erm\u00f6glichte. Wir wechseln hier nicht an das andere Ufer.<br \/>\n<a href=\"https:\/\/de.wikipedia.org\/wiki\/B%C3%BCrgstadt\">B\u00fcrgstadt<\/a> , unser letzter \u00dcbernachtungsort auf dieser Tour, liegt unmittelbar vor Miltenberg am Main und &#8222;verbindet&#8220; mit seiner Gemarkung Odenwald und Spessart.<br \/>\nAm dritten Tag geht es wieder in Richtung Heimat. Die Ortsnamen mit Aschaffenburg und Seligenstadt klingen wieder vertrauter. in Hanau k\u00f6nnte von dem ein oder anderen die Deutsche Bahn als Transporthilfsmittel bis Assenheim genutzt werden. Entscheidungskriterium wird die Wetterentwicklung sein. Ob nun per Bahn oder per Muskelkraft auf eigenem Zweirad, das Ziel Assenheim ruft. Mit Langendiebach, Mark\u00f6bel und H\u00f6chst ist dieser Teil des R\u00fcckweges schnell charakterisiert. Bei gutem Wetter k\u00f6nnte der letzte (Zwangs)-Aufenthalt in einer bekannten Florst\u00e4dter Eisdiele stattfinden, um Kraft f\u00fcr die letzten Meter zu finden.<\/p>\n<p>Rund 304 Kilometer (91,7, 96,8 und 105,4 km) und 1790 H\u00f6henmeter werden im Ziel hinter den Etappenfahrern liegen. Seid gespannt auf deren Berichte.<\/p>\n<p>Wer diese Tour nachempfinden m\u00f6chte, kann dies hier tun:<\/p>\n<p>Streckendownload f\u00fcr Navigationsger\u00e4te:<br \/>\n<a href=\"https:\/\/rc03-ilbenstadt.de\/GPX\/GPX-RW-ETF\/RC03_RW_ETF1_230629_Wickstadt_Heigenbr\u00fccken.gpx\">Etappe 1 &#8211; Wickstadt &#8211; Heigenbr\u00fccken, 91,7 km\/835 Hm<\/a><br \/>\n<a href=\"https:\/\/rc03-ilbenstadt.de\/GPX\/GPX-RW-ETF\/RC03_RW_ETF2_230630_Heigenbr\u00fccken _B\u00fcrgstadt.gpx\">Etappe 2 &#8211; Heigenbr\u00fccken &#8211; B\u00fcrgstadt, 96,8 km\/465 Hm<\/a><br \/>\n<a href=\"https:\/\/rc03-ilbenstadt.de\/GPX\/GPX-RW-ETF\/RC03_RW_ETF3_230701_B\u00fcrgstadt_Wickstadt\">Etappe 3 &#8211; B\u00fcrgstadt &#8211; Wickstadt, 105,4 km\/430 Hm<\/a><\/p>\n<p>Kartendarstellung:<br \/>\n<a href=\"http:\/\/umap.openstreetmap.fr\/de\/map\/rc03_rw_etf_wickstadt_heigenbrucken_burgstadt_934896#12\/50.2093\/8.8121\" target=\"_blank\" rel=\"noopener\">Etappenfahrt der Radwanderer  &#8222;Wickstadt, Heigenbr\u00fccken, B\u00fcrgstadt, Wickstadt&#8220;<br \/>(Vollbildanzeige)<\/a><br \/>\n<iframe loading=\"lazy\" width=\"200%\" height=\"300px\" frameborder=\"0\" allowfullscreen allow=\"geolocation\" src=\"\/\/umap.openstreetmap.fr\/de\/map\/rc03_rw_etf_wickstadt_heigenbrucken_burgstadt_934896?scaleControl=true&#038;miniMap=false&#038;scrollWheelZoom=true&#038;zoomControl=true&#038;allowEdit=false&#038;moreControl=true&#038;searchControl=true&#038;tilelayersControl=true&#038;embedControl=true&#038;datalayersControl=true&#038;onLoadPanel=undefined&#038;captionBar=false&#038;captionMenus=true&#038;fullscreenControl=true&#038;locateControl=true&#038;measureControl=true\"><\/iframe><\/p>\n","protected":false},"excerpt":{"rendered":"<p>Zum Ende des ersten Halbjahres 2023 sind unsere Radwanderer auf eine 3-Tagesfahrt gestartet. P\u00fcnktlich zum Beginn des zweiten Halbjahres wollen sie wieder zur\u00fcck in heimischen Gefilden sein. Nach dem k\u00fchlen und nassen Jahresstart sind die Radwanderer des RC 03 Ilbenstadt &hellip; <a href=\"https:\/\/www.rc03-ilbenstadt.de\/?p=11700\">Weiterlesen <span class=\"meta-nav\">&rarr;<\/span><\/a><\/p>\n","protected":false},"author":9,"featured_media":10165,"comment_status":"closed","ping_status":"closed","sticky":false,"template":"","format":"standard","meta":{"_crdt_document":"","footnotes":""},"categories":[1],"tags":[],"class_list":["post-11700","post","type-post","status-publish","format-standard","has-post-thumbnail","hentry","category-allgemein"],"_links":{"self":[{"href":"https:\/\/www.rc03-ilbenstadt.de\/index.php?rest_route=\/wp\/v2\/posts\/11700","targetHints":{"allow":["GET"]}}],"collection":[{"href":"https:\/\/www.rc03-ilbenstadt.de\/index.php?rest_route=\/wp\/v2\/posts"}],"about":[{"href":"https:\/\/www.rc03-ilbenstadt.de\/index.php?rest_route=\/wp\/v2\/types\/post"}],"author":[{"embeddable":true,"href":"https:\/\/www.rc03-ilbenstadt.de\/index.php?rest_route=\/wp\/v2\/users\/9"}],"replies":[{"embeddable":true,"href":"https:\/\/www.rc03-ilbenstadt.de\/index.php?rest_route=%2Fwp%2Fv2%2Fcomments&post=11700"}],"version-history":[{"count":5,"href":"https:\/\/www.rc03-ilbenstadt.de\/index.php?rest_route=\/wp\/v2\/posts\/11700\/revisions"}],"predecessor-version":[{"id":11712,"href":"https:\/\/www.rc03-ilbenstadt.de\/index.php?rest_route=\/wp\/v2\/posts\/11700\/revisions\/11712"}],"wp:featuredmedia":[{"embeddable":true,"href":"https:\/\/www.rc03-ilbenstadt.de\/index.php?rest_route=\/wp\/v2\/media\/10165"}],"wp:attachment":[{"href":"https:\/\/www.rc03-ilbenstadt.de\/index.php?rest_route=%2Fwp%2Fv2%2Fmedia&parent=11700"}],"wp:term":[{"taxonomy":"category","embeddable":true,"href":"https:\/\/www.rc03-ilbenstadt.de\/index.php?rest_route=%2Fwp%2Fv2%2Fcategories&post=11700"},{"taxonomy":"post_tag","embeddable":true,"href":"https:\/\/www.rc03-ilbenstadt.de\/index.php?rest_route=%2Fwp%2Fv2%2Ftags&post=11700"}],"curies":[{"name":"wp","href":"https:\/\/api.w.org\/{rel}","templated":true}]}}