{"id":11782,"date":"2023-09-26T15:38:00","date_gmt":"2023-09-26T13:38:00","guid":{"rendered":"https:\/\/www.rc03-ilbenstadt.de\/?p=11782"},"modified":"2023-09-27T13:29:53","modified_gmt":"2023-09-27T11:29:53","slug":"aaa-2","status":"publish","type":"post","link":"https:\/\/www.rc03-ilbenstadt.de\/?p=11782","title":{"rendered":"Radtourenfahren (RTF) in Ilbenstadt<br>BERICHT<br><br>47. Herbst-RTF &#8222;Wetterau &#8211; Vogelsberg &#8211; Rundfahrt&#8220;<br>mit 4. GTF &#8222;Wetterauer Schottertour&#8220;<br>sowie Familien-und Trimmtour<br>am Sonntag, den 10. September 2023<br>"},"content":{"rendered":"<p><span style=\"color: #ff0000;\">Ein Rad beim Aus- oder Einparken umgeworfen? &#8211; Bitte melden!<br \/>\nAm Radst\u00e4nder gegen\u00fcber unseres Orga-Zeltes wurde leider das Schaltauge\/das Schaltwerk eines Rades besch\u00e4digt. Der Schadenseintritt muss nicht bemerkt worden sein.<br \/>\nDer Gesch\u00e4digte ist hier bekannt. Eine Haftpflichtversicherung besteht letztlich durch die Sportversicherung. <\/span><\/strong><\/p>\n<p><strong>Unser Bericht:<\/strong><br \/>\nAuch die zweite Radtourenfahrt (RTF) in diesem Jahr, wieder begleitet durch eine Graveltour (GTF) &#8211; im n\u00e4chsten Jahr offiziell als &#8222;Gravelride&#8220; bezeichnet &#8211; wurde bei strahlendem Sonnenschein von unseren zahlreichen Helferinnen und Helfern organisatorisch auf die Beine gestellt und durchgef\u00fchrt.<!--more--> Dies ist nicht selbstverst\u00e4ndlich! Schauen wir uns den hessischen Teil des Breitensportkalenders unseres Bundesverbandes BDR (Bund Deutscher Radfahrer) an, so fallen gegen\u00fcber pandemisch unbeeinflussten Jahren gro\u00dfe L\u00fccken auf, die in diesem Jahr durch f\u00fcnf spontane Absagen von Veranstaltungen vergr\u00f6\u00dfert wurden. Davon betrafen vier Absagen organisatorische Probleme (= Helfermangel) und eine Absage Coronaerkrankungen des Orga-Teams). Verbinden wir diese gro\u00dffl\u00e4chig aufgetretene Problemlage mit dem schon in den Vorjahren zu beobachtendem Nachlass des Interesses an den bundesweit angebotenen  RTF, CTF und Graveltouren an Feiertagen und Wochenenden, gibt es schon Anlass zur Sorge. Lebt doch die bundesweite Breitenradsportfamilie vom gegenseitigen, vielf\u00e4ltigen und bunten Angebot der Mitgliedsvereine. Das Ruder muss herumgerissen werden; die Richtung muss stimmen!<br \/>\n<center><img decoding=\"async\" src=\"https:\/\/www.rc03-ilbenstadt.de\/wp-content\/uploads\/2022\/04\/Logo_Krombacher_BDR.jpg\"><\/center><br \/>\nBleiben wir bei unserer RTF und dem erfreulichen Engagement unserer Helferinnen und Helfer, die auch Unterst\u00fctzung aus unserem Nachbarverein, den W\u00f6lfersheimer Sandhasen, erhalten haben.<br \/>\n400 Radlerinnen und Radler gingen in Ilbenstadt an den Start, bevor der Tau des Morgens von der Sonne getrocknet werden konnte. Den Teilnehmerinnen und Teilnehmern an der 47. Wetterau-Vogelsberg-Rundfahrt (RTF) standen f\u00fcnf Strecken zur Auswahl: \u00dcber 32 Kilometer (Familien- und Trimmtour), 40, 77, 115 oder 155 Kilometer konnten unter die R\u00e4der genommen werden. Ohne Zeitdruck wurde die Wetterau erfahren, die sich zum Herbstanfang  in ungewohnt sattem Gr\u00fcn pr\u00e4sentierte; allein die abgeernteten und vielfach wieder bestellten Getreidefelder legten Zeugnis von der fortgeschrittenen Jahreszeit ab. Eine unerschrockene 74 -k\u00f6pfige Radlerschar wollte es wissen und nahm die Tour in den Hohen Vogelsberg unter die R\u00e4der. Hart am Gipfel des Hoherodskopfes vorbei summierten sich hier mehr als 1.600 H\u00f6henmeter. Doch allen Radlerinnen und Radlern geb\u00fchrt unser Respekt, die sich je nach Trainingsstand und\/oder Zeitbudget auf eine der Strecken gemacht haben.<br \/>\nEtwa alle 30 Kilometer war ein Servicepunkt eingerichtet, der den reichlich erforderlichen Fl\u00fcssigkeitsnachschub bei dem hei\u00dfen Wetter sicherstellte, Bananen, Geb\u00e4ck, letzteres teilweise mit Haselnusscreme oder Konfit\u00fcre veredelt, rundete das Angebot ab.<br \/>\nParallel konnten sich die 17 Freundinnen und Freunde des Gravelns (Gravel (engl.) = Schotter) \u00fcber 51 oder 82 Kilometer abseits des Stra\u00dfenverkehrs auf mehr oder minder naturbelassenen Wegen austoben. Na ja, zu Teilen war der Schotter mit Asphalt oder Beton angedeckt, doch bei manchen Wegabschnitten, konnte man ihn schon wieder unter dem Sattel sp\u00fcren. Im Gegensatz zu den RTF-Strecken waren die Gravelstrecken nicht ausgeschildert, doch f\u00fchrten die GPS-Signale alle Pedaleure sicher \u00fcber die Strecken, lie\u00dfen die Servicepunkte nicht aus und vereinigte alle wieder an Start und Ziel. <\/p>\n<p>Nach der Tour sa\u00df man wieder zusammen. Der Gesp\u00e4chsstoff ging rund um das Radfahren und dar\u00fcber hinaus nicht aus. Getr\u00e4nke, Kaffee, Kuchen, Leckeres vom Grill, Pommes und gar Kartoffelpuffer mit Apfelmus sorgten daf\u00fcr, die leergefahrenen Speicher wieder zu f\u00fcllen.<br \/>\nDen Wettbewerb der BDR-Vereine entschied der RV Ober-M\u00f6rlen klar zu seinen Gunsten. Auf den Pl\u00e4tzen folgten die starken Mannschaften  des Radteams Neu-Isenburg und des RV Wanderlust Gambach.  Neben einer Flasche Secco gab es f\u00fcr die platzierten Mannschaften Startberechtigungen einer Ilbenst\u00e4dter RTF, CTF oder GTF in 2024 \u00fcber 8, 6 und 4 Pl\u00e4tze.<br \/>\nDen Wanderpokal der Firma <span style=\"font-size: small;\"><a title=\"TRADECONNECTIONKREBS\" href=\"https:\/\/www.tc-krebs.de\/\" target=\"_blank\" rel=\"noopener\"><strong>TRADE<span style=\"color: #999999;\">CONNECTION<\/span>KREBS<\/strong><\/a> &#8211; Digitale Mediengestaltung und Werbung<\/span>, vergeben zur Teilnahme an der Familien- und Trimmtour, errang der Turnverein Ilbenstadt. Dazu gab es Medaillen f\u00fcr Kinder. Regionale Fl\u00fcssigkeiten zur Siegerehrung gab es nat\u00fcrlich auf Wunsch mit oder ohne Suchtpotential.<br \/>\n<center><img><a href=\"https:\/\/www.rc03-ilbenstadt.de\/wp-content\/uploads\/2023\/09\/B_RC03_RTF_GTF_230910_022a_Ilbenstadt_W-WEB.jpg\" rel=\"lightbox[11782]\"><img loading=\"lazy\" decoding=\"async\" class=\"aligncenter size-thumbnail wp-image-11815\" src=\"https:\/\/www.rc03-ilbenstadt.de\/wp-content\/uploads\/2023\/09\/B_RC03_RTF_GTF_230910_022a_Ilbenstadt_W-WEB.jpg\" alt=\"\" width=\"150\" height=\"150\" \/><\/a><\/center><br \/>\n<strong>Siegerehrung<\/strong> (Bilder zur Vergr\u00f6\u00dferung anklicken):<br \/>\n1. Platz RV Ober-M\u00f6rlen (2.und 3. von links, 2. Platz: RT Neu-Isenburg (6. von links),<br \/>\n3. Platz RVW Gambach (4. von links)<br \/>\n1. Platz Familien- und Trimmtour, TV Ilbenstadt (5. von links)<\/p>\n<p>Der RC 03 Ilbenstadt dankt herzlich allen Radsportlerinnen und Radsportlern f\u00fcr die Teilnahme sowie unseren Helferinnen und Helfern f\u00fcr ihren unerm\u00fcdlichen Einsatz.<br \/>\nWir freuen uns auf 2024 und halten allen am 17. M\u00e4rz und am 8. September &#8211; so die Planung &#8211; schon heute einen Startplatz frei.<\/p>\n<p><strong>Impressionen von unserer Herbst-RTF:<\/strong><br \/>\nBilder: Jenni H., Dieter W. I. Schr\u00f6der<\/p>\n<table>\n<tbody>\n<tr>\n<td style=\"width: 33.3333%;\"><a href=\"https:\/\/www.rc03-ilbenstadt.de\/wp-content\/uploads\/2023\/09\/B_RC03_RTF_GTF_230910_023_Ilbenstadt_W-WEB.jpg\" rel=\"lightbox[11782]\"><img loading=\"lazy\" decoding=\"async\" class=\"aligncenter size-thumbnail wp-image-11801\" src=\"https:\/\/www.rc03-ilbenstadt.de\/wp-content\/uploads\/2023\/09\/B_RC03_RTF_GTF_230910_023_Ilbenstadt_W-WEB.jpg\" alt=\"\" width=\"150\" height=\"150\" \/><\/a><\/td>\n<td style=\"width: 33.3333%;\"><a href=\"https:\/\/www.rc03-ilbenstadt.de\/wp-content\/uploads\/2023\/09\/B_RC03_RTF_GTF_230910_034_Ilbenstadt_W-WEB.jpg\" rel=\"lightbox[11782]\"><img loading=\"lazy\" decoding=\"async\" class=\"aligncenter size-thumbnail wp-image-11802\" src=\"https:\/\/www.rc03-ilbenstadt.de\/wp-content\/uploads\/2023\/09\/B_RC03_RTF_GTF_230910_034_Ilbenstadt_W-WEB.jpg\" alt=\"\" width=\"150\" height=\"150\" \/><\/a><\/td>\n<td style=\"width: 33.3333%;\"><a href=\"https:\/\/www.rc03-ilbenstadt.de\/wp-content\/uploads\/2023\/09\/B_RC03_RTF_GTF_230910_040_Ilbenstadt_I-WEB.jpg\" rel=\"lightbox[11782]\"><img loading=\"lazy\" decoding=\"async\" class=\"aligncenter size-thumbnail wp-image-11804\" src=\"https:\/\/www.rc03-ilbenstadt.de\/wp-content\/uploads\/2023\/09\/B_RC03_RTF_GTF_230910_040_Ilbenstadt_I-WEB.jpg\" alt=\"\" width=\"150\" height=\"150\" \/><\/a><\/td>\n<\/tr>\n<tr>\n<td style=\"width: 33.3333%;\"><a href=\"https:\/\/www.rc03-ilbenstadt.de\/wp-content\/uploads\/2023\/09\/B_RC03_RTF_GTF_230910_060_Ilbenstadt_SP_Bleichenbach_j-WEB.jpg\" rel=\"lightbox[11782]\"><img loading=\"lazy\" decoding=\"async\" class=\"aligncenter size-thumbnail wp-image-11808\" src=\"https:\/\/www.rc03-ilbenstadt.de\/wp-content\/uploads\/2023\/09\/B_RC03_RTF_GTF_230910_060_Ilbenstadt_SP_Bleichenbach_j-WEB.jpg\" alt=\"\" width=\"150\" height=\"150\" \/><\/a><\/td>\n<td style=\"width: 33.3333%;\"><a href=\"https:\/\/www.rc03-ilbenstadt.de\/wp-content\/uploads\/2023\/09\/B_RC03_RTF_GTF_230910_062_Ilbenstadt_SP_Bleichenbach_j-WEB.jpg\" rel=\"lightbox[11782]\"><img loading=\"lazy\" decoding=\"async\" class=\"aligncenter size-thumbnail wp-image-11809\" src=\"https:\/\/www.rc03-ilbenstadt.de\/wp-content\/uploads\/2023\/09\/B_RC03_RTF_GTF_230910_062_Ilbenstadt_SP_Bleichenbach_j-WEB.jpg\" alt=\"\" width=\"150\" height=\"150\" \/><\/a><\/td>\n<td style=\"width: 33.3333%;\"><a href=\"https:\/\/www.rc03-ilbenstadt.de\/wp-content\/uploads\/2023\/09\/B_RC03_RTF_GTF_230910_068_Ilbenstadt_SP_Bleichenbach_j-WEB.jpg\" rel=\"lightbox[11782]\"><img loading=\"lazy\" decoding=\"async\" class=\"aligncenter size-thumbnail wp-image-11810\" src=\"https:\/\/www.rc03-ilbenstadt.de\/wp-content\/uploads\/2023\/09\/B_RC03_RTF_GTF_230910_068_Ilbenstadt_SP_Bleichenbach_j-WEB.jpg\" alt=\"\" width=\"150\" height=\"150\" \/><\/a><\/td>\n<\/tr>\n<tr>\n<td style=\"width: 33.3333%;\"><a href=\"https:\/\/www.rc03-ilbenstadt.de\/wp-content\/uploads\/2023\/09\/B_RC03_RTF_GTF_230910_070_Ilbenstadt_SP_Bleichenbach_j-WEB.jpg\" rel=\"lightbox[11782]\"><img loading=\"lazy\" decoding=\"async\" class=\"aligncenter size-thumbnail wp-image-11811\" src=\"https:\/\/www.rc03-ilbenstadt.de\/wp-content\/uploads\/2023\/09\/B_RC03_RTF_GTF_230910_070_Ilbenstadt_SP_Bleichenbach_j-WEB.jpg\" alt=\"\" width=\"150\" height=\"150\" \/><\/a><\/td>\n<td style=\"width: 33.3333%;\"><a href=\"https:\/\/www.rc03-ilbenstadt.de\/wp-content\/uploads\/2023\/09\/B_RC03_RTF_GTF_230910_108_Ilbenstadt_SP_L3168_DW-WEB.jpg\" rel=\"lightbox[11782]\"><img loading=\"lazy\" decoding=\"async\" class=\"aligncenter size-thumbnail wp-image-11812\" src=\"https:\/\/www.rc03-ilbenstadt.de\/wp-content\/uploads\/2023\/09\/B_RC03_RTF_GTF_230910_108_Ilbenstadt_SP_L3168_DW-WEB.jpg\" alt=\"\" width=\"150\" height=\"150\" \/><\/a><\/td>\n<td style=\"width: 33.3333%;\"><a href=\"https:\/\/www.rc03-ilbenstadt.de\/wp-content\/uploads\/2023\/09\/B_RC03_RTF_GTF_230910_131_Ilbenstadt_SP_L3168_DW-WEB.jpg\" rel=\"lightbox[11782]\"><img loading=\"lazy\" decoding=\"async\" class=\"aligncenter size-thumbnail wp-image-11813\" src=\"https:\/\/www.rc03-ilbenstadt.de\/wp-content\/uploads\/2023\/09\/B_RC03_RTF_GTF_230910_131_Ilbenstadt_SP_L3168_DW-WEB.jpg\" alt=\"\" width=\"150\" height=\"150\" \/><\/a><\/td>\n<\/tr>\n<tr>\n<td style=\"width: 33.3333%;\"><a href=\"https:\/\/www.rc03-ilbenstadt.de\/wp-content\/uploads\/2023\/09\/B_RC03_RTF_GTF_230910_135_Ilbenstadt_SP_L3168_DW-WEB.jpg\" rel=\"lightbox[11782]\"><img loading=\"lazy\" decoding=\"async\" class=\"aligncenter size-thumbnail wp-image-11814\" src=\"https:\/\/www.rc03-ilbenstadt.de\/wp-content\/uploads\/2023\/09\/B_RC03_RTF_GTF_230910_135_Ilbenstadt_SP_L3168_DW-WEB.jpg\" alt=\"\" width=\"150\" height=\"150\" \/><\/a><\/td>\n<td style=\"width: 33.3333%;\"><a href=\"https:\/\/www.rc03-ilbenstadt.de\/wp-content\/uploads\/2023\/09\/B_RC03_RTF_GTF_230910_003_Ilbenstadt_W-WEB.jpg\" rel=\"lightbox[11782]\"><img loading=\"lazy\" decoding=\"async\" class=\"aligncenter size-thumbnail wp-image-11797\" src=\"https:\/\/www.rc03-ilbenstadt.de\/wp-content\/uploads\/2023\/09\/B_RC03_RTF_GTF_230910_003_Ilbenstadt_W-WEB.jpg\" alt=\"\" width=\"150\" height=\"150\" \/><\/a><\/td>\n<td style=\"width: 33.3333%;\"><a href=\"https:\/\/www.rc03-ilbenstadt.de\/wp-content\/uploads\/2023\/09\/B_RC03_RTF_GTF_230910_004_Ilbenstadt_W-WEB.jpg\" rel=\"lightbox[11782]\"><img loading=\"lazy\" decoding=\"async\" class=\"aligncenter size-thumbnail wp-image-11798\" src=\"https:\/\/www.rc03-ilbenstadt.de\/wp-content\/uploads\/2023\/09\/B_RC03_RTF_GTF_230910_004_Ilbenstadt_W-WEB.jpg\" alt=\"\" width=\"150\" height=\"150\" \/><\/a><\/td>\n<\/tr>\n<tr>\n<td style=\"width: 33.3333%;\"><a href=\"https:\/\/www.rc03-ilbenstadt.de\/wp-content\/uploads\/2023\/09\/B_RC03_RTF_GTF_230910_008_Ilbenstadt_W-WEB.jpg\" rel=\"lightbox[11782]\"><img loading=\"lazy\" decoding=\"async\" class=\"aligncenter size-thumbnail wp-image-11799\" src=\"https:\/\/www.rc03-ilbenstadt.de\/wp-content\/uploads\/2023\/09\/B_RC03_RTF_GTF_230910_008_Ilbenstadt_W-WEB.jpg\" alt=\"\" width=\"150\" height=\"150\" \/><\/a><\/td>\n<td style=\"width: 33.3333%;\"><a href=\"https:\/\/www.rc03-ilbenstadt.de\/wp-content\/uploads\/2023\/09\/B_RC03_RTF_GTF_230910_009_Ilbenstadt_W-WEB.jpg\" rel=\"lightbox[11782]\"><img loading=\"lazy\" decoding=\"async\" class=\"aligncenter size-thumbnail wp-image-11836\" src=\"https:\/\/www.rc03-ilbenstadt.de\/wp-content\/uploads\/2023\/09\/B_RC03_RTF_GTF_230910_009_Ilbenstadt_W-WEB.jpg\" alt=\"\" width=\"150\" height=\"150\" \/><\/a><\/td>\n<td style=\"width: 33.3333%;\"><a href=\"https:\/\/www.rc03-ilbenstadt.de\/wp-content\/uploads\/2023\/09\/B_RC03_RTF_GTF_230910_038_Ilbenstadt_W-WEB-1.jpg\" rel=\"lightbox[11782]\"><img loading=\"lazy\" decoding=\"async\" class=\"aligncenter size-thumbnail wp-image-11839\" src=\"https:\/\/www.rc03-ilbenstadt.de\/wp-content\/uploads\/2023\/09\/B_RC03_RTF_GTF_230910_038_Ilbenstadt_W-WEB-1.jpg\" alt=\"\" width=\"150\" height=\"150\" \/><\/a><\/td>\n<\/tr>\n<tr>\n<td style=\"width: 33.3333%;\"><a href=\"https:\/\/www.rc03-ilbenstadt.de\/wp-content\/uploads\/2023\/09\/B_RC03_RTF_GTF_230910_010_Ilbenstadt_W-WEB.jpg\" rel=\"lightbox[11782]\"><img loading=\"lazy\" decoding=\"async\" class=\"aligncenter size-thumbnail wp-image-11837\" src=\"https:\/\/www.rc03-ilbenstadt.de\/wp-content\/uploads\/2023\/09\/B_RC03_RTF_GTF_230910_010_Ilbenstadt_W-WEB.jpg\" alt=\"\" width=\"150\" height=\"150\" \/><\/a><\/td>\n<td style=\"width: 33.3333%;\"><a href=\"https:\/\/www.rc03-ilbenstadt.de\/wp-content\/uploads\/2023\/09\/B_RC03_RTF_GTF_230910_006_Ilbenstadt_W-WEB.jpg\" rel=\"lightbox[11782]\"><img loading=\"lazy\" decoding=\"async\" class=\"aligncenter size-thumbnail wp-image-11834\" src=\"https:\/\/www.rc03-ilbenstadt.de\/wp-content\/uploads\/2023\/09\/B_RC03_RTF_GTF_230910_006_Ilbenstadt_W-WEB.jpg\" alt=\"\" width=\"150\" height=\"150\" \/><\/a><\/td>\n<td style=\"width: 33.3333%;\"><a href=\"https:\/\/www.rc03-ilbenstadt.de\/wp-content\/uploads\/2023\/09\/B_RC03_RTF_GTF_230910_005_Ilbenstadt_W-WEB.jpg\" rel=\"lightbox[11782]\"><img loading=\"lazy\" decoding=\"async\" class=\"aligncenter size-thumbnail wp-image-11833\" src=\"https:\/\/www.rc03-ilbenstadt.de\/wp-content\/uploads\/2023\/09\/B_RC03_RTF_GTF_230910_005_Ilbenstadt_W-WEB.jpg\" alt=\"\" width=\"150\" height=\"150\" \/><\/a><\/td>\n<\/tr>\n<tr>\n<td style=\"width: 33.3333%;\"><a href=\"https:\/\/www.rc03-ilbenstadt.de\/wp-content\/uploads\/2022\/04\/Logo_Krombacher_00.jpg\" rel=\"lightbox[11782]\"><img loading=\"lazy\" decoding=\"async\" class=\"aligncenter size-thumbnail wp-image-10689\" src=\"https:\/\/www.rc03-ilbenstadt.de\/wp-content\/uploads\/2022\/04\/Logo_Krombacher_00.jpg\" alt=\"\" width=\"150\" height=\"150\" \/><\/a><\/td>\n<td style=\"width: 33.3333%;\"><a href=\"https:\/\/www.rc03-ilbenstadt.de\/wp-content\/uploads\/2023\/09\/B_RC03_RTF_GTF_230910_022_Ilbenstadt_W-WEB.jpg\" rel=\"lightbox[11782]\"><img loading=\"lazy\" decoding=\"async\" class=\"aligncenter size-thumbnail wp-image-11800\" src=\"https:\/\/www.rc03-ilbenstadt.de\/wp-content\/uploads\/2023\/09\/B_RC03_RTF_GTF_230910_022_Ilbenstadt_W-WEB.jpg\" alt=\"\" width=\"150\" height=\"150\" \/><\/a><\/td>\n<td style=\"width: 33.3333%;\"><a href=\"https:\/\/www.rc03-ilbenstadt.de\/wp-content\/uploads\/2022\/04\/Logo_Krombacher_00.jpg\" rel=\"lightbox[11782]\"><img loading=\"lazy\" decoding=\"async\" class=\"aligncenter size-thumbnail wp-image-10689\" src=\"https:\/\/www.rc03-ilbenstadt.de\/wp-content\/uploads\/2022\/04\/Logo_Krombacher_00.jpg\" alt=\"\" width=\"150\" height=\"150\" \/><\/a><\/td>\n<\/tr>\n<tr>\n<td style=\"width: 33.3333%;\"><a href=\"https:\/\/www.rc03-ilbenstadt.de\/wp-content\/uploads\/2023\/09\/B_RC03_RTF_GTF_230910_054_Ilbenstadt_I-WEB.jpg\" rel=\"lightbox[11782]\"><img loading=\"lazy\" decoding=\"async\" class=\"aligncenter size-thumbnail wp-image-11805\" src=\"https:\/\/www.rc03-ilbenstadt.de\/wp-content\/uploads\/2023\/09\/B_RC03_RTF_GTF_230910_054_Ilbenstadt_I-WEB.jpg\" alt=\"\" width=\"150\" height=\"150\" \/><\/a><\/td>\n<td style=\"width: 33.3333%;\"><a href=\"https:\/\/www.rc03-ilbenstadt.de\/wp-content\/uploads\/2023\/09\/B_RC03_RTF_GTF_230910_055_Ilbenstadt_I-WEB.jpg\" rel=\"lightbox[11782]\"><img loading=\"lazy\" decoding=\"async\" class=\"aligncenter size-thumbnail wp-image-11806\" src=\"https:\/\/www.rc03-ilbenstadt.de\/wp-content\/uploads\/2023\/09\/B_RC03_RTF_GTF_230910_055_Ilbenstadt_I-WEB.jpg\" alt=\"\" width=\"150\" height=\"150\" \/><\/a><\/td>\n<td style=\"width: 33.3333%;\"><a href=\"https:\/\/www.rc03-ilbenstadt.de\/wp-content\/uploads\/2023\/09\/B_RC03_RTF_GTF_230910_058_Ilbenstadt_I-WEB.jpg\" rel=\"lightbox[11782]\"><img loading=\"lazy\" decoding=\"async\" class=\"aligncenter size-thumbnail wp-image-11807\" src=\"https:\/\/www.rc03-ilbenstadt.de\/wp-content\/uploads\/2023\/09\/B_RC03_RTF_GTF_230910_058_Ilbenstadt_I-WEB.jpg\" alt=\"\" width=\"150\" height=\"150\" \/><\/a><\/td>\n<\/tr>\n<\/tbody>\n<\/table>\n","protected":false},"excerpt":{"rendered":"<p>Ein Rad beim Aus- oder Einparken umgeworfen? &#8211; Bitte melden! Am Radst\u00e4nder gegen\u00fcber unseres Orga-Zeltes wurde leider das Schaltauge\/das Schaltwerk eines Rades besch\u00e4digt. Der Schadenseintritt muss nicht bemerkt worden sein. Der Gesch\u00e4digte ist hier bekannt. Eine Haftpflichtversicherung besteht letztlich durch &hellip; <a href=\"https:\/\/www.rc03-ilbenstadt.de\/?p=11782\">Weiterlesen <span class=\"meta-nav\">&rarr;<\/span><\/a><\/p>\n","protected":false},"author":9,"featured_media":8311,"comment_status":"closed","ping_status":"closed","sticky":false,"template":"","format":"standard","meta":{"_crdt_document":"","footnotes":""},"categories":[1],"tags":[],"class_list":["post-11782","post","type-post","status-publish","format-standard","has-post-thumbnail","hentry","category-allgemein"],"_links":{"self":[{"href":"https:\/\/www.rc03-ilbenstadt.de\/index.php?rest_route=\/wp\/v2\/posts\/11782","targetHints":{"allow":["GET"]}}],"collection":[{"href":"https:\/\/www.rc03-ilbenstadt.de\/index.php?rest_route=\/wp\/v2\/posts"}],"about":[{"href":"https:\/\/www.rc03-ilbenstadt.de\/index.php?rest_route=\/wp\/v2\/types\/post"}],"author":[{"embeddable":true,"href":"https:\/\/www.rc03-ilbenstadt.de\/index.php?rest_route=\/wp\/v2\/users\/9"}],"replies":[{"embeddable":true,"href":"https:\/\/www.rc03-ilbenstadt.de\/index.php?rest_route=%2Fwp%2Fv2%2Fcomments&post=11782"}],"version-history":[{"count":5,"href":"https:\/\/www.rc03-ilbenstadt.de\/index.php?rest_route=\/wp\/v2\/posts\/11782\/revisions"}],"predecessor-version":[{"id":11848,"href":"https:\/\/www.rc03-ilbenstadt.de\/index.php?rest_route=\/wp\/v2\/posts\/11782\/revisions\/11848"}],"wp:featuredmedia":[{"embeddable":true,"href":"https:\/\/www.rc03-ilbenstadt.de\/index.php?rest_route=\/wp\/v2\/media\/8311"}],"wp:attachment":[{"href":"https:\/\/www.rc03-ilbenstadt.de\/index.php?rest_route=%2Fwp%2Fv2%2Fmedia&parent=11782"}],"wp:term":[{"taxonomy":"category","embeddable":true,"href":"https:\/\/www.rc03-ilbenstadt.de\/index.php?rest_route=%2Fwp%2Fv2%2Fcategories&post=11782"},{"taxonomy":"post_tag","embeddable":true,"href":"https:\/\/www.rc03-ilbenstadt.de\/index.php?rest_route=%2Fwp%2Fv2%2Ftags&post=11782"}],"curies":[{"name":"wp","href":"https:\/\/api.w.org\/{rel}","templated":true}]}}