{"id":11849,"date":"2023-10-02T17:19:47","date_gmt":"2023-10-02T15:19:47","guid":{"rendered":"https:\/\/www.rc03-ilbenstadt.de\/?p=11849"},"modified":"2023-10-02T17:20:53","modified_gmt":"2023-10-02T15:20:53","slug":"deutsches-radsportabzeichenzeitfahren-am-3-oktober-2023-in-weckesheimabsage","status":"publish","type":"post","link":"https:\/\/www.rc03-ilbenstadt.de\/?p=11849","title":{"rendered":"<br>Deutsches Radsportabzeichen<br>Zeitfahren am 3. Oktober 2023 in Weckesheim<br><br>ABSAGE<br><br>"},"content":{"rendered":"<p>Auch in diesem Jahr musste das Zeitfahren \u00fcber 20 Kilometer zum Erwerb des Deutschen Radsportabzeichens (DRA) abgesagt werden, weil wider Erwarten unsere Strecke in der Ortsdurchfahrt im zweiten Jahr gesperrt ist.<\/p>\n<p>Ob in diesem Jahr die Bauarbeiten in Heuchelheim abgeschlossen werden und ob sich die Strecke noch f\u00fcr ein Zeitfahren eignet, bleibt abzuwarten. Wir kommen auf Euch zu, wenn in diesem Jahr noch ein Termin gefunden werden kann.<\/p>\n<p>Es haben uns zwar einige Vorschl\u00e4ge zu <!--more-->m\u00f6glichen Zeitfahrstrecken erreicht, die sich f\u00fcr den Einzelnen durchaus eignen, doch m\u00fcssen wir als Veranstalter die Sicherheit an die erste Stelle r\u00fccken. Die Verkehrssicherheit muss auf alle F\u00e4lle gew\u00e4hrleistet werden, selbst dann, wenn \u00fcbermotivierte Teilnehmerinnen und Teilnehmer ihr Ergebnis \u00fcber die erforderliche Umsicht und R\u00fccksichtnahme im Stra\u00dfenverkehr stellen.<\/p>\n<p>Unseren Vorschlag, ein Bergzeitfahren zum Erwerb des DRA zu veranstalten, stie\u00df bisher weder bei den Pr\u00fcfern noch bei potentiellen Teilnehmerinnen und Teilnehmern auf ein positives Echo, obwohl die vorgesehen Strecke zum Munitionslager der Bundeswehr (K\u00f6pperner Tal Richtung Wehrheim) den anforderungen gen\u00fcgt. M\u00f6glicherweise dr\u00fccken die Steigungsprozente die Chancen zum Erwerb des DRA in Edelmetalloptiken.<\/p>\n<p>Wir hoffen auf jeden Fall 2025 wieder mit einer geeigneten Zeitfahrstrecke Euch einen Start zu erm\u00f6glichen.<\/p>\n","protected":false},"excerpt":{"rendered":"<p>Auch in diesem Jahr musste das Zeitfahren \u00fcber 20 Kilometer zum Erwerb des Deutschen Radsportabzeichens (DRA) abgesagt werden, weil wider Erwarten unsere Strecke in der Ortsdurchfahrt im zweiten Jahr gesperrt ist. Ob in diesem Jahr die Bauarbeiten in Heuchelheim abgeschlossen &hellip; <a href=\"https:\/\/www.rc03-ilbenstadt.de\/?p=11849\">Weiterlesen <span class=\"meta-nav\">&rarr;<\/span><\/a><\/p>\n","protected":false},"author":9,"featured_media":9070,"comment_status":"closed","ping_status":"closed","sticky":false,"template":"","format":"standard","meta":{"_crdt_document":"","footnotes":""},"categories":[1],"tags":[],"class_list":["post-11849","post","type-post","status-publish","format-standard","has-post-thumbnail","hentry","category-allgemein"],"_links":{"self":[{"href":"https:\/\/www.rc03-ilbenstadt.de\/index.php?rest_route=\/wp\/v2\/posts\/11849","targetHints":{"allow":["GET"]}}],"collection":[{"href":"https:\/\/www.rc03-ilbenstadt.de\/index.php?rest_route=\/wp\/v2\/posts"}],"about":[{"href":"https:\/\/www.rc03-ilbenstadt.de\/index.php?rest_route=\/wp\/v2\/types\/post"}],"author":[{"embeddable":true,"href":"https:\/\/www.rc03-ilbenstadt.de\/index.php?rest_route=\/wp\/v2\/users\/9"}],"replies":[{"embeddable":true,"href":"https:\/\/www.rc03-ilbenstadt.de\/index.php?rest_route=%2Fwp%2Fv2%2Fcomments&post=11849"}],"version-history":[{"count":3,"href":"https:\/\/www.rc03-ilbenstadt.de\/index.php?rest_route=\/wp\/v2\/posts\/11849\/revisions"}],"predecessor-version":[{"id":11852,"href":"https:\/\/www.rc03-ilbenstadt.de\/index.php?rest_route=\/wp\/v2\/posts\/11849\/revisions\/11852"}],"wp:featuredmedia":[{"embeddable":true,"href":"https:\/\/www.rc03-ilbenstadt.de\/index.php?rest_route=\/wp\/v2\/media\/9070"}],"wp:attachment":[{"href":"https:\/\/www.rc03-ilbenstadt.de\/index.php?rest_route=%2Fwp%2Fv2%2Fmedia&parent=11849"}],"wp:term":[{"taxonomy":"category","embeddable":true,"href":"https:\/\/www.rc03-ilbenstadt.de\/index.php?rest_route=%2Fwp%2Fv2%2Fcategories&post=11849"},{"taxonomy":"post_tag","embeddable":true,"href":"https:\/\/www.rc03-ilbenstadt.de\/index.php?rest_route=%2Fwp%2Fv2%2Ftags&post=11849"}],"curies":[{"name":"wp","href":"https:\/\/api.w.org\/{rel}","templated":true}]}}