{"id":11854,"date":"2023-10-03T17:19:47","date_gmt":"2023-10-03T15:19:47","guid":{"rendered":"https:\/\/www.rc03-ilbenstadt.de\/?p=11854"},"modified":"2023-10-03T18:13:11","modified_gmt":"2023-10-03T16:13:11","slug":"ilbenstaedter-radtourenaus-dem-niddatal-in-die-taunusauslaeuferradwanderung-am-donnerstag-den-5-oktober-2023soedel-1830blutige-auseinandersetzungen-in-der-wetterau","status":"publish","type":"post","link":"https:\/\/www.rc03-ilbenstadt.de\/?p=11854","title":{"rendered":"Ilbenst\u00e4dter Radtouren<br>&#8222;Aus dem Niddatal in die Taunusausl\u00e4ufer&#8220;<br><br>Radwanderung am Donnerstag, den 5. Oktober 2023<br><br>S\u00f6del 1830<br>Blutige Auseinandersetzungen in der Wetterau<br><br><br>"},"content":{"rendered":"<p><strong>Liebe Mitglieder und Freunde des RC 03 Ilbenstadt,<\/strong><\/p>\n<p>gutes Radfahrwetter gibt es auch deutlich unter der 30-Grad-Marke. Nach einem goldenen, atypischen Herbstbeginn kommen wir nun langsam bei jahreszeitgerechtem Wetter an. Ein Wechsel von Sonne und Wolken erwartet uns. Regen ist bei Temperaturen zum Start bei 10\u00b0 Celsius mit der Steigerung auf rund 18\u00b0 zur Mittagszeit nicht vorgesehen.  Radwanderfachwart Erwin Loscher l\u00e4dt zu einer Fahrt gen Westen in die ersten Taunusausl\u00e4ufer herzlich ein. Wann geht es los?<\/p>\n<p><strong>Start am Donnerstag, den 5. Oktober 2023<\/strong><br \/>\n<strong>um 09:00 Uhr an der Wickst\u00e4dter Niddabr\u00fccke<\/strong><br \/>\n<strong>um 09:40 Uhr am Beienheimer Kreisel<\/strong><br \/>\n<strong>um 10:00\/10:15 Uhr an der R\u00f6merstra\u00dfe<\/strong><\/p>\n<p>Vor seinem  14-t\u00e4gigen Urlaub will es Erwin mit euch im Schlepptau nochmal wissen. Keine Angst, mit 81 Kilometern und rund 701 H\u00f6henmeter ist die Schleife in  den Taunus durchaus als moderat zu bezeichnen. Mit frisch massierten Oberschenkeln, alternativ mit geladenen elektrischen Kraftpaketen, ist die R\u00fcckkehr  nach Wickstadt gesichert<!--more--><\/p>\n<p>Wir fahren in Richtung Florstadt. Mit lockerem Tritt \u00fcberwinden wir bekanntes Terrain \u00fcber Dorn-Assenheim, Beienheim und Melbach. S\u00f6del liegt mit seiner &#8222;R\u00f6merstra\u00dfe&#8220; vor uns, die schnurstracks, leicht steigend, nach M\u00fcnzenberg f\u00fchrt. R\u00f6merstra\u00dfe? Wir erinnern uns, dass die fruchtbare Wetterau um die Jahrtausendwende von den R\u00f6mern beansprucht wurde und die ihren Besitz mit milit\u00e4rischer Macht abzusichern verstanden. So waren sternf\u00f6rmig um Friedberg, in strategischer N\u00e4he zum Limes, Kastelle angesiedelt. Heute w\u00fcrde man sie als Kasernen bezeichnen. Um den Waren- und Milit\u00e4rverkehr im Reich zu organisieren wurden befestigte Stra\u00dfen angelegt, deren Verlauf vielfach erforscht und nachgezeichnet wurde. Eine Quelle ist zum Beispiel die Internetseite \u00fcber  <a href=\"https:\/\/www.altstrassen-in-hessen.de\/altstrassen\/roemerstrassen.php\">Altstra\u00dfen in Hessen<\/a>, die auch &#8222;unsere&#8220; R\u00f6merstra\u00dfe nachzeichnet. Alle Stra\u00dfen f\u00fchren bekanntlich nach Rom und so verwundert es nicht, dass auch aus Richtung Frankfurt Verkehr nach Friedberg flutete. Anders wie heute war Dorheim ein Verkehrsknoten: &#8222;N\u00f6rdlich von Friedberg, in Dorheim, teilte sich die R\u00f6merstra\u00dfe in einen n\u00f6rdlich verlaufenden Ast, genannt &#8222;Hohe Stra\u00dfe&#8220; oder &#8222;R\u00f6merstra\u00dfe&#8220;, der an Wohnbach vorbei zum Kastell Kloster Arnsburg zog und in nord\u00f6stlicher Richtung zum Kastell Echzell&#8220; (Zitat aus o.a.Internetseite).<br \/>\nAber verlassen wir diesen Teil der Geschichte und wenden uns neueren Zeiten zu, in denen die S\u00f6deler Bev\u00f6lkerung eine blutige Niederlage erlitt &#8211; Mit eine Folge der r\u00f6mischen Stra\u00dfenf\u00fchrung. Am 1. Oktober 1830, fast genau vor 193 Jahren, schlugen die S\u00f6deler einen Mob aus verarmten Bauern und deren mittelloses Umfeld mit Dreschflegeln, Mistgabeln, Sensen und Kn\u00fcppeln sowie Gewehrsalven des Unterf\u00f6rsters Caspar Bender in die Flucht, entgingen so Pl\u00fcnderung, Misshandlungen und hier und da dem Tod. Der Mob, Teil einer 2.000-k\u00f6pfigen Masse, war nat\u00fcrlich auf ehemaligen R\u00f6merstra\u00dfen unterwegs. Nach dem S\u00f6deler Erfolg gab es einige Missverst\u00e4ndnisse. Ein Trupp Reitersoldaten des Gro\u00dfherzoges nahte, hielt die S\u00f6deler Landbev\u00f6lkerung f\u00fcr Aufst\u00e4ndische, nahm willk\u00fcrliche Verhaftungen vor, schreckten auch vor Misshandlungen nicht zur\u00fcck und verpassten einem Soldaten eine endlich t\u00f6dliche Kugel, weil sie in ihm einen Deserteur sahen. Kavallerie, in H\u00f6rweite des Kampfesget\u00fcmmels preschte heran und setzte S\u00e4bel, Schusswaffen, deren gef\u00e4hrliches Ende nicht allein vor dem Lauf ist, wenn sich Kolben zum Einschlagen der Sch\u00e4del eignen, ein. So verlor die S\u00f6deler Landbev\u00f6lkerung letztlich doch. Konsequenzen hatte dieses heroische Vorgehen der Landesverteidiger nicht. Allerdings wurde der Vorgang 1834 im Hessischen Landboten durch Georg B\u00fcchner und Ludwig Weidig berichtet; ein sp\u00e4ter Ruhm?<br \/>\nAus: <a href=\"https:\/\/woelfersheim.gemeindeapp.de\/de\/locations\/das-blutbad-von-soedel?category=4&#038;frame=true&#038;view=listing\">W\u00f6lfersheimer Gemeinde-App<\/a> zum Blutbad von S\u00f6del.<\/p>\n<p>Wir fahren weiter nach Gambach, Pohl-G\u00f6ns, Oberkleen, Cleeberg, Espa und Hausen nach Hoch-Weisel. Damit liegt die Taunusrunde hinter uns. Dabei erinnern wir uns an die Geschichte Oberkleens, die \u00fcber Kelten bis in die Steinzeit reicht, den 1910 begonnenen Kalksteinabbau, der die Gemeinde und deren Umfeld prosperieren lie\u00df.  Dies war unser <a href=\"https:\/\/www.rc03-ilbenstadt.de\/?p=11074\">Radwanderziel am 27. Oktober 2022.<\/a><\/p>\n<p>\u00dcber die Siedlung Am Maiberg, Bad Nauheim und Friedberg sind wir schnell zur\u00fcck, die Tour liegt dann hinter uns. Ein Trekking- oder Tourenrad, vielleicht auch ein Mountainbike sind geeignete Unters\u00e4tze f\u00fcr diese Tour.<br \/>\nWas haben wir vergessen? Nat\u00fcrlich, die Rast. Lasst Euch hier von Erwin \u00fcberraschen.<\/p>\n<p>Ist das Interesse geweckt, freut sich der RC 03 Ilbenstadt auf eine rege Teilnahme.<br \/>\nErwin Loscher ist f\u00fcr R\u00fcckfragen unter der Telefonnummer 01512 02 30 745 erreichbar.<\/p>\n<p>F\u00fcr das Radwanderteam<\/p>\n<p>Wilhelm Schr\u00f6der<br \/>\nFachbereichsleiter \u00d6ffentlichkeitsarbeit und Sport<\/p>\n<p>Streckendownload f\u00fcr Navigationsger\u00e4te:<br \/>\n<a href=\"https:\/\/rc03-ilbenstadt.de\/GPX\/GPX-RW\/RC03_RW_231005_Wickstadt_Muenzenberg_Cleeberg_BN.gpx\">Radwanderung aus dem Niddatal in die Taunusausl\u00e4ufer<\/a><\/p>\n<p>Kartendarstellung:<br \/>\n<a href=\"http:\/\/umap.openstreetmap.fr\/de\/map\/rc03_rw_231005_wickstadt_munzenberg_cleeberg_bn_968027#14\/50.3310\/8.7667\" target=\"_blank\" rel=\"noopener\">Radwanderung aus dem Niddatal in die Taunusausl\u00e4ufer<br \/>(Vollbildanzeige)<\/a><br \/>\n<iframe loading=\"lazy\" width=\"200%\" height=\"300px\" frameborder=\"0\" allowfullscreen allow=\"geolocation\" src=\"\/\/umap.openstreetmap.fr\/de\/map\/rc03_rw_231005_wickstadt_munzenberg_cleeberg_bn_968027?scaleControl=true&#038;miniMap=false&#038;scrollWheelZoom=true&#038;zoomControl=true&#038;editMode=disabled&#038;moreControl=true&#038;searchControl=true&#038;tilelayersControl=null&#038;embedControl=true&#038;datalayersControl=true&#038;onLoadPanel=undefined&#038;captionBar=false&#038;captionMenus=true&#038;datalayers=2976211%2C2976615&#038;fullscreenControl=true&#038;locateControl=true&#038;measureControl=true#14\/50.3310\/8.7667\"><\/iframe><\/p>\n","protected":false},"excerpt":{"rendered":"<p>Liebe Mitglieder und Freunde des RC 03 Ilbenstadt, gutes Radfahrwetter gibt es auch deutlich unter der 30-Grad-Marke. Nach einem goldenen, atypischen Herbstbeginn kommen wir nun langsam bei jahreszeitgerechtem Wetter an. Ein Wechsel von Sonne und Wolken erwartet uns. Regen ist &hellip; <a href=\"https:\/\/www.rc03-ilbenstadt.de\/?p=11854\">Weiterlesen <span class=\"meta-nav\">&rarr;<\/span><\/a><\/p>\n","protected":false},"author":9,"featured_media":10165,"comment_status":"closed","ping_status":"closed","sticky":false,"template":"","format":"standard","meta":{"_crdt_document":"","footnotes":""},"categories":[1],"tags":[],"class_list":["post-11854","post","type-post","status-publish","format-standard","has-post-thumbnail","hentry","category-allgemein"],"_links":{"self":[{"href":"https:\/\/www.rc03-ilbenstadt.de\/index.php?rest_route=\/wp\/v2\/posts\/11854","targetHints":{"allow":["GET"]}}],"collection":[{"href":"https:\/\/www.rc03-ilbenstadt.de\/index.php?rest_route=\/wp\/v2\/posts"}],"about":[{"href":"https:\/\/www.rc03-ilbenstadt.de\/index.php?rest_route=\/wp\/v2\/types\/post"}],"author":[{"embeddable":true,"href":"https:\/\/www.rc03-ilbenstadt.de\/index.php?rest_route=\/wp\/v2\/users\/9"}],"replies":[{"embeddable":true,"href":"https:\/\/www.rc03-ilbenstadt.de\/index.php?rest_route=%2Fwp%2Fv2%2Fcomments&post=11854"}],"version-history":[{"count":5,"href":"https:\/\/www.rc03-ilbenstadt.de\/index.php?rest_route=\/wp\/v2\/posts\/11854\/revisions"}],"predecessor-version":[{"id":11865,"href":"https:\/\/www.rc03-ilbenstadt.de\/index.php?rest_route=\/wp\/v2\/posts\/11854\/revisions\/11865"}],"wp:featuredmedia":[{"embeddable":true,"href":"https:\/\/www.rc03-ilbenstadt.de\/index.php?rest_route=\/wp\/v2\/media\/10165"}],"wp:attachment":[{"href":"https:\/\/www.rc03-ilbenstadt.de\/index.php?rest_route=%2Fwp%2Fv2%2Fmedia&parent=11854"}],"wp:term":[{"taxonomy":"category","embeddable":true,"href":"https:\/\/www.rc03-ilbenstadt.de\/index.php?rest_route=%2Fwp%2Fv2%2Fcategories&post=11854"},{"taxonomy":"post_tag","embeddable":true,"href":"https:\/\/www.rc03-ilbenstadt.de\/index.php?rest_route=%2Fwp%2Fv2%2Ftags&post=11854"}],"curies":[{"name":"wp","href":"https:\/\/api.w.org\/{rel}","templated":true}]}}