{"id":11882,"date":"2023-12-05T16:22:33","date_gmt":"2023-12-05T15:22:33","guid":{"rendered":"https:\/\/www.rc03-ilbenstadt.de\/?p=11882"},"modified":"2023-12-05T18:56:35","modified_gmt":"2023-12-05T17:56:35","slug":"saisonabschlussfeier-2023wir-ehren-verdiente-mitglieder-sportlerinnen-und-sportlerwir-feiern-auch-120-jahre-rc-03-ilbenstadtder-verein-lebt-und-stellt-sich-neuen-herausforderungen","status":"publish","type":"post","link":"https:\/\/www.rc03-ilbenstadt.de\/?p=11882","title":{"rendered":"Saisonabschlussfeier 2023<br><br>Wir ehren verdiente Mitglieder, Sportlerinnen und Sportler<br><br>Wir feiern auch 120 Jahre RC 03 Ilbenstadt<br>Der Verein lebt und stellt sich neuen Herausforderungen!<br><br>"},"content":{"rendered":"<p> <span style=\"color: #ff0000;\"><strong>Ein Hinweis vorab:<\/strong><br \/>\nJa, wir wissen, dass die Breitenradsportsaison seit diesem Jahr das Kalenderjahr umfasst. Nein, wir schwimmen nicht gegen den Strom.<br \/>\nJa zum vereinsinternen Saisonabschluss mit Stichtag 31.10.2023, mit dessen unbeschwerter Feier  im November dem Weihnachtstrubel und den Feierlichkeiten rund um den Jahreswechsel ausgewichen wurde.<br \/>\nKeine Angst, zur Sportlerehrung im Bezirk und im Verband stehen wir wieder auf der Matte!<\/span><\/p>\n<p>Zum Samstagabend, den 25. November 2023, hatte der Vorstand zur Saisonabschlussfeier f\u00fcr die Radsaison 2023 eingeladen.<!--more--> Im Wei\u00dfen Saal des Hauses St. Gottfried in Ilbenstadt wurden Ehreng\u00e4ste, Herr B\u00fcrgermeister Michael Hahn, Vertreter der Bundesehrengilde unter der F\u00fchrung von Herbert Bender sowie der Vorsitzende des Turnvereins Herwig Lauerer mit Frau Ute von Vorstandsmitglied Wilhelm Schr\u00f6der willkommen gehei\u00dfen und besonders auch die zahlreich erschienenen langj\u00e4hrigen und neuen Vereinsmitglieder. Nach einem Schwenk \u00fcber die Vereinsgr\u00fcndung und die Historie, die von viele Facetten des Radsportes gepr\u00e4gt war, \u00fcber Wander-, Reigen- und Korsofahrten bis hin zum Rennsport, der die Fahrer auch internationale Luft schnuppern lie\u00df, hin zum aktuellen Schwerpunkt, dem Radbreitensport, \u00fcberbrachte Herr B\u00fcrgermeister Michael Hahn die Gl\u00fcckw\u00fcnsche und Gr\u00fc\u00dfe der Stadt Niddatal an den RC 03 Ilbenstadt. Er w\u00fcrdigte den Beitrag des Vereins zum kulturellen und sportlichen Leben in Niddatal. Er stellte heraus, dass gerade in den gegenw\u00e4rtigen Zeiten die Einsatzfreude, die Begeisterung aller Vereinsmitglieder und des Vorstandes den wertvollen Optimismus ausstrahlen, der f\u00fcr das Zusammenleben der Stadtgesellschaft und des Vereins essenziell ist.<br \/>\nDer Obmann der Bundesehrengilde, Region Mittelhessen, Herbert Bender, schloss sich diesem Tenor an, und sprach seinen Dank aus, dass der RC 03 regelm\u00e4\u00dfig die Bundesehrengilde in diese Saisonabschlussfeiern einbezieht.<\/p>\n<p>Das leibliche Wohl wurde im Programmlauf nicht vernachl\u00e4ssigt. Mit einem warmen Buffet der ortsans\u00e4ssigen Metzgerei und Partyservice Mahl wurden die G\u00e4ste gut versorgt. Auch unterhielt der Zauberk\u00fcnstler Nico Willner mit allerlei verbl\u00fcffenden F\u00e4higkeiten, die selbst im engsten Zuschauerkreis ihre Magie bewahrten und die zwischen Ehrungen in kleinen Kreisen regen Zuspruch erhielten.<\/p>\n<p><strong>Langj\u00e4hrige, treue Mitglieder wurden geehrt, so Inge Wiesk\u00e4mper und Frank Muth f\u00fcr 35-j\u00e4hige Mitgliedschaft, Michael Schneider, Kurt L\u00f6chner und Michael Hammann f\u00fcr 15- beziehungsweise 17-j\u00e4hrige Mitgliedschaft.<\/strong><\/p>\n<p>Die Radbreitensportlerinnen und -sportler erfuhren die W\u00fcrdigung ihrer nicht unbetr\u00e4chtlichen Leistungen auf dem Zweirad. Vereinsmeisterinnen und -meister wurden in den Kategorien Radwandern und Radtourenfahren (RTF, CTF und GTF) gek\u00fcrt, letztere in den Kategorien unter und \u00fcber 60 Jahren, jeweils dicht gefolgt von den Platzierten.<\/p>\n<p><strong>Die Ehrungen zur Vereinsmeisterschaft 2023 im Einzelnen:<\/strong><\/p>\n<p><strong>RTF und CTF &#8211; Damenklasse<\/strong><br \/>\n1. Platz \u2013 1272 Kilometer &#8211; Jennifer Heubach<br \/>\n2. Platz \u2013 &nbsp;&nbsp;754 Kilometer  &#8211; Alexandra Adam<br \/>\n<strong>RTF und CTF \u2013 Herrenklasse \u00fc60<\/strong><br \/>\n1. Platz \u2013 4926 Kilometer &#8211; Johannes Contag<br \/>\n2. Platz \u2013 3324 Kilometer &#8211; Dieter Herbert<br \/>\n3. Platz \u2013 2898 Kilometer &#8211; Michael Hammann<br \/>\n<strong>RTF und CTF \u2013 Herrenklasse u60<\/strong><br \/>\n1. Platz \u2013 4252 Kilometer &#8211; Gerald Baudek<br \/>\n2. Platz \u2013 3366 Kilometer  &#8211; Oliver Witt<br \/>\n3. Platz \u2013 3057 Kilometer &#8211; Kurt L\u00f6chner<br \/>\n<strong>Radwandern \u2013 Herrenklasse<\/strong><br \/>\n1. Platz \u2013 2718 Kilometer &#8211; Gert Schmitt<br \/>\n2. Platz \u2013 2550 Kilometer &#8211; Winfried Wynohradnyk<br \/>\n3. Platz \u2013 2491 Kilometer &#8211; Erwin Loscher<br \/>\n<strong>Radwandern \u2013 Damenklasse<\/strong><br \/>\n1. Platz \u2013 &nbsp;&nbsp;947 Kilometer &#8211; Sabine Heinzen<br \/>\n<center><img><a href=\"https:\/\/www.rc03-ilbenstadt.de\/wp-content\/uploads\/2023\/12\/B_RC03_231125_02x_Sportlerehrung_2023-WEB.jpg\" rel=\"lightbox[11882]\"><img loading=\"lazy\" decoding=\"async\" class=\"aligncenter size-thumbnail wp-image-11908\" src=\"https:\/\/www.rc03-ilbenstadt.de\/wp-content\/uploads\/2023\/12\/B_RC03_231125_02x_Sportlerehrung_2023-WEB.jpg\" alt=\"\" width=\"350\" height=\"350\" \/><\/a><\/center><br \/>\n<strong>Zur Einordnung: <\/strong><br \/>\nNeben Radwanderungen bietet der Verein Teilnahmen an Rad-Touren-Fahrten (RTF), Country-Touren-Fahrten (CTF) und neuerdings auch Gravel-Touren-Fahrten (GTF) an, der typische Breitenradsportmix des Bundes Deutscher Radfahrer (BDR). Der RC 03 Ilbenstadt veranstaltet im Fr\u00fchjahr und Herbst j\u00e4hrlich zwei RTF-, CTF- und GTF-Veranstaltungen, die wetterbedingt im Mittel jeweils 400 \u2013 600 Teilnehmer pro Veranstaltung nach Ilbenstadt f\u00fchren. Gespannt verfolgen wir die Entwicklung der GTF, vom BDR jetzt digital und sprachlich modern vermarktet als \u201eGravelride\u201c mit der Teilnehmerbezeichnung \u201eGravellisti\u201c.<\/p>\n<p>Die Geehrten nahmen die Gl\u00fcckw\u00fcnsche der Versammlung, der Ehreng\u00e4ste, der Fachwarte RTF\/CTF und des Radwanderns sowie des gesamten Vorstandes entgegen und nehmen nat\u00fcrlich bis zum Jahresende den Wettbewerb auf Bezirks-, Landes- und Bundesebene wieder auf.<br \/>\nNach unterhaltsamer Feier, die zum Gedankenaustausch, auch zu ersten Planungen der neuen Saison 2024, dem Stecken neuer Ziele sowie Verabredungen zum und au\u00dferhalb des Radsportes anregte, ging man sp\u00e4t auseinander.<\/p>\n<p> <span style=\"color: #ff0000;\"><strong>Ein gro\u00dfes Dankesch\u00f6n<br \/>\nan Alle, die im Saisonverlauf in der Organisation und im Ablauf des Vereinslebens einen Beitrag geleistet haben , ohne die der Verein nicht auf Kurs gehalten werden kann und auch in schwerem Fahrwasser ihre Frau, ihren Mann stehen, die Gemeinschaft zusammenhalten.<br \/>\nNicht zuletzt auch Danke an die vielen guten Geister au\u00dferhalb und innerhalb des Vereins, die zum Gelingen unserer Abschlussfeier  beigetragen haben. <\/strong><\/span><\/p>\n","protected":false},"excerpt":{"rendered":"<p>Ein Hinweis vorab: Ja, wir wissen, dass die Breitenradsportsaison seit diesem Jahr das Kalenderjahr umfasst. Nein, wir schwimmen nicht gegen den Strom. Ja zum vereinsinternen Saisonabschluss mit Stichtag 31.10.2023, mit dessen unbeschwerter Feier im November dem Weihnachtstrubel und den Feierlichkeiten &hellip; <a href=\"https:\/\/www.rc03-ilbenstadt.de\/?p=11882\">Weiterlesen <span class=\"meta-nav\">&rarr;<\/span><\/a><\/p>\n","protected":false},"author":9,"featured_media":11291,"comment_status":"closed","ping_status":"closed","sticky":false,"template":"","format":"standard","meta":{"_crdt_document":"","footnotes":""},"categories":[1],"tags":[],"class_list":["post-11882","post","type-post","status-publish","format-standard","has-post-thumbnail","hentry","category-allgemein"],"_links":{"self":[{"href":"https:\/\/www.rc03-ilbenstadt.de\/index.php?rest_route=\/wp\/v2\/posts\/11882","targetHints":{"allow":["GET"]}}],"collection":[{"href":"https:\/\/www.rc03-ilbenstadt.de\/index.php?rest_route=\/wp\/v2\/posts"}],"about":[{"href":"https:\/\/www.rc03-ilbenstadt.de\/index.php?rest_route=\/wp\/v2\/types\/post"}],"author":[{"embeddable":true,"href":"https:\/\/www.rc03-ilbenstadt.de\/index.php?rest_route=\/wp\/v2\/users\/9"}],"replies":[{"embeddable":true,"href":"https:\/\/www.rc03-ilbenstadt.de\/index.php?rest_route=%2Fwp%2Fv2%2Fcomments&post=11882"}],"version-history":[{"count":5,"href":"https:\/\/www.rc03-ilbenstadt.de\/index.php?rest_route=\/wp\/v2\/posts\/11882\/revisions"}],"predecessor-version":[{"id":11891,"href":"https:\/\/www.rc03-ilbenstadt.de\/index.php?rest_route=\/wp\/v2\/posts\/11882\/revisions\/11891"}],"wp:featuredmedia":[{"embeddable":true,"href":"https:\/\/www.rc03-ilbenstadt.de\/index.php?rest_route=\/wp\/v2\/media\/11291"}],"wp:attachment":[{"href":"https:\/\/www.rc03-ilbenstadt.de\/index.php?rest_route=%2Fwp%2Fv2%2Fmedia&parent=11882"}],"wp:term":[{"taxonomy":"category","embeddable":true,"href":"https:\/\/www.rc03-ilbenstadt.de\/index.php?rest_route=%2Fwp%2Fv2%2Fcategories&post=11882"},{"taxonomy":"post_tag","embeddable":true,"href":"https:\/\/www.rc03-ilbenstadt.de\/index.php?rest_route=%2Fwp%2Fv2%2Ftags&post=11882"}],"curies":[{"name":"wp","href":"https:\/\/api.w.org\/{rel}","templated":true}]}}