{"id":11962,"date":"2023-12-24T00:00:08","date_gmt":"2023-12-23T23:00:08","guid":{"rendered":"https:\/\/www.rc03-ilbenstadt.de\/?p=11962"},"modified":"2024-12-09T19:44:12","modified_gmt":"2024-12-09T18:44:12","slug":"11962","status":"publish","type":"post","link":"https:\/\/www.rc03-ilbenstadt.de\/?p=11962","title":{"rendered":"<br>Weihnachten 2023<br><br>und<br><br>Jahreswechsel 2023\/2024<br><br><br>"},"content":{"rendered":"<p><strong>Liebe Vereinsmitglieder und Freunde des RC 03 Ilbenstadt,<\/strong><\/p>\n<p>im letzten Jahr sprachen wir an gleicher Stelle von &#8222;turbulenten Zeiten&#8220;. Wir k\u00f6nnten diese Wortwahl ohne Zweifel wiederholen &#8211; sie passt noch immer &#8211; und dar\u00fcber sinnieren, ob wir uns eventuell in einer Abw\u00e4rtsspirale befinden. Doch sparen wir diese Diskussion aus:  Wir  sind  wieder gut durch unser Sportjahr gekommen. Mit dem Verlauf unserer Veranstaltungen sind wir sehr zufrieden. Die aktiven Radsportlerinnen und Radsportler unter uns nahmen rege an RTF, CTF, Graveltouren und an anspruchsvollen Radwanderungen teil. Dabei hat das Wetter \u00fcberwiegend gute Bedingungen f\u00fcr unseren Sport geschaffen. <\/p>\n<p>Schon Ende November haben wir im Wei\u00dfen Saal des Hauses St. Gottfried den  <a href=\"https:\/\/www.rc03-ilbenstadt.de\/?page_id=11882\" rel=\"noopener noreferrer\"><strong>Jahresabschluss (siehe Bericht)<\/strong><\/a> gefeiert, ehrten unsere Sportlerinnen und Sportler und zeichneten verdiente Mitglieder unseres Vereines aus. Nicht zuletzt haben wir auf 120 Jahre RC 03 Ilbenstadt zur\u00fcckgeblickt. <\/p>\n<p>Alles in Allem sehen wir eine positive Entwicklung. Lasst uns gemeinsam daran arbeiten; erhalten und f\u00f6rdern wir unseren Radsport ohne die Geselligkeit im kleinen und im gro\u00dfen Rahmen nicht aus den Augen zu verlieren.<\/p>\n<p>Wir w\u00fcnschen Euch eine ruhige und besinnliche Weihnachtszeit, ein frohes Fest sowie einen schwungvollen Jahreswechsel in das neue Jahr 2024.<br \/>\nBleibt aktiv und gesund!<\/p>\n<p>F\u00fcr den Vorstand<br \/>\nMit sportlichen Gr\u00fc\u00dfen<\/p>\n<p>Wilhelm Schr\u00f6der<br \/>\nFachbereichsleiter \u00d6ffentlichkeitsarbeit und Sport<\/p>\n","protected":false},"excerpt":{"rendered":"<p>Liebe Vereinsmitglieder und Freunde des RC 03 Ilbenstadt, im letzten Jahr sprachen wir an gleicher Stelle von &#8222;turbulenten Zeiten&#8220;. Wir k\u00f6nnten diese Wortwahl ohne Zweifel wiederholen &#8211; sie passt noch immer &#8211; und dar\u00fcber sinnieren, ob wir uns eventuell in &hellip; <a href=\"https:\/\/www.rc03-ilbenstadt.de\/?p=11962\">Weiterlesen <span class=\"meta-nav\">&rarr;<\/span><\/a><\/p>\n","protected":false},"author":9,"featured_media":11121,"comment_status":"closed","ping_status":"closed","sticky":false,"template":"","format":"standard","meta":{"_crdt_document":"","footnotes":""},"categories":[1],"tags":[],"class_list":["post-11962","post","type-post","status-publish","format-standard","has-post-thumbnail","hentry","category-allgemein"],"_links":{"self":[{"href":"https:\/\/www.rc03-ilbenstadt.de\/index.php?rest_route=\/wp\/v2\/posts\/11962","targetHints":{"allow":["GET"]}}],"collection":[{"href":"https:\/\/www.rc03-ilbenstadt.de\/index.php?rest_route=\/wp\/v2\/posts"}],"about":[{"href":"https:\/\/www.rc03-ilbenstadt.de\/index.php?rest_route=\/wp\/v2\/types\/post"}],"author":[{"embeddable":true,"href":"https:\/\/www.rc03-ilbenstadt.de\/index.php?rest_route=\/wp\/v2\/users\/9"}],"replies":[{"embeddable":true,"href":"https:\/\/www.rc03-ilbenstadt.de\/index.php?rest_route=%2Fwp%2Fv2%2Fcomments&post=11962"}],"version-history":[{"count":4,"href":"https:\/\/www.rc03-ilbenstadt.de\/index.php?rest_route=\/wp\/v2\/posts\/11962\/revisions"}],"predecessor-version":[{"id":11971,"href":"https:\/\/www.rc03-ilbenstadt.de\/index.php?rest_route=\/wp\/v2\/posts\/11962\/revisions\/11971"}],"wp:featuredmedia":[{"embeddable":true,"href":"https:\/\/www.rc03-ilbenstadt.de\/index.php?rest_route=\/wp\/v2\/media\/11121"}],"wp:attachment":[{"href":"https:\/\/www.rc03-ilbenstadt.de\/index.php?rest_route=%2Fwp%2Fv2%2Fmedia&parent=11962"}],"wp:term":[{"taxonomy":"category","embeddable":true,"href":"https:\/\/www.rc03-ilbenstadt.de\/index.php?rest_route=%2Fwp%2Fv2%2Fcategories&post=11962"},{"taxonomy":"post_tag","embeddable":true,"href":"https:\/\/www.rc03-ilbenstadt.de\/index.php?rest_route=%2Fwp%2Fv2%2Ftags&post=11962"}],"curies":[{"name":"wp","href":"https:\/\/api.w.org\/{rel}","templated":true}]}}