{"id":12074,"date":"2024-02-04T15:58:23","date_gmt":"2024-02-04T14:58:23","guid":{"rendered":"https:\/\/www.rc03-ilbenstadt.de\/?p=12074"},"modified":"2024-02-04T21:27:41","modified_gmt":"2024-02-04T20:27:41","slug":"12074","status":"publish","type":"post","link":"https:\/\/www.rc03-ilbenstadt.de\/?p=12074","title":{"rendered":"Ilbenst\u00e4dter Radtouren<br>&#8222;Die fr\u00fche Osterfahrt&#8220;<br><br>Radwanderung am Montag, den 5. Februar 2024<br><br>Johann Wolfgang von Goethe<br>Der Klimawandel zieht &#8222;Osterspaziergang&#8220; vor<br><br><br>"},"content":{"rendered":"<p><strong>Liebe Mitglieder und Freunde des RC 03 Ilbenstadt,<\/strong><\/p>\n<p>dass sich mitten im tiefsten Winter &#8222;Hotspots&#8220; auftun, die unseren wetterf\u00fchligen Radwanderfachwart Erwin sofort auf den Plan rufen, h\u00e4tten wir uns vor  Jahren nicht zu denken gewagt. Von 9\u00b0 bis 14 \u00b0Celsius berichten die heimischen Wetterfr\u00f6sche. Da f\u00fcr unsere Gefilde erschwerend noch eine Niederschlagsfreiheit prognostiziert ist, gibt es kein Halten und die Einladung steht:<\/p>\n<p><strong>Start am Montag, den 5. Februar 2024<\/strong><br \/>\n<strong>um 11:00 Uhr am Assenheimer B\u00fcrgerhaus<\/strong><\/p>\n<p>Bevor wir uns der Tour zuwenden, bleiben wir noch kurz beim Wetter. H\u00e4tte Johann Wolfgang von Goethe heutige Wetterkapriolen vor Augen,  das Wagnis der Dichtung eines &#8222;Osterspazierganges&#8220; angegangen? Dabei hatte der alte Fuchs sich mit Ostern bereits eine rund 4-w\u00f6chige-Spanne ausgesucht, innerhalb derer die Osterfeierlichkeiten begangen werden k\u00f6nnen. Der fr\u00fcheste Termin w\u00e4re hier der 22. M\u00e4rz. Ihr wisst ja, dass sich die Terminierung nach dem ersten Fr\u00fchlingsvollmond richtet &#8230;<br \/>\nVom Eise befreit sind heute Strom und B\u00e4che seit langem und jetzt auch alle Wege, lieber Ulli, so dass wir in bunten Outfits munter auf die Ausfahrt gehen k\u00f6nnen. Sicherlich <!--more-->werden wir des Weges viele Zeitgenossen sehen, die auch gen\u00fcsslich in den schon fr\u00fchlingshaft anmutenden Wintersonnenstrahlen aalend die zentralbeheizten Stuben  hinter sich gelassen haben.<br \/>\nGem\u00fctlich rollen wir auf dem Hessenradweg R4 der Nidda entlang nach S\u00fcden, verlassen diese, um \u00fcber Niederdorfelden die Hohe Stra\u00dfe zu erreichen. Hier w\u00e4re die Gelegenheit, um im goetheschen \u00f6sterlichen Bild zu bleiben, die Blicke von der H\u00f6he herab in die gr\u00fcnende Flur &#8211; ein bisschen Phantasie geh\u00f6rt auch dazu &#8211; schweifen zu lassen, ob ein &#8222;buntes Gewimmel&#8220; sich zeigt, dass sich in die &#8222;G\u00e4rten und Felder zerschl\u00e4gt&#8220;.  In H\u00f6he Kilianst\u00e4dtens kann auf der Hohen Stra\u00dfe dem \u00dcbermut freien Lauf gelassen werden, findet sich dort doch eine Vogelnestschaukel, die nicht nur Kindern freudige Momente bescheren kann.<br \/>\nNach dem Verlassen der Hohen Stra\u00dfe, die wir notwendigerweise nutzen mussten, um von der Nidda zur Nidder zu gelangen, streben wir Windecken und Heldenbergen entgegen. Dort kehren wir in den Cafetrakt einer B\u00e4ckerei ein, die auch Bed\u00fcrfnisse einer Radlerschar abdecken kann. Mit Kaffee und Kuchen pr\u00e4pariert geht es weiter nach Eichen und H\u00f6chst, einem Streckenteil, der vom Hochwasser wieder freigegeben ist, lassen Kloster Engelthal links liegen, k\u00e4mpfen uns \u00fcber den H\u00fcgel und mit Stammheim und Florstadt vor Augen liegt diese Tour schon in den letzten Z\u00fcgen. Wir haben es geschafft, und wer sich mit der Wetterentwicklung der n\u00e4chsten Tage und Wochen auseinandergesetzt hat, kann vielleicht den n\u00e4chsten Termin zu einer unvergesslichen Ausfahrt erahnen. <\/p>\n<p>Am Ziel werden wir rund 62 Kilometer in den Beinen haben, 333 H\u00f6henmeter sind zu &#8222;b\u00fcgeln&#8220;.<\/p>\n<p>Ist das Interesse geweckt, freut sich der RC 03 Ilbenstadt auf eine rege Teilnahme.<br \/>\nErwin Loscher ist f\u00fcr R\u00fcckfragen unter der Telefonnummer 01512 02 30 745 erreichbar.<\/p>\n<p>Streckendownload f\u00fcr Navigationsger\u00e4te:<br \/>\n<a href=\"https:\/\/rc03-ilbenstadt.de\/GPX\/GPX-RW\/RC03_RW_240205_Fruehe_Osterfahrt.gpx\">Radwanderung \u201eFr\u00fche Osterfahrt\u201c<\/a><\/p>\n<p>Kartendarstellung in uMap:<br \/>\n<a href=\"http:\/\/umap.openstreetmap.fr\/de\/map\/rc03_rw_240205_fruhe_osterfahrt_1019379#11\/50.2484\/8.8390\" target=\"_blank\" rel=\"noopener\">Radwanderung \u201eFr\u00fche Osterfahrt\u201c<br \/>(Vollbildanzeige)<\/a><br \/>\n<iframe loading=\"lazy\" width=\"200%\" height=\"300px\" frameborder=\"0\" allowfullscreen allow=\"geolocation\" src=\"\/\/umap.openstreetmap.fr\/de\/map\/rc03_rw_240205_fruhe_osterfahrt_1019379?scaleControl=true&#038;miniMap=false&#038;scrollWheelZoom=true&#038;zoomControl=true&#038;editMode=disabled&#038;moreControl=true&#038;searchControl=true&#038;tilelayersControl=null&#038;embedControl=null&#038;datalayersControl=true&#038;onLoadPanel=undefined&#038;captionBar=false&#038;captionMenus=true&#038;datalayers=3148990%2C3149294&#038;fullscreenControl=true&#038;measureControl=true#11\/50.2484\/8.8390\"><\/iframe><\/p>\n<p>Kartendarstellung in Komoot:<br \/>\n<a href=\"https:\/\/www.komoot.de\/tour\/1431365138\" target=\"_blank\" rel=\"noopener\">Radwanderung \u201eFr\u00fche Osterfahrt\u201c<br \/>(Vollbildanzeige)<\/a><\/p>\n<p>F\u00fcr das Radwanderteam<br \/>\nWilhelm Schr\u00f6der<br \/>\nFachbereichsleiter \u00d6ffentlichkeitsarbeit und Sport<\/p>\n","protected":false},"excerpt":{"rendered":"<p>Liebe Mitglieder und Freunde des RC 03 Ilbenstadt, dass sich mitten im tiefsten Winter &#8222;Hotspots&#8220; auftun, die unseren wetterf\u00fchligen Radwanderfachwart Erwin sofort auf den Plan rufen, h\u00e4tten wir uns vor Jahren nicht zu denken gewagt. Von 9\u00b0 bis 14 \u00b0Celsius &hellip; <a href=\"https:\/\/www.rc03-ilbenstadt.de\/?p=12074\">Weiterlesen <span class=\"meta-nav\">&rarr;<\/span><\/a><\/p>\n","protected":false},"author":9,"featured_media":10165,"comment_status":"closed","ping_status":"closed","sticky":false,"template":"","format":"standard","meta":{"_crdt_document":"","footnotes":""},"categories":[1],"tags":[],"class_list":["post-12074","post","type-post","status-publish","format-standard","has-post-thumbnail","hentry","category-allgemein"],"_links":{"self":[{"href":"https:\/\/www.rc03-ilbenstadt.de\/index.php?rest_route=\/wp\/v2\/posts\/12074","targetHints":{"allow":["GET"]}}],"collection":[{"href":"https:\/\/www.rc03-ilbenstadt.de\/index.php?rest_route=\/wp\/v2\/posts"}],"about":[{"href":"https:\/\/www.rc03-ilbenstadt.de\/index.php?rest_route=\/wp\/v2\/types\/post"}],"author":[{"embeddable":true,"href":"https:\/\/www.rc03-ilbenstadt.de\/index.php?rest_route=\/wp\/v2\/users\/9"}],"replies":[{"embeddable":true,"href":"https:\/\/www.rc03-ilbenstadt.de\/index.php?rest_route=%2Fwp%2Fv2%2Fcomments&post=12074"}],"version-history":[{"count":6,"href":"https:\/\/www.rc03-ilbenstadt.de\/index.php?rest_route=\/wp\/v2\/posts\/12074\/revisions"}],"predecessor-version":[{"id":12088,"href":"https:\/\/www.rc03-ilbenstadt.de\/index.php?rest_route=\/wp\/v2\/posts\/12074\/revisions\/12088"}],"wp:featuredmedia":[{"embeddable":true,"href":"https:\/\/www.rc03-ilbenstadt.de\/index.php?rest_route=\/wp\/v2\/media\/10165"}],"wp:attachment":[{"href":"https:\/\/www.rc03-ilbenstadt.de\/index.php?rest_route=%2Fwp%2Fv2%2Fmedia&parent=12074"}],"wp:term":[{"taxonomy":"category","embeddable":true,"href":"https:\/\/www.rc03-ilbenstadt.de\/index.php?rest_route=%2Fwp%2Fv2%2Fcategories&post=12074"},{"taxonomy":"post_tag","embeddable":true,"href":"https:\/\/www.rc03-ilbenstadt.de\/index.php?rest_route=%2Fwp%2Fv2%2Ftags&post=12074"}],"curies":[{"name":"wp","href":"https:\/\/api.w.org\/{rel}","templated":true}]}}