{"id":12128,"date":"2024-02-19T16:39:17","date_gmt":"2024-02-19T15:39:17","guid":{"rendered":"https:\/\/www.rc03-ilbenstadt.de\/?p=12128"},"modified":"2024-02-19T21:54:06","modified_gmt":"2024-02-19T20:54:06","slug":"ilbenstaedter-radtourendurch-die-suedliche-wetterau-nach-bad-vilbelradwanderung-am-dienstag-den-20-februar-2024fahrradfahren-und-pausierenkoestlichkeiten-auf-dem-laupushof-warten","status":"publish","type":"post","link":"https:\/\/www.rc03-ilbenstadt.de\/?p=12128","title":{"rendered":"Ilbenst\u00e4dter Radtouren<br>&#8222;Durch die s\u00fcdliche Wetterau nach Bad Vilbel&#8220;<br><br>Radwanderung am Dienstag, den 20. Februar 2024<br><br>Fahrradfahren und pausieren<br>K\u00f6stlichkeiten auf dem Laupushof warten!<br><br><br>"},"content":{"rendered":"<p><strong>Liebe Mitglieder und Freunde des RC 03 Ilbenstadt,<\/strong> <\/p>\n<p>es ist zwar bew\u00f6lkt, einer Beregnung der aktiven Zweiradfahrergemeinschaft wurde eine Absage erteilt und, man h\u00f6re und staune, die Sonne wird sich hier und da zwischen die Wolkenl\u00fccken dr\u00e4ngen. Mit anderen Worten, es herrscht bestes Wetter f\u00fcr eine Ausfahrt. Unser Radwanderfachwrt Erwin l\u00e4dt herzlich ein:<\/p>\n<p><strong>Start am Dienstag, den 20. Februar 2024<\/strong><br \/>\n<strong>um 11:00 Uhr am Assenheimer B\u00fcrgerhaus<\/strong><br \/>\n<strong>um 10:15 Uhr in Reichelsheim, Bahn\u00fcbergang an der Kleiststra\u00dfe<\/strong><\/p>\n<p>Endlich, wir fahren mal wieder eine Rundtour im Uhrzeigersinn. Es geht  \u00fcber den Hessenradweg R 4 der Nidda entlang nach Bad Vilbel und weiter zur Pause auf den Laupushof, der sich inmitten fruchtbarer Felder unweit des Vilbeler Stadtteiles Massenheim ansteuern l\u00e4sst.<br \/>\nErwins Ank\u00fcndigung der Radtour war schon kurzfristig. Meine verz\u00f6gerte Reaktion steigert dies noch, verlangt Euch <!--more-->eine schnelle Entscheidung ab. <\/p>\n<p>Wenn Ihr Euch auf den Weg macht, verlasst Ihr damit nicht vertrautes Terrain.  <a href=\"https:\/\/de.wikipedia.org\/wiki\/Bad_Vilbel\" target=\"_blank\" rel=\"noopener\">Bad Vilbel<\/a>  k\u00f6nnte unsere n\u00e4here Betrachtung verdienen. Eine gr\u00f6\u00dfere Stadt mit fast 36.000 Einwohnern liegt in der S\u00fcdspitze des Wetteraukreises vor uns. Von Frankfurt trennt uns hier nur noch der &#8222;Berger R\u00fccken&#8220;, der uns zuk\u00fcnftig sicher noch im Detail besch\u00e4ftigen wird. Von Vilbel steigt er in Richtung des Stadtteiles Heilsberg relativ sanft an, was insbesondere nicht elektrifizierte Radfahrer fordert. Auf seiner S\u00fcdseite, dies sei kurz erw\u00e4hnt, f\u00e4llt der Berger R\u00fccken relativ steil ab; hier hat der Main, insbesondere in der Zeit des rund 2.588 Millionen Jahre dauernden Pleistoz\u00e4ns, in unerm\u00fcdlicher Kleinarbeit das kalkhaltige Terrain abgetragen und in Richtung Rhein bef\u00f6rdert. Damit liegt die Frankfurter Innenstadt um etwa 10 m niedriger als die sich hinter dem R\u00fccken kauernde Wetterauer Gro\u00dfstadt Bad Vilbel.<br \/>\nIn Anbetracht der K\u00fcrze der Zeit \u00fcbe ich Verzicht, Verzicht auf den geschichtlichen \u00dcberblick, der nicht uninteressant zu sein scheint. Bandkeramiker, nat\u00fcrlich auch Kelten, Germanen und R\u00f6mer sowie der Kriegerverband der Burgunder pr\u00e4gten die Entwicklung und der Zeitablauf der Geschichte l\u00e4sst sicher auch das ein oder andere Unwesen vergessen machen. Im Mittelalter bis hin zur Neuzeit wird es problematisch, das dauernde Geschacher, die Verschenkerei, der Tauschhandel, die Vererberei inklusive diverser Machtspiele Bad Vilbel mit Mann und Maus betreffend differenziert im \u00dcberblick zu behalten. Dazu ist ein Adelsexperte, der souver\u00e4n durch Taufen, Hochzeiten und Begr\u00e4bnisse des Hochadels f\u00fchren kann, sicher ein besserer Ansprechpartner.<br \/>\nHeute macht Bad Vilbel durch sein Renommee als &#8222;Bad&#8220; Furore (?). Die salz- und mineralhaltigen Quellen begr\u00fcndeten einst einen regen Kurbetrieb. Heute, so mein Eindruck, f\u00fcllt man das Nass lieber in Flaschen und verkauft es in alle Welt. Da denke ich noch an die Pipeline von Rosbach nach Bad Vilbel, die das Wasser des Rosbacher Brunnens nach Bad Vilbel in die dortigen Abf\u00fcllanlagen lenkt. Sollte dies den Niedergang eigener Vilbeler Quellen kaschieren? Nein, das wertvolle Rosbacher Nass, Kalzium und Magnesium reichlich im Verh\u00e4ltnis 2:1 enthaltend, einst werblich durch den RC 03 Ilbenstadt mit repr\u00e4sentiert, sp\u00e4ter voll auf unseren Rennfahrer &#8222;Schumi&#8220; setzend, ist wohl eine der Premiummarken des Abf\u00fcllers Hassia. Nebenbei:  <a href=\"https:\/\/www.rosbacher.de\/magazin\/eine-marke-mit-geschichte\" target=\"_blank\" rel=\"noopener\">Rosbach Wasser<\/a>  wurde bereits 1565 schriftlich erw\u00e4hnt und war in wechselvoller Geschichte 1901 von einem schottischen Whiskey-Brennerei-Besitzer erworben worden. Ob sich sein Whiskey damit verbessert hat, lassen wir mal dahingestellt. Auf jeden Fall f\u00fchrt das Wasser seit jenen Tagen einen L\u00f6wen auf dem Etikett, war doch der Brenner auch k\u00f6niglicher Hoflieferant auf der abgelegenen Insel.<\/p>\n<p>Damit wir das Radfahren nicht ganz vergessen, denken wir kurz an die Rast auf dem  <a href=\"https:\/\/laupushof.de\/cafe\/\" target=\"_blank\" rel=\"noopener\">Laupushof<\/a> . &#8222;Laupus&#8220; ist der Familienname des Hofinhabers. Keine Ahnung, woher dieser Name stammt, die latinisierte Form macht aber was her. Vielleicht lag  diesem einmal der Wolf, ein lateinischer Lupus zugrunde, der mundartlich verf\u00e4rbt heute den Namenstr\u00e4ger ziert. Auf der Suche nach der Namensherkunft geriet mir die Seite  <a href=\"https:\/\/www.sprachnudel.de\/linguistik\/angewandte-linguistik\/quantitative-linguistik\/grundwortschatz\" target=\"_blank\" rel=\"noopener\">www.sprachnudel.de<\/a>  unter die Tastatur. Interessante Inhalte werden dort geschaffen. Wusstet Ihr, dass mit einem deutschen Grundwortschatz von 1.285  W\u00f6rtern 80 % der Textinhalte erschlossen werden k\u00f6nnen? Mit der Steigerung auf 90 % und 95 % w\u00e4chst das Textverst\u00e4ndnis \u00fcber 2.000 und 4.000 W\u00f6rter an; welch ein Aufwand! Bleibt locker, ein erwachsener deutscher Muttersprachler pflegt einen aktiven Wortschatz von 12.000 bis 16.000 Worten, passiv ist er in 50.000 Worten unterwegs. Es beruhigt mich au\u00dferordentlich, dass meine Texte in der Regel erfasst werden k\u00f6nnen &#8230;<\/p>\n<p>Die Pause ist vorbei und die R\u00fcckfahrt wird schnell absolviert:<br \/>\nNieder-Erlenbach, vorbei an Sportplatz und Riedhof, Petterweil und Ober-W\u00f6llstadt lassen uns fast zum Industriegebiet Friedbergs eilen, doch biegen wir zuvor nach Bruchenbr\u00fccken, 1282\/1283 als &#8222;Brugenbrukke&#8220; bekannt, ab. Jetzt fahren wir eine eigentlich &#8222;unn\u00f6tige&#8220; Schleife, allein aus der puren Lust geboren, mit surrenden Speichen den Wind verwirbelnd durch die sanfth\u00fcgelige Flur nach Ossenheim, Bauernheim, Dorn-Assenheim und Florstadt &#8211; das gute Eis ist noch nicht anger\u00fchrt &#8211; wieder nach Assenheim zu gelangen.<\/p>\n<p>62 Kilometer und 260 H\u00f6henmeter werden wir am Ende der Tour in den Beinen haben. Dazu kommen noch ein &#8222;paar Meter&#8220; von zu Hause an das Assenheimer B\u00fcrgerhaus und zur\u00fcck.<\/p>\n<p>Ist das Interesse geweckt, freut sich der RC 03 Ilbenstadt auf eine rege Teilnahme.<br \/>\nErwin Loscher ist f\u00fcr R\u00fcckfragen unter der Telefonnummer 01512 02 30 745 erreichbar.<\/p>\n<p>Streckendownload f\u00fcr Navigationsger\u00e4te:<br \/>\n<a href=\"https:\/\/rc03-ilbenstadt.de\/GPX\/GPX-RW\/RC03_RW_240220_Suedliche_Wetterau_BV_Laupushof_62km.gpx\">Radwanderung \u201eS\u00fcdliche Wetterau -Bad Vilbel-Laupushof&#8220;<\/a><\/p>\n<p>Kartendarstellung in uMap:<br \/>\n<a href=\"https:\/\/umap.openstreetmap.fr\/de\/map\/rc03_ilbenstadt_rw_240220_sudliche_wetterau_bv_lau_1026580\" target=\"_blank\" rel=\"noopener\">Radwanderung \u201eS\u00fcdliche Wetterau -Bad Vilbel-Laupushof\u201c<br \/>(Vollbildanzeige)<\/a><br \/>\n<iframe loading=\"lazy\" width=\"200%\" height=\"300px\" frameborder=\"0\" allowfullscreen allow=\"geolocation\" src=\"\/\/umap.openstreetmap.fr\/de\/map\/rc03_ilbenstadt_rw_240220_sudliche_wetterau_bv_lau_1026580?scaleControl=true&#038;miniMap=false&#038;scrollWheelZoom=true&#038;zoomControl=true&#038;editMode=disabled&#038;moreControl=true&#038;searchControl=true&#038;tilelayersControl=null&#038;embedControl=null&#038;datalayersControl=true&#038;onLoadPanel=undefined&#038;captionBar=false&#038;captionMenus=true&#038;datalayers=3176788%2C3176790&#038;fullscreenControl=true&#038;measureControl=true\"><\/iframe><\/p>\n<p>F\u00fcr das Radwanderteam<br \/>\nWilhelm Schr\u00f6der<br \/>\nFachbereichsleiter \u00d6ffentlichkeitsarbeit und Sport<\/p>\n","protected":false},"excerpt":{"rendered":"<p>Liebe Mitglieder und Freunde des RC 03 Ilbenstadt, es ist zwar bew\u00f6lkt, einer Beregnung der aktiven Zweiradfahrergemeinschaft wurde eine Absage erteilt und, man h\u00f6re und staune, die Sonne wird sich hier und da zwischen die Wolkenl\u00fccken dr\u00e4ngen. Mit anderen Worten, &hellip; <a href=\"https:\/\/www.rc03-ilbenstadt.de\/?p=12128\">Weiterlesen <span class=\"meta-nav\">&rarr;<\/span><\/a><\/p>\n","protected":false},"author":9,"featured_media":10165,"comment_status":"closed","ping_status":"closed","sticky":false,"template":"","format":"standard","meta":{"_crdt_document":"","footnotes":""},"categories":[1],"tags":[],"class_list":["post-12128","post","type-post","status-publish","format-standard","has-post-thumbnail","hentry","category-allgemein"],"_links":{"self":[{"href":"https:\/\/www.rc03-ilbenstadt.de\/index.php?rest_route=\/wp\/v2\/posts\/12128","targetHints":{"allow":["GET"]}}],"collection":[{"href":"https:\/\/www.rc03-ilbenstadt.de\/index.php?rest_route=\/wp\/v2\/posts"}],"about":[{"href":"https:\/\/www.rc03-ilbenstadt.de\/index.php?rest_route=\/wp\/v2\/types\/post"}],"author":[{"embeddable":true,"href":"https:\/\/www.rc03-ilbenstadt.de\/index.php?rest_route=\/wp\/v2\/users\/9"}],"replies":[{"embeddable":true,"href":"https:\/\/www.rc03-ilbenstadt.de\/index.php?rest_route=%2Fwp%2Fv2%2Fcomments&post=12128"}],"version-history":[{"count":6,"href":"https:\/\/www.rc03-ilbenstadt.de\/index.php?rest_route=\/wp\/v2\/posts\/12128\/revisions"}],"predecessor-version":[{"id":12141,"href":"https:\/\/www.rc03-ilbenstadt.de\/index.php?rest_route=\/wp\/v2\/posts\/12128\/revisions\/12141"}],"wp:featuredmedia":[{"embeddable":true,"href":"https:\/\/www.rc03-ilbenstadt.de\/index.php?rest_route=\/wp\/v2\/media\/10165"}],"wp:attachment":[{"href":"https:\/\/www.rc03-ilbenstadt.de\/index.php?rest_route=%2Fwp%2Fv2%2Fmedia&parent=12128"}],"wp:term":[{"taxonomy":"category","embeddable":true,"href":"https:\/\/www.rc03-ilbenstadt.de\/index.php?rest_route=%2Fwp%2Fv2%2Fcategories&post=12128"},{"taxonomy":"post_tag","embeddable":true,"href":"https:\/\/www.rc03-ilbenstadt.de\/index.php?rest_route=%2Fwp%2Fv2%2Ftags&post=12128"}],"curies":[{"name":"wp","href":"https:\/\/api.w.org\/{rel}","templated":true}]}}