{"id":12264,"date":"2024-04-11T12:00:54","date_gmt":"2024-04-11T10:00:54","guid":{"rendered":"https:\/\/www.rc03-ilbenstadt.de\/?p=12264"},"modified":"2024-04-11T19:21:12","modified_gmt":"2024-04-11T17:21:12","slug":"ilbenstaedter-radtourenkirschbluetentour-und-die-nordoestliche-wetterauradwanderung-am-freitag-den-12-april-2024ockstadt-versunken-im-bluetenmeer","status":"publish","type":"post","link":"https:\/\/www.rc03-ilbenstadt.de\/?p=12264","title":{"rendered":"Ilbenst\u00e4dter Radtouren<br>&#8222;Kirschbl\u00fctentour und die nord\u00f6stliche Wetterau&#8220;<br><br>Radwanderung am Freitag, den 12. April 2024<br><br>Ockstadt<br>&#8211; Versunken im Bl\u00fctenmeer<br><br><br>"},"content":{"rendered":"<p><strong>Liebe Mitglieder und Freunde des RC 03 Ilbenstadt,<\/strong><\/p>\n<p>wie angenehm, dass sich im Laufe der Zeiten manches wiederholt. Dazu geh\u00f6rt unsere Kirschbl\u00fctenfahrt, die wir am 27. April letzten Jahres unter die R\u00e4der nahmen. In diesem Jahr hat es der Wettergott im April moderater angehen lassen, so ein Deutungsversuch zu Erwins spontanem Entschluss, bereits auf der Urlaubsheimfahrt neue Pl\u00e4ne zu schmieden. Aber was sprechen wir von einem Wettergott, Erwin ist Chef und f\u00fcr das Wetter zust\u00e4ndig. Dass Wetter Chefsache ist, hat auch der <a href=\"https:\/\/www.katholisch.de\/artikel\/18540-warum-ist-petrus-fuers-wetter-zustaendig\">Religionswissenschaftler Theodor Lohmann in einem Artikel auf der Webseite www.katholisch.de<\/a>  erkl\u00e4rt. Aber, widerspr\u00fcchlich wie eine Religion so ist, ist weder Gott, noch sein Stellvertreter auf Erden zust\u00e4ndiger Wetterk\u00fcchenchef, sondern der Himmelspf\u00f6rtner Petrus, ein ehemaliger Fischer und nun posthum t\u00e4tiger Apostel. Wir nehmen das als Blaupause und \u00fcbertragen, besser belassen, die Wetterzust\u00e4ndigkeit bei Erwin.<!--more--><br \/>\nDa mir nicht viel Raum bleibt, um der Digression zu fr\u00f6nen, muss ich die Steilvorlagen Ockstadt, Kirschen und die Verbindung mit Steinfurth unter der \u00dcberschrift &#8222;Von der Sammelnuss zur Steinfrucht&#8220; die mich bis Walther von der Vogelweide gef\u00fchrt h\u00e4tte, leider bis 2025 liegen lassen.<\/p>\n<p>So, jetzt schnell zur Ausschreibung mit dem Einladungstext zu 2023. Abfahrtsort- und zeit werden heute Abend verbindlich festgelegt. Die Nachfolgenden Angaben sind ein erster Vorschlag.<\/p>\n<p><strong>Zum 27. April 2023 ereilte Euch die Erstausschreibung, jetzt mit aktualisierten Startdaten 2024, mit folgendem Text:<\/strong><\/p>\n<p>(&#8230;) die Achterbahnfahrt des April hat es in sich. Es ist schon lange her, dass sich der April derart launisch zeigte. Sicher k\u00f6nnen wir die Wetterschwankungen ertragen, auch wenn sich gutes Radfahrwetter anders anf\u00fchlt, doch die ein oder andere zart beseitete Pflanze hat an den sporadischen Nachtfr\u00f6sten zu knabbern. Hoffen wir, dass die Pflanzenwelt und vor allem die Kirschbl\u00fcte gut durch die Nachtfr\u00f6ste kommt. Der optimistische Radwanderfachwart Erwin l\u00e4dt herzlich zur Kirschbl\u00fctenfahrt mit Abstecher in den Nordosten der Wetterau ein. Nebenbei: Das Wetter wird hervorragend!<\/p>\n<p><strong>Start am Freitag, den 12.April 2024<\/strong><br \/>\n<strong>um 10:30 Uhr an der Wickst\u00e4dter Niddabr\u00fccke<\/strong><br \/>\n<strong>um 10:00 Uhr am Reichelsheimer Bahn\u00fcbergang in der Kleiststra\u00dfe f\u00fcr die Bingenheimer\/Echzeller Gruppe<\/strong><\/p>\n<p>Zum Kirschbl\u00fctenfest &#8222;Hanami&#8220; nach Japan reisen und in die rosa Bl\u00fctenmeere eintauchen? Das hat kein Wetterauer n\u00f6tig, kann er sich doch am wei\u00dfen Kirschbl\u00fctenmeer am Ockst\u00e4dter Kirschenberg berauschen. Rund 42.000 Kirschb\u00e4ume verzaubern eine Landschaft. Diesen Genuss k\u00f6nnen wir uns nicht entgehen lassen. So fahren wir oberhalb des Kirschenberges n\u00f6rdlich an Ockstadt vorbei und k\u00f6nnen diese Bl\u00fctenpracht mit all unseren Sinnen aufnehmen.<br \/>\nOckstadt, zur Kirschbl\u00fcte wird von der  <a href=\"https:\/\/tourismus.wetterau.de\/natur\/aktivitaeten\/wandern\/wetterausflug\/zu-den-ockstaedter-kirschen\">TourismusRegion Wetterau<\/a>, auch f\u00fcr Wanderfreunde empfohlen. Hier erfahren wir interessante Details rund um die Kirsche. Auch, dass die amerikanische Unabh\u00e4ngigkeitserkl\u00e4rung Ausl\u00f6ser des Kirschenanbaues in Ockstadt war. Denn damit brachen die Baumwolllieferungen weg und die Ockst\u00e4dter Baumwollverarbeiter mussten sich wirtschaftlich umorientieren. So kam man 1776 auf die Kirsche und passte deren Kultur und Geschmack den jeweiligen Kundenw\u00fcnschen an. War denn der Wechsel vom Hochstamm zum Niederstamm verbesserten, effektiveren Produktionsbedingungen geschuldet, war der Anbau der Sorten, weg von den Hedelfingern, hin zu Kordia, Early Korvic, Schneiders, Naprumi, Burlad und Regina dann dem Zeitgeschmack geschuldet. Da die Sorten nicht gleichzeitig zur Reife gelangten, dehnte man en passant die Saison etwas aus und f\u00fcllte die Kasse. Letztere war in der Vergangenheit nach Dauerregenperioden, strengen Nachtfr\u00f6sten und Hagelschl\u00e4gen ein ums andere Mal auch leer geblieben.<\/p>\n<p> Wir verlassen die Kirschen. Und, versprochen, Ockstadt wird im Laufe des Radwanderjahres weiter im Programm bleiben. Da nehmen wir uns des Schlosses Frankenstein an &#8230;<br \/>\n Jetzt steuern wir unsere R\u00e4derwestlich an Ober-M\u00f6rlen vorbei. Die n\u00e4chsten Stationen sind Fauerbach, Ostheim, Nieder-Weisel, Rockenberg und schon erhebt sich vor uns das Wetterauer Tintenfass, die M\u00fcnzenburg. Weiter gehts es \u00fcber Obbornhofen zum W\u00f6lfersheimer See. Das &#8222;Tagebau Restloch&#8220; von etwa 40 Hektar, die H\u00e4lfte des ehemaligen Tagebaues. Der See diente w\u00e4hrend des Kraftwerksbetriebes unweit seines Ufers als &#8222;K\u00fchlteich&#8220;, eine Verwendung die unter heutigen Bedingungen undenkbar w\u00e4re. In dem aufgew\u00e4rmten Wasser tummelten sich Fische, auch Schildkr\u00f6ten, die in unseren heimischen Gew\u00e4ssern sonst nicht anzutreffen sind. Nach der Kraftwerksstilllegung wurde das Wasser wieder kalt, die &#8222;Tropenphase&#8220; des See klang ab und heute ist der See wieder mit heimischen Fischarten pr\u00e4sent. Daf\u00fcr sorgt nicht zuletzt der Angelverein.<\/p>\n<p> Melbach, Beienheim, Weckesheim Dorn-Assenheim und Assenheim sind uns wohlbekannt; Wickstadt ist nicht mehr weit. Eine sch\u00f6ne Tour geht hier zu Ende. Doch halt! Wir hatten noch nicht \u00fcber eine Rast gesprochen. Erwin hat auch keinen Hinweis gegeben. Seid versichert, eine Rast kommt. Ist es der Birkenhof in Fauerbach, oder haben Nieder-Weisel, Rockenberg oder M\u00fcnzenberg die Nase beim Einkehrschwung vorn.  Lasst euch \u00fcberraschen.<\/p>\n<p>  In Wickstadt liegt die rund 70  Kilometer lange Tour mit ihren 486 H\u00f6henmetern hinter uns. Wer auf Trekking-, Tourenrad oder Mountainbike sa\u00df, hat die richtige Wahl f\u00fcr diese Wintertour getroffen.<\/p>\n<p>Ist das Interesse geweckt, freut sich der RC 03 Ilbenstadt auf eine rege Teilnahme.<br \/>\nErwin Loscher ist f\u00fcr R\u00fcckfragen unter der Telefonnummer 01512 02 30 745 erreichbar.<\/p>\n<p>F\u00fcr das Radwanderteam<\/p>\n<p>Wilhelm Schr\u00f6der<br \/>\nFachbereichsleiter \u00d6ffentlichkeitsarbeit und Sport (RTF\/CTF)<\/p>\n<p>Streckendownload f\u00fcr Navigationsger\u00e4te:<br \/>\nRadwanderung &#8222;Die Kirschbl\u00fctentour mit einem Abstecher in den Wetterauer Nordosten&#8220;<br \/>\n<a href=\"https:\/\/rc03-ilbenstadt.de\/GPX\/GPX-RW\/RC03_RW_230427_Wickstadt_Kirschbl\u00fcten_WetterauNO\">RC03_RW_230427_Wickstadt_Kirschbl\u00fcten_WetterauNO<\/a><\/p>\n<p>Kartendarstellung:<br \/>\n<a href=\"http:\/\/umap.openstreetmap.fr\/de\/map\/rc03_rw_230427_wickstadt_kirschbluten_wetterau_no_905017#13\/50.3992\/8.7087\" target=\"_blank\" rel=\"noopener\">Radwanderung  &#8222;Die Kirschbl\u00fctentour mit einem Abstecher in den Wetterauer Nordosten&#8220;<br \/>(Vollbildanzeige)<\/a><br \/>\n<iframe loading=\"lazy\" width=\"200%\" height=\"300px\" frameborder=\"0\" allowfullscreen src=\"\/\/umap.openstreetmap.fr\/de\/map\/rc03_rw_230427_wickstadt_kirschbluten_wetterau_no_905017?scaleControl=true&#038;miniMap=false&#038;scrollWheelZoom=true&#038;zoomControl=true&#038;allowEdit=false&#038;moreControl=true&#038;searchControl=true&#038;tilelayersControl=true&#038;embedControl=true&#038;datalayersControl=true&#038;onLoadPanel=undefined&#038;captionBar=false&#038;fullscreenControl=true&#038;measureControl=true\"><\/iframe><\/p>\n","protected":false},"excerpt":{"rendered":"<p>Liebe Mitglieder und Freunde des RC 03 Ilbenstadt, wie angenehm, dass sich im Laufe der Zeiten manches wiederholt. Dazu geh\u00f6rt unsere Kirschbl\u00fctenfahrt, die wir am 27. April letzten Jahres unter die R\u00e4der nahmen. In diesem Jahr hat es der Wettergott &hellip; <a href=\"https:\/\/www.rc03-ilbenstadt.de\/?p=12264\">Weiterlesen <span class=\"meta-nav\">&rarr;<\/span><\/a><\/p>\n","protected":false},"author":9,"featured_media":10165,"comment_status":"closed","ping_status":"closed","sticky":false,"template":"","format":"standard","meta":{"_crdt_document":"","footnotes":""},"categories":[1],"tags":[],"class_list":["post-12264","post","type-post","status-publish","format-standard","has-post-thumbnail","hentry","category-allgemein"],"_links":{"self":[{"href":"https:\/\/www.rc03-ilbenstadt.de\/index.php?rest_route=\/wp\/v2\/posts\/12264","targetHints":{"allow":["GET"]}}],"collection":[{"href":"https:\/\/www.rc03-ilbenstadt.de\/index.php?rest_route=\/wp\/v2\/posts"}],"about":[{"href":"https:\/\/www.rc03-ilbenstadt.de\/index.php?rest_route=\/wp\/v2\/types\/post"}],"author":[{"embeddable":true,"href":"https:\/\/www.rc03-ilbenstadt.de\/index.php?rest_route=\/wp\/v2\/users\/9"}],"replies":[{"embeddable":true,"href":"https:\/\/www.rc03-ilbenstadt.de\/index.php?rest_route=%2Fwp%2Fv2%2Fcomments&post=12264"}],"version-history":[{"count":5,"href":"https:\/\/www.rc03-ilbenstadt.de\/index.php?rest_route=\/wp\/v2\/posts\/12264\/revisions"}],"predecessor-version":[{"id":12272,"href":"https:\/\/www.rc03-ilbenstadt.de\/index.php?rest_route=\/wp\/v2\/posts\/12264\/revisions\/12272"}],"wp:featuredmedia":[{"embeddable":true,"href":"https:\/\/www.rc03-ilbenstadt.de\/index.php?rest_route=\/wp\/v2\/media\/10165"}],"wp:attachment":[{"href":"https:\/\/www.rc03-ilbenstadt.de\/index.php?rest_route=%2Fwp%2Fv2%2Fmedia&parent=12264"}],"wp:term":[{"taxonomy":"category","embeddable":true,"href":"https:\/\/www.rc03-ilbenstadt.de\/index.php?rest_route=%2Fwp%2Fv2%2Fcategories&post=12264"},{"taxonomy":"post_tag","embeddable":true,"href":"https:\/\/www.rc03-ilbenstadt.de\/index.php?rest_route=%2Fwp%2Fv2%2Ftags&post=12264"}],"curies":[{"name":"wp","href":"https:\/\/api.w.org\/{rel}","templated":true}]}}