{"id":12377,"date":"2024-06-12T13:00:04","date_gmt":"2024-06-12T11:00:04","guid":{"rendered":"https:\/\/www.rc03-ilbenstadt.de\/?p=12377"},"modified":"2024-06-12T20:17:31","modified_gmt":"2024-06-12T18:17:31","slug":"ilbenstaedter-radtourenroemerkastell-kapersburgradwanderung-am-donnerstag-den-13-juni-2024der-limes-und-seine-sicherungzeugnisse-vergangener-roemischer-herrschaft-in-unserer-region","status":"publish","type":"post","link":"https:\/\/www.rc03-ilbenstadt.de\/?p=12377","title":{"rendered":"Ilbenst\u00e4dter Radtouren<br>&#8222;R\u00f6merkastell Kapersburg&#8220;<br><br>Radwanderung am Donnerstag, den 13. Juni 2024<br><br>Der Limes und seine Sicherung<br>Zeugnisse vergangener r\u00f6mischer Herrschaft in unserer Region<br><br><br>"},"content":{"rendered":"<p><strong>Liebe Mitglieder und Freunde des RC 03 Ilbenstadt,<\/strong><\/p>\n<p>ein pl\u00f6tzlicher &#8222;K\u00e4lteeinbruch&#8220; versucht uns in dieser Woche vom Fahrrad fernzuhalten. Doch inmitten der Tage mit fehlendem, w\u00e4rmendem Sonnschein rei\u00dft es eine L\u00fccke. Jetzt, am morgigen Donnerstag bricht wieder vermehrt die Sonne durch, Niederschlag ist nicht in Sicht und schon folgt der Aufruf zur n\u00e4chsten Radwanderung:<\/p>\n<p><strong>Start am Donnerstag, den 13.Juni 2024<\/strong><br \/>\n<strong>um 10:00 Uhr am Assenheimer B\u00fcrgerhaus<\/strong><\/p>\n<p>Die R\u00e4der werden nach Westen ausgerichtet, die Kapersburg ist wieder einmal unser Ziel. Es gibt immer etwas zu entdecken, zu genie\u00dfen &#8211; und sei es die steil ansteigende Formkurve &#8211; auch wenn die Wege bekannt und schon vielfach unter unsere R\u00e4der geraten sind. Auch ein Richtungswechsel, die Tour<!--more--> wird gegen den Uhrzeigersinn gefahren, offenbart manch \u00fcberraschend neue Sicht auf hinreichend Bekanntes.<br \/>\n\u00dcber Ilbenstadt, Nieder- und Oberw\u00f6llstadt, an Friedberg und Ockstadt vorbei, passieren das Forsthaus Winterstein und erklimmen dann so nebenbei einen Teil des Taunuskammes. In H\u00f6he des Gaulkopf biegen wir in Richtung S\u00fcd ab und umfahren dabei  das ehemalige Bergwerk Kaisergrube, aufgelassen 1935, ein H\u00fcgelgrab und um das r\u00f6mischen Kleinkastell &#8222;Kaisergrube&#8220; herum. Diese Relikte, die unbedarften Radlerinnen und Radlern l\u00e4ngs des Weges entgehen k\u00f6nnten, aber dem arch\u00e4ologisch geschulten Auge ganze Geschichten offenbaren, werden sicher auf einer unserer n\u00e4chsten Fahrten einen Teil ihrer Geheimnisse verlieren.<\/p>\n<p>Nach kurzer Fahrt sto\u00dfen wir auf das Munitionslager der Bundeswehr, orientieren uns in Richtung Osten und fast am Zaun des Munitionslagers  sto\u00dfen wir auf die gut erhaltenen Reste des <a href=\"https:\/\/de.wikipedia.org\/wiki\/Kastell_Kapersburg\">R\u00f6merkastelles Kapersburg<\/a>. Der Bau des Kastelles wird unter der Herrschaft Kaiser Trajans von 98 bis 117 vermutet. Es diente als Sicherungskastell des Limes, auch zum Schutz der fruchtbaren Wetterau, die zur Versorgung der r\u00f6mischen Truppen unentbehrlich war. 3043 t Getreide und 10.371 t Heu errechneten die Arch\u00e4obotaniker als Bedarf der regionalen Grenztruppen!<br \/>\nWie kam es zur Namensgebung des Kastelles? Man wei\u00df es nicht. Nat\u00fcrlich haben die R\u00f6mer die Region gekapert, doch wird hier nicht der Ursprung dieses griffigen Namens liegen. 1482 wurde das Kastell erstmals urkundlich als &#8222;Karpesserburgk&#8220; erw\u00e4hnt. Der Wissenschaft war das keine Hilfe. So kann eigenen Interpretationen freien Lauf gelassen werden.<br \/>\nInteressant sind auch Zu- und Abfahrt zum Kastell. Wir bewegen und bewegten uns auf Pfaden vorr\u00f6mischer Fernwege, was die strategische Anlage dieses milit\u00e4rischen St\u00fctzpunktes unterstreicht. Die <a href=\"https:\/\/www.altstrassen-in-hessen.de\/altstrassen\/wehrheimerstrasse.php\">Alte Wehrheimer Stra\u00dfe<\/a> band den Niederlahngau an Friedberg an; der H\u00fchnerpfad von der Furt des Erlenbaches \u00fcber K\u00f6ppern mit Langenhain. Der Stra\u00dfenverlauf der Alten Wehrheimer Stra\u00dfe kann nicht mehr zur G\u00e4nze genau nachvollzogen werden. Auf jeden Fall verlief der Stra\u00dfenzug von Pfaffenwiesbach kommend \u00fcber die Kapersburg , kreuzte die Weinstar\u00dfe 400 m n\u00f6rdlich des L\u00f6wenhofes und wandte sich \u00fcber Ockstadt nach Friedberg.<br \/>\nDer<a href=\"https:\/\/www.altstrassen-in-hessen.de\/forschung\/originalquellen1.php#III\"> H\u00fchnerpfad<\/a>, teilweise vermutlich auch r\u00f6mischen Ursprunges, der mit als Befestigungsanlage gedient haben k\u00f6nnte, war wie die heutige B 417 &#8222;H\u00fchnerstra\u00dfe&#8220; von Nassau nach Wiesbaden beileibe keine Wanderroute emsigen Federviehs sondern vielmehr H\u00f6henweg. Hier entging man weichen, sumpfigen Niederungen. Das keltische Wort &#8222;h\u00f6n&#8220; bedeutet &#8222;Hoch&#8220; und steht auch in Verbindung zu aufragenden Grabh\u00fcgeln der Kelten. So die Herleitung des Begriffes auf der Seite <a href=\"http:\/\/kirberg-hessen.de\/AZ\/inhaltaz\/h3.htm\">Kirbergs<\/a>. Zur Federviehverbindung sorgte dann der Volksmund.<\/p>\n<p>Jetzt geht es wieder Richtung Heimat. Gespannt k\u00f6nnen wir sein, wo unser Radwanderfachwart und unerschrockener F\u00fchrer Erwin die Rast vorgesehen hat. Hauptsache sie ger\u00e4t nicht in Vergessenheit.<br \/>\nOhne einen Schwenk zum Quarzitsteinbruch zu  vergessen, denn diese Aussicht in Richtung Frankfurt muss genossen werden, verlassen wir die bewaldeten H\u00f6hen und es kann in flotter Fahrt \u00fcber Rodheim, Petterweil, Gro\u00df-Karben, Burg-Gr\u00e4fenrode und Ilbenstadt das Ziel &#8222;Assenheimer B\u00fcrgerhaus&#8220; wieder erreicht werden.<\/p>\n<p>Nach rund 66 Kilometern sind wir in heimischen Gefilden zur\u00fcck.<br \/>\nWer auf Trekking-, Tourenrad oder Mountainbike sa\u00df, hat die richtige Wahl f\u00fcr diese Tour getroffen.<\/p>\n<p>Ist das Interesse geweckt, freut sich der RC 03 Ilbenstadt auf eine rege Teilnahme.<br \/>\nErwin Loscher ist f\u00fcr R\u00fcckfragen unter der Telefonnummer 01512 02 30 745 erreichbar.<\/p>\n<p>F\u00fcr das Radwanderteam<\/p>\n<p>Wilhelm Schr\u00f6der<br \/>\nFachbereichsleiter \u00d6ffentlichkeitsarbeit und Sport (RTF\/CTF)<\/p>\n<p><strong>Streckendownload f\u00fcr Navigationsger\u00e4te:<\/strong><br \/>\n<a href=\"https:\/\/rc03-ilbenstadt.de\/GPX\/GPX-RW\/RC03_RW_240613_Kapersburgrunde_66km\">Radwanderung &#8222;Kapersburgrunde&#8220;<\/a><\/p>\n<p><strong>Kartendarstellung:<\/strong><br \/>\n<a href=\"https:\/\/umap.openstreetmap.fr\/de\/map\/rc3_rw_240613_kapersburgrunde_1081998#13\/50.2899\/8.7637\" target=\"_blank\" rel=\"noopener\">Radwanderung  &#8222;Kapersburgrunde&#8220;<br \/>(Vollbildanzeige)<\/a><br \/>\n<iframe loading=\"lazy\" width=\"200%\" height=\"300px\" frameborder=\"0\" allowfullscreen allow=\"geolocation\" src=\"\/\/umap.openstreetmap.fr\/de\/map\/rc3_rw_240613_kapersburgrunde_1081998?scaleControl=true&#038;miniMap=false&#038;scrollWheelZoom=true&#038;zoomControl=true&#038;editMode=disabled&#038;moreControl=true&#038;searchControl=true&#038;tilelayersControl=true&#038;embedControl=null&#038;datalayersControl=true&#038;onLoadPanel=none&#038;captionBar=false&#038;captionMenus=true&#038;datalayers=7abf9bb4-f181-4bdb-b5dd-2a4046449457%2C142a2f07-c18c-4a67-8226-70e6119b3107&#038;measureControl=true#13\/50.2899\/8.7637\"><\/iframe><\/p>\n","protected":false},"excerpt":{"rendered":"<p>Liebe Mitglieder und Freunde des RC 03 Ilbenstadt, ein pl\u00f6tzlicher &#8222;K\u00e4lteeinbruch&#8220; versucht uns in dieser Woche vom Fahrrad fernzuhalten. Doch inmitten der Tage mit fehlendem, w\u00e4rmendem Sonnschein rei\u00dft es eine L\u00fccke. Jetzt, am morgigen Donnerstag bricht wieder vermehrt die Sonne &hellip; <a href=\"https:\/\/www.rc03-ilbenstadt.de\/?p=12377\">Weiterlesen <span class=\"meta-nav\">&rarr;<\/span><\/a><\/p>\n","protected":false},"author":9,"featured_media":10165,"comment_status":"closed","ping_status":"closed","sticky":false,"template":"","format":"standard","meta":{"_crdt_document":"","footnotes":""},"categories":[1],"tags":[],"class_list":["post-12377","post","type-post","status-publish","format-standard","has-post-thumbnail","hentry","category-allgemein"],"_links":{"self":[{"href":"https:\/\/www.rc03-ilbenstadt.de\/index.php?rest_route=\/wp\/v2\/posts\/12377","targetHints":{"allow":["GET"]}}],"collection":[{"href":"https:\/\/www.rc03-ilbenstadt.de\/index.php?rest_route=\/wp\/v2\/posts"}],"about":[{"href":"https:\/\/www.rc03-ilbenstadt.de\/index.php?rest_route=\/wp\/v2\/types\/post"}],"author":[{"embeddable":true,"href":"https:\/\/www.rc03-ilbenstadt.de\/index.php?rest_route=\/wp\/v2\/users\/9"}],"replies":[{"embeddable":true,"href":"https:\/\/www.rc03-ilbenstadt.de\/index.php?rest_route=%2Fwp%2Fv2%2Fcomments&post=12377"}],"version-history":[{"count":5,"href":"https:\/\/www.rc03-ilbenstadt.de\/index.php?rest_route=\/wp\/v2\/posts\/12377\/revisions"}],"predecessor-version":[{"id":12389,"href":"https:\/\/www.rc03-ilbenstadt.de\/index.php?rest_route=\/wp\/v2\/posts\/12377\/revisions\/12389"}],"wp:featuredmedia":[{"embeddable":true,"href":"https:\/\/www.rc03-ilbenstadt.de\/index.php?rest_route=\/wp\/v2\/media\/10165"}],"wp:attachment":[{"href":"https:\/\/www.rc03-ilbenstadt.de\/index.php?rest_route=%2Fwp%2Fv2%2Fmedia&parent=12377"}],"wp:term":[{"taxonomy":"category","embeddable":true,"href":"https:\/\/www.rc03-ilbenstadt.de\/index.php?rest_route=%2Fwp%2Fv2%2Fcategories&post=12377"},{"taxonomy":"post_tag","embeddable":true,"href":"https:\/\/www.rc03-ilbenstadt.de\/index.php?rest_route=%2Fwp%2Fv2%2Ftags&post=12377"}],"curies":[{"name":"wp","href":"https:\/\/api.w.org\/{rel}","templated":true}]}}