{"id":12390,"date":"2024-06-19T15:41:58","date_gmt":"2024-06-19T13:41:58","guid":{"rendered":"https:\/\/www.rc03-ilbenstadt.de\/?p=12390"},"modified":"2024-06-25T09:55:40","modified_gmt":"2024-06-25T07:55:40","slug":"ilbenstaedter-radtourenzur-schwanheimer-dueneradwanderung-am-donnerstag-den-20-juni-2024die-gestoppte-wanderduene-am-rande-der-grossstadtauch-radwanderer-stoppen-die-rast-ruft","status":"publish","type":"post","link":"https:\/\/www.rc03-ilbenstadt.de\/?p=12390","title":{"rendered":"Ilbenst\u00e4dter Radtouren<br>&#8222;Zur Frankfurter Runde&#8220;<br><br>Radwanderung am Donnerstag, den 20. Juni 2024<br><br>In den S\u00fcden der Gro\u00dfstadt<br>Bodenst\u00e4ndige Rast in Schwanheim beim beim &#8222;Seppche&#8220;<br><br><br>"},"content":{"rendered":"<p><span style=\"color: #ff0000;\"><strong>Achtung! &#8211; Korrektur der Ausschreibung<\/strong><\/span><\/p>\n<p><strong>Liebe Mitglieder und Freunde des RC 03 Ilbenstadt,<\/strong><\/p>\n<p>Freundliches, sonniges Wetter er\u00f6ffnet den Tag. Wolkenfelder werden im Tagesverlauf aus Rheinland-Pfalz und Baden-W\u00fcrttemberg erwartet. Gegen Abend k\u00f6nnte es auch ein paar Tropfen geben. Es wird ausgeschlossen, dass diese auf unserer Fahrtstrecke niedergehen, so die feste \u00dcberzeugung unseres Wetterpropheten Erwin Loscher. Er l\u00e4dt zur &#8222;Frankfurter Runde&#8220; mit Rast beim Seppche ein:<\/p>\n<p><strong>Start am Donnerstag, den 20. Juni 2024 um 10:00 Uhr<\/strong><br \/>\n<strong>am Assenheimer B\u00fcrgerhaus<\/strong><\/p>\n<p>Das schw\u00fcl-warme, ausgesprochen niederschlagsreiche Wetter mit punktuell eingelagerten Gewittern sowie Wind, der doch stark blies, nat\u00fcrlich <!--more--> immer aus der falschen Richtung, ist morgen schlagartig vorbei. Diese Wetterl\u00fccke ungenutzt verstreichen zu lassen, w\u00e4re str\u00e4flich.<\/p>\n<p>So streben wir von Assenheim Ilbenstadt entgegen und hoffen dort auf einige Mitradlerinnen und -radler, die sich uns aus den Heimatgefilden unseres Vereines anschlie\u00dfen k\u00f6nnten, um zun\u00e4chst an der Nidda entlang zu radeln. Nach einem Schwenk auf Niederdorfelden zu fahren wir ab dort geradzu nach Bischofsheim, setzen mit der Rumpenheimer F\u00e4hre \u00fcber den Main, um dann mainabw\u00e4rts den Frankfurter Stadtteil Schwanheim zu erreichen. Auf der Fahrt l\u00e4ngs des s\u00fcdlichen Mainufers kommen wir nat\u00fcrlich auch an der Fanzone zur Fu\u00dfballeuropameisterschaft vorbei, k\u00f6nnen, ohne den runden Tritt zu verlieren,  etwas von dem Flair dieser Zone mitsamt der schwimmenden Leinwand aufnehmen.<br \/>\nIn Schwanheim ruft schon der hinreichend bekannte Frankfurter Hof, das \u201eSeppchen\u201c. Hier kehren wir, wie schon so oft, ein.<\/p>\n<p>Nach der Rast setzen wir mit der F\u00e4hre nach H\u00f6chst \u00fcber und genie\u00dfen die markante &#8222;H\u00f6chster Skyline&#8220;. \u00dcber die Seilerbahn wechseln wir schnell \u00fcber die Niddabr\u00fccke auf die W\u00f6rthspitze und folgen der Nidda , mal n\u00e4her, mal weiter am Ufer, flussaufw\u00e4rts, Niddatal mit Ilbenstadt und Assenheim entgegen. Am B\u00fcrgerhaus in assenheim liegt die 89 Kilometer lange Tour mit rund 206 H\u00f6henmetern hinter uns.<\/p>\n<p>Diese Genusstour \u00fcber verkehrsarme Strecken wird sicher Euer Interesse wecken. Gute Rad- und Wirtschaftswege wurden ausgew\u00e4hlt.<\/p>\n<p>Wir freuen uns auf eine rege Teilnahme.<br \/>\nErwin Loscher ist f\u00fcr R\u00fcckfragen unter der Telefonnummer 01512 02 30 745 erreichbar.<\/p>\n<p><strong>F\u00fcr das Radwanderteam<\/strong><\/p>\n<p>Wilhelm Schr\u00f6der<br \/>\nFachbereichsleiter \u00d6ffentlichkeitsarbeit und Sport (RTF\/CTF)<\/p>\n<p><strong>Streckendownload f\u00fcr Navigationsger\u00e4te:<\/strong><br \/>\n<a href=\"https:\/\/rc03-ilbenstadt.de\/GPX\/GPX-RW\/RC03_RW_240620_Frankfurter Runde_mit_Seppche_89km.gpx\">Zur Radwanderstrecke  &#8222;Frankfurter Runde mit &#8222;Seppche&#8220;<\/a><\/p>\n<p><a href=\"<a href=\"https:\/\/www.komoot.com\/tour\/1657696710\" target=\"_blank\" rel=\"noopener noreferrer\">Zur Radwanderstrecke  Frankfurter Runde mit &#8222;Seppche&#8220; im <strong>Tourenportal KOMOOT<\/strong><\/a><\/p>\n<p><a href=\"https:\/\/umap.openstreetmap.fr\/de\/map\/rc03_rw_240620_frankfurterrunde_mit_seppche_1085010#14\/50.2109\/8.7446\" target=\"_blank\" rel=\"noopener noreferrer\">Zur Radwanderstrecke  &#8222;Frankfurter Runde mit &#8222;Seppche&#8220; im <strong>Tourenportal uMap (Openstreetmap)<\/strong> &#8211; Vollbildanzeige<\/a><br \/>\n<iframe loading=\"lazy\" width=\"200%\" height=\"300px\" frameborder=\"0\" allowfullscreen allow=\"geolocation\" src=\"\/\/umap.openstreetmap.fr\/de\/map\/rc03_rw_240620_frankfurterrunde_mit_seppche_1085010?scaleControl=true&#038;miniMap=false&#038;scrollWheelZoom=true&#038;zoomControl=true&#038;editMode=disabled&#038;moreControl=true&#038;searchControl=true&#038;tilelayersControl=true&#038;embedControl=null&#038;datalayersControl=true&#038;onLoadPanel=none&#038;captionBar=false&#038;captionMenus=true&#038;datalayers=69ddf912-2879-4c9d-9ad0-082b19d228e2%2Cc6d03d97-e5c9-4ab8-a7b1-7f21c0778970&#038;measureControl=true#14\/50.2109\/8.7446\"><\/iframe><\/p>\n","protected":false},"excerpt":{"rendered":"<p>Achtung! &#8211; Korrektur der Ausschreibung Liebe Mitglieder und Freunde des RC 03 Ilbenstadt, Freundliches, sonniges Wetter er\u00f6ffnet den Tag. Wolkenfelder werden im Tagesverlauf aus Rheinland-Pfalz und Baden-W\u00fcrttemberg erwartet. Gegen Abend k\u00f6nnte es auch ein paar Tropfen geben. Es wird ausgeschlossen, &hellip; <a href=\"https:\/\/www.rc03-ilbenstadt.de\/?p=12390\">Weiterlesen <span class=\"meta-nav\">&rarr;<\/span><\/a><\/p>\n","protected":false},"author":9,"featured_media":10165,"comment_status":"closed","ping_status":"closed","sticky":false,"template":"","format":"standard","meta":{"_crdt_document":"","footnotes":""},"categories":[1],"tags":[],"class_list":["post-12390","post","type-post","status-publish","format-standard","has-post-thumbnail","hentry","category-allgemein"],"_links":{"self":[{"href":"https:\/\/www.rc03-ilbenstadt.de\/index.php?rest_route=\/wp\/v2\/posts\/12390","targetHints":{"allow":["GET"]}}],"collection":[{"href":"https:\/\/www.rc03-ilbenstadt.de\/index.php?rest_route=\/wp\/v2\/posts"}],"about":[{"href":"https:\/\/www.rc03-ilbenstadt.de\/index.php?rest_route=\/wp\/v2\/types\/post"}],"author":[{"embeddable":true,"href":"https:\/\/www.rc03-ilbenstadt.de\/index.php?rest_route=\/wp\/v2\/users\/9"}],"replies":[{"embeddable":true,"href":"https:\/\/www.rc03-ilbenstadt.de\/index.php?rest_route=%2Fwp%2Fv2%2Fcomments&post=12390"}],"version-history":[{"count":6,"href":"https:\/\/www.rc03-ilbenstadt.de\/index.php?rest_route=\/wp\/v2\/posts\/12390\/revisions"}],"predecessor-version":[{"id":12408,"href":"https:\/\/www.rc03-ilbenstadt.de\/index.php?rest_route=\/wp\/v2\/posts\/12390\/revisions\/12408"}],"wp:featuredmedia":[{"embeddable":true,"href":"https:\/\/www.rc03-ilbenstadt.de\/index.php?rest_route=\/wp\/v2\/media\/10165"}],"wp:attachment":[{"href":"https:\/\/www.rc03-ilbenstadt.de\/index.php?rest_route=%2Fwp%2Fv2%2Fmedia&parent=12390"}],"wp:term":[{"taxonomy":"category","embeddable":true,"href":"https:\/\/www.rc03-ilbenstadt.de\/index.php?rest_route=%2Fwp%2Fv2%2Fcategories&post=12390"},{"taxonomy":"post_tag","embeddable":true,"href":"https:\/\/www.rc03-ilbenstadt.de\/index.php?rest_route=%2Fwp%2Fv2%2Ftags&post=12390"}],"curies":[{"name":"wp","href":"https:\/\/api.w.org\/{rel}","templated":true}]}}