{"id":12406,"date":"2024-06-25T10:00:27","date_gmt":"2024-06-25T08:00:27","guid":{"rendered":"https:\/\/www.rc03-ilbenstadt.de\/?p=12406"},"modified":"2024-06-25T10:52:08","modified_gmt":"2024-06-25T08:52:08","slug":"neu","status":"publish","type":"post","link":"https:\/\/www.rc03-ilbenstadt.de\/?p=12406","title":{"rendered":"Ilbenst\u00e4dter Radtouren<br>&#8222;Zu den Dietesheimer Steinbr\u00fcchen&#8220;<br>Seenlandschaft mit eindrucksvollen Felsformationen<br>Radwanderung am Mittwoch, den 26. Juni 2024<br><br><br>Ein Leben nach der Aufgabe des Basaltabbaues<br><br><br>"},"content":{"rendered":"<p><strong>Liebe Mitglieder und Freunde des RC 03 Ilbenstadt,<\/strong><\/p>\n<p>der Sommer ist zur\u00fcck. Bis \u00fcber 30\u00b0 Celsius erw\u00e4rmt sich nicht nur die Atmosph\u00e4re des Wetteraukreises, sondern auch die s\u00fcdlich des Maines. Dorthin strebt unser Radwanderfachwart Erwin Loscher. Er l\u00e4dt zur Tour zu den &#8222;Dietesheimer Steinbr\u00fcchen&#8220; ein:<\/p>\n<p><strong>Start am Mittwoch, den 26. Juni 2024 um 09:30 Uhr<\/strong><br \/>\n<strong>auf der Wickst\u00e4dter Niddabr\u00fccke<\/strong><\/p>\n<p>Noch ein Wort zum Wetter bevor es auf die Strecke geht. Der Deutsche Wetterdienst misst die Lufttemperatur 2 m \u00fcber dem Boden. Kleinere Zeitgenossen k\u00f6nnen auch in angenehmeren Temperaturbereichen unterwegs sein, doch<!--more--> wird die Differenz \u00e4u\u00dferst marginal sein. Direkte Sonneneinstrahlung und auch deren R\u00fcckmeldung \u00fcber Asphalt und Betonfl\u00e4chen stellen eine andere Hausnummer dar! In Polen ist es nicht un\u00fcblich \u00fcber Autobahnen oder Schnellstra\u00dfe digitale Wetterdaten anzuzeigen. Bei der gesondert ausgeworfenen Asphalttemperatur ist man heilfroh, sein Leben nicht als Pneu verbringen zu m\u00fcssen.<\/p>\n<p>Jetzt aber zur Tour. Ohne mich despektierlich zur Streckenf\u00fchrung zu \u00e4u\u00dfern, m\u00f6chte ich diese, angesichts unseres Zieles, den &#8222;Dietesheimer Steinbr\u00fcchen&#8220;, in den Hintergrund r\u00fccken. Es erwartet Euch wieder eine gut gew\u00e4hlte Strecke in bekanntem Terrain, auch wenn sie uns bisher nicht zu diesem Ziel gef\u00fchrt hat. Genie\u00dft die Tour, tretet in die Pedale, gebt Euer Bestes und unterhaltet Euch gut.<\/p>\n<p>Die <a href=\"https:\/\/www.muehlheim.de\/steinbrueche\" target=\"_blank\" rel=\"noopener\">&#8222;Dietesheimer Steinbr\u00fcche&#8220;:<\/a> Hier vermutete ich zun\u00e4chst einen Sandsteinabbau, waren doch weite Teile des Rhein-Main-Gebietes in grauer Vorzeit wasserbedeckt und der Abbau von Sedimentgestein, wie dies gerade vielfach in den Ortschaften um den Untermain in Hausfassaden als Sockel, T\u00fcr- und Fensterst\u00fcrze oder auch als Zaunelemente auftaucht, war die wahrscheinlichste Erkl\u00e4rung.<br \/>\nNein, die atemberaubende Landschaft mit ihren tiefblauen Seen, schroffen Felsw\u00e4nden mit frischem Gr\u00fcn nach der Steinbruchaufgabe 1982 aufgeforstet, einem Refugium f\u00fcr Flora und Fauna, verdanken wir dem Basaltabbau. Diesen verorten wir reflexhaft mit dem Vogelsberg, den dieses Ergussgestein aus unz\u00e4hligen Schloten in der Bl\u00fctezeit vulkanischer T\u00e4tigkeit im \u00fcber 2500 Quadratkilometer gro\u00dfem Gebildes aus Mehrfachlagen festen Basaltes aufget\u00fcrmt hat. Brachten nun Eruptionen gro\u00dfe Mengen des Gesteines ins weite Umfeld? Wenn ja, m\u00f6chte ich bei diesen Mengen nicht im Wege gestanden haben. Floss fl\u00fcssiges Gestein aus dem Vogelsberggebiet \u00fcber die Mainlinie? Nein, die noch heute zu sehenden schwarzen B\u00e4nder aus dem Vogelsberg nennen wir Stra\u00dfen; gebildet aus Asphalt.<\/p>\n<p>Nat\u00fcrlich war in den wilden Zeiten unserer Erde der Vulkanismus regional nicht eng begrenzt; auch um die Mainlinie herum brodelte es. Dem geologisch ungeschulten Betrachter fallen dann schon mal hier und da Steinbr\u00fcche auf, die er auf vulkanische T\u00e4tigkeiten zur\u00fcckf\u00fchren kann. Bis in den Untermainbereich gab es urspr\u00fcnglich eine geschlossene Basaltdecke. An dieser nagte der Zahn der Zeit. W\u00e4hrend der Basaltkoloss des heutigen Vogelsberges seine Integrit\u00e4t weitgehend bewahrte, erodierten weite Basaltfl\u00e4chen im untermainischen Bereich w\u00e4hrend einiger Millionen Jahre unter den damaligen tropischen bis subtropischen Verh\u00e4ltnissen, verwandelten sich zum gro\u00dfen Teil durch lateritische Verwitterung in Tone. So die Erkenntnisse aus  <a href=\"https:\/\/de.wikipedia.org\/wiki\/Vogelsberg\" target=\"_blank\" rel=\"noopener\">Wikipedia<\/a> zum Vogelsberg.<br \/>\nJetzt habt Ihr eine ungef\u00e4hre Vorstellung, warum wir heute einen aufgelassenen Steinbruch, toll im Umfeld renaturiert dargeboten, besuchen und genie\u00dfen k\u00f6nnen. Ach ja, das Wasser: Die Seen haben sich durch das Abschalten der Pumpen nach dem Ende des Basaltabbaues gebildet. Wer tiefe L\u00f6cher gr\u00e4bt, wird nicht selten durch glasklares Grundwasser \u00fcberrascht &#8230;<\/p>\n<p>Nach dem Genuss des ersten Teiles unserer Radtour, das Aufsaugen der neuen Eindr\u00fccke aus dem ehemaligen Steinbruchgebiet bedingt eine Rast. In M\u00fchlheim finden wir im &#8222;Forsthaus&#8220; dazu sehr gute Bedingungen.<\/p>\n<p>Auf der R\u00fcckfahrt bringt uns die Mainf\u00e4hre bei Rumpenheim an das n\u00f6rdliche Mainufer. Ruckzuck sind wir in Niederdorfelden, vertrauen uns bei Gronau dem Niddaradweg an und erreichen mit schlafwandlerischer Sicherheit wieder unseren Ausgangspunkt bei Wickstadt.<\/p>\n<p>Diese Genusstour \u00fcber verkehrsarme Strecken mit 471 H\u00f6henmetern und 75,2 Kilometern wird sicher Euer Interesse wecken. Gute Rad- und Wirtschaftswege wurden ausgew\u00e4hlt.<\/p>\n<p>Wir freuen uns auf eine rege Teilnahme.<br \/>\nErwin Loscher ist f\u00fcr R\u00fcckfragen unter der Telefonnummer 01512 02 30 745 erreichbar.<\/p>\n<p><strong>F\u00fcr das Radwanderteam<\/strong><\/p>\n<p>Wilhelm Schr\u00f6der<br \/>\nFachbereichsleiter \u00d6ffentlichkeitsarbeit und Sport (RTF\/CTF)<\/p>\n<p><strong>Streckendownload f\u00fcr Navigationsger\u00e4te:<\/strong><br \/>\n<a href=\"https:\/\/rc03-ilbenstadt.de\/GPX\/GPX-RW\/RC03_RW_240626_DietesheimerSteinbrueche_75km.gpx\" target=\"_blank\" rel=\"noopener noreferrer\">Zur Radwanderstrecke  &#8222;Dietesheimer Steinbr\u00fcche&#8220;<\/a><\/p>\n<p><a href=\"https:\/\/www.komoot.com\/de-de\/tour\/1669183430\">Zur Radwanderstrecke  &#8222;Dietesheimer Steinbr\u00fcche&#8220; im <strong>Tourenportal KOMOOT<\/strong><\/a><\/p>\n<p><a href=\"https:\/\/umap.openstreetmap.fr\/de\/map\/rc03_rw_240626_dietesheimersteinbrueche_75km_1086942\" target=\"_blank\" rel=\"noopener noreferrer\">Zur Radwanderstrecke  &#8222;Dietesheimer Steinbr\u00fcche&#8220; im <strong>Tourenportal uMap (Openstreetmap)<\/strong> &#8211; Vollbildanzeige<\/a><br \/>\n<iframe loading=\"lazy\" width=\"200%\" height=\"300px\" frameborder=\"0\" allowfullscreen allow=\"geolocation\" src=\"\/\/umap.openstreetmap.fr\/de\/map\/rc03_rw_240626_dietesheimersteinbrueche_75km_1086942?scaleControl=true&#038;miniMap=false&#038;scrollWheelZoom=true&#038;zoomControl=true&#038;editMode=disabled&#038;moreControl=true&#038;searchControl=true&#038;tilelayersControl=true&#038;embedControl=true&#038;datalayersControl=true&#038;onLoadPanel=none&#038;captionBar=false&#038;captionMenus=true&#038;datalayers=adcef1cd-518a-46e4-894b-04b1929943c3%2C2067a40a-5c69-42cf-961c-79f36ca32f55&#038;measureControl=true#12\/50.1974\/8.8406\"><\/iframe><\/p>\n","protected":false},"excerpt":{"rendered":"<p>Liebe Mitglieder und Freunde des RC 03 Ilbenstadt, der Sommer ist zur\u00fcck. Bis \u00fcber 30\u00b0 Celsius erw\u00e4rmt sich nicht nur die Atmosph\u00e4re des Wetteraukreises, sondern auch die s\u00fcdlich des Maines. Dorthin strebt unser Radwanderfachwart Erwin Loscher. Er l\u00e4dt zur Tour &hellip; <a href=\"https:\/\/www.rc03-ilbenstadt.de\/?p=12406\">Weiterlesen <span class=\"meta-nav\">&rarr;<\/span><\/a><\/p>\n","protected":false},"author":9,"featured_media":10165,"comment_status":"closed","ping_status":"closed","sticky":false,"template":"","format":"standard","meta":{"_crdt_document":"","footnotes":""},"categories":[1],"tags":[],"class_list":["post-12406","post","type-post","status-publish","format-standard","has-post-thumbnail","hentry","category-allgemein"],"_links":{"self":[{"href":"https:\/\/www.rc03-ilbenstadt.de\/index.php?rest_route=\/wp\/v2\/posts\/12406","targetHints":{"allow":["GET"]}}],"collection":[{"href":"https:\/\/www.rc03-ilbenstadt.de\/index.php?rest_route=\/wp\/v2\/posts"}],"about":[{"href":"https:\/\/www.rc03-ilbenstadt.de\/index.php?rest_route=\/wp\/v2\/types\/post"}],"author":[{"embeddable":true,"href":"https:\/\/www.rc03-ilbenstadt.de\/index.php?rest_route=\/wp\/v2\/users\/9"}],"replies":[{"embeddable":true,"href":"https:\/\/www.rc03-ilbenstadt.de\/index.php?rest_route=%2Fwp%2Fv2%2Fcomments&post=12406"}],"version-history":[{"count":6,"href":"https:\/\/www.rc03-ilbenstadt.de\/index.php?rest_route=\/wp\/v2\/posts\/12406\/revisions"}],"predecessor-version":[{"id":12417,"href":"https:\/\/www.rc03-ilbenstadt.de\/index.php?rest_route=\/wp\/v2\/posts\/12406\/revisions\/12417"}],"wp:featuredmedia":[{"embeddable":true,"href":"https:\/\/www.rc03-ilbenstadt.de\/index.php?rest_route=\/wp\/v2\/media\/10165"}],"wp:attachment":[{"href":"https:\/\/www.rc03-ilbenstadt.de\/index.php?rest_route=%2Fwp%2Fv2%2Fmedia&parent=12406"}],"wp:term":[{"taxonomy":"category","embeddable":true,"href":"https:\/\/www.rc03-ilbenstadt.de\/index.php?rest_route=%2Fwp%2Fv2%2Fcategories&post=12406"},{"taxonomy":"post_tag","embeddable":true,"href":"https:\/\/www.rc03-ilbenstadt.de\/index.php?rest_route=%2Fwp%2Fv2%2Ftags&post=12406"}],"curies":[{"name":"wp","href":"https:\/\/api.w.org\/{rel}","templated":true}]}}