{"id":12500,"date":"2024-08-04T23:24:20","date_gmt":"2024-08-04T21:24:20","guid":{"rendered":"https:\/\/www.rc03-ilbenstadt.de\/?p=12500"},"modified":"2024-12-11T11:42:39","modified_gmt":"2024-12-11T10:42:39","slug":"radtourenfahren-rtf-in-ilbenstadtankuendigung48-herbst-rtf-wetterau-vogelsberg-rundfahrtmit-6-gtf-wetterauer-schottertoursowie-familien-und-trimmtouram-sonntag-den-8-september-2024","status":"publish","type":"post","link":"https:\/\/www.rc03-ilbenstadt.de\/?p=12500","title":{"rendered":"Radtourenfahren (RTF) in Ilbenstadt<br>ANK\u00dcNDIGUNG<br><br>48. Herbst-RTF &#8222;Wetterau &#8211; Vogelsberg &#8211; Rundfahrt&#8220;<br>mit 6. GTF &#8222;Wetterauer Schottertour&#8220;<br>sowie Familien-und Trimmtour<br>am Sonntag, den 8. September 2024<br>"},"content":{"rendered":"<p><strong>Liebe Radsportlerinnen, liebe Radsportler,<\/strong><\/p>\n<p>K\u00e4lte, N\u00e4sse und Hitze bescherte uns der Sommer in unstetem Wechsel und \u00fcbertrieb es zuweilen deutlich \u00fcber das langj\u00e4hrige Mittel hinaus. Gut, dass wir jetzt \u00fcber beide Ohren in den Planungen f\u00fcr unsere Herbst-Radtourenfahrenfahrten sind. Mit Rennrad, Gravelbike oder mit allem, was Ihr zum Laufen (Fahren &#8230;) bringen k\u00f6nnt, werdet Ihr Radlerinnen und Radler  Wetterauer Flure und W\u00e4lder bis in den Hohen Vogelsberg hinein durchstreifen k\u00f6nnen. Wir bieten einen bunten Herbststrau\u00df interessanter Touren, verschiedener L\u00e4ngen- und Schwierigkeitsgrade an.<\/p>\n<p>Unsere Herbsttouren sind zur Genehmigung beim Regierungspr\u00e4sidium in Darmstadt eingereicht. Viele M\u00fchen mussten wir aufwenden, zahlreichen Baustellen &#8222;auszweichen&#8220; und trotzdem die Tourencharktere zu erhalten. <\/p>\n<p><strong>Was erwartet Euch zum herbstlichen Finale am<br \/>\nSonntag, den 8. September 2024 in Ilbenstadt?<\/strong><\/p>\n<p><strong><br \/>\nUnsere  RTF, die Wetterau-Vogelsberg-Rundfahrt mit Strecken von 33-, 44-, 82, 114- und 156 Kilometern und unsere 6. Wetterauer Schottertour, GPS-gef\u00fchrte Graveltouren (GTF)\/Gravelrides (GR) \u00fcber 53 und 82 Kilometer:<\/strong><!--more--><\/p>\n<ul>\n<li><strong>Radtourenfahrt (RTF) &#8222;48. Wetterau &#8211; Vogelsberg &#8211; Rundfahrt&#8220;<\/strong>\n<p> F\u00fcr jeden ist etwas dabei. Von der Familientour, die den Sauerbrunnen in Staden zum Ziel hat, bis hin zu abwechslungsreichen Runden in der Wetterau, die mit zunehmenden Streckenl\u00e4ngen sich immer weiter zum Vogelsberg hinziehen und in der K\u00f6nigsetappe \u00fcber den Hohen Vogelsberg f\u00fchren.  Landschaftlich werden alle Leckerbissen der fr\u00fchherbstlichen Region um Ilbenstadt auf dem Tablett serviert. Was wollen wir Radlerinnen und Radler mehr?<\/p>\n<\/li>\n<li><strong>Graveltourenfahrt (GTF)\/Gravelrides &#8222;6. Wetterauer Schottertour&#8220;<\/strong>\n<p>Die Wetterauer Schottertour orientiert sich grob an der 82-Kilometertour der RTF. Sie ist ebenfalls 82 Kilometer lang und die geneigte Gravelfreundin, der geneigte Gravelfreund, fahren auf naturnahen Pfaden unsere Service- und Verpflegungspunkte in M\u00fcnzenberg und Staden an. Erg\u00e4nzt wird sie durch eine 53-Kilometertour, die den Servicepunkt Staden im Streckenprofil hat.<br \/>\n\tDie Gravelrides werden <strong>nicht<\/strong> ausgeschildert und sind nach GPS-Daten zu fahren. Beschilderungen anderer Touren sind mit Ausnahme der Servicepunkte M\u00fcnzenberg und Staden zu ignorieren.<br \/>\n\tGraveltouren oder besser Gravelrides werden 2024 erstmals  mit eigener Veranstaltungsnummer unter dem Dach des BDR veranstaltet und werden Euch in der App &#8222;BDR-Touren&#8220; (Nur f\u00fcr Inhaber eines Basis-Accounts oder mit BDR-Breitensportlizenz sichtbar) zur Wertung eingetragen.<br \/>\n    Die Anteile der Wegstrecken mit wassergebundener Decke sowie Erde- und Graswege sind gegen\u00fcber den Fr\u00fchjahrsstrecken erh\u00f6ht. Ansonsten ist Schotter immer im Spiel, auch versteckt unter Asphalt- und Betondecken im Unterbau der Wege. Dieses Ph\u00e4nomen tritt selbst im Wald bei wassergebunden Decken auf, deren feine Oberschicht mit einem Geovlies vom Schotter getrennt wird.<br \/>\n    Wir freuen uns, mit diesen naturnahen Strecken ein attraktives Angebot an die Gravelszene im Programm zu haben. Wir sind gespannt, ob die Gravelszene unser Angebot entdeckt.<br \/>\n    Im Ilbenst\u00e4dter Revier ein Zweirad zu bewegen, das man dem immer weiter verbreitetend Typus des Gravelbikes zurechnet, ist kein Hexenwerk. Aber keine Angst, andere R\u00e4der funktionieren auf dieser Strecke auch, selbst ein Rennrad, das allerdings Paris-Roubaix-tauglich sein sollte. <\/p>\n<\/li>\n<\/ul>\n<p>  <strong><span style=\"color: #ff0000;\">Hier geht es zu den Ausschreibungen und Strecken:<\/span><\/strong><\/p>\n<ul>\n<li><a href=\"https:\/\/www.rc03-ilbenstadt.de\/?page_id=12537\" rel=\"noopener noreferrer\"><strong>Zur Radtourenfahrt (RTF)- und Graveltouren (GTF)-Ausschreibung<\/strong><\/a><\/li>\n<li><a href=\"https:\/\/umap.openstreetmap.fr\/de\/map\/rc03_ilbenstadt_rtf_gtf_9_2024-gesamt_1096317#10\/50.3920\/9.0306\" target=\"_blank\" rel=\"noopener\"><strong>Zur Gesamtdarstellung aller Strecken<\/strong><\/a><\/li>\n<li><a href=\"https:\/\/www.rc03-ilbenstadt.de\/?page_id=12492\" rel=\"noopener noreferrer\"><strong>Zu den RTF- und GTF (Gravel-)-Strecken<\/strong><\/a><\/td>\n<\/li>\n<li><a href=\"https:\/\/www.rc03-ilbenstadt.de\/?page_id=12496\" rel=\"noopener noreferrer\"><strong>Zu denTeilnahmebedingungen<\/strong><\/a><\/td>\n<\/li>\n<\/ul>\n<p>  Wir w\u00fcnschen Euch ein \u00fcberw\u00e4ltigendes Radsporterlebnis im Fr\u00fchherbst der Saison<br \/>\n  sowie einen unfallfreien Verlauf.<\/p>\n<p>  <strong>F\u00fcr das Orga-Team <\/strong><\/p>\n<p>  Wilhelm Schr\u00f6der<br \/>\n  Fachbereichsleiter Kommunikation und Sport<\/p>\n","protected":false},"excerpt":{"rendered":"<p>Liebe Radsportlerinnen, liebe Radsportler, K\u00e4lte, N\u00e4sse und Hitze bescherte uns der Sommer in unstetem Wechsel und \u00fcbertrieb es zuweilen deutlich \u00fcber das langj\u00e4hrige Mittel hinaus. Gut, dass wir jetzt \u00fcber beide Ohren in den Planungen f\u00fcr unsere Herbst-Radtourenfahrenfahrten sind. Mit &hellip; <a href=\"https:\/\/www.rc03-ilbenstadt.de\/?p=12500\">Weiterlesen <span class=\"meta-nav\">&rarr;<\/span><\/a><\/p>\n","protected":false},"author":9,"featured_media":8311,"comment_status":"closed","ping_status":"closed","sticky":false,"template":"","format":"standard","meta":{"_crdt_document":"","footnotes":""},"categories":[1],"tags":[],"class_list":["post-12500","post","type-post","status-publish","format-standard","has-post-thumbnail","hentry","category-allgemein"],"_links":{"self":[{"href":"https:\/\/www.rc03-ilbenstadt.de\/index.php?rest_route=\/wp\/v2\/posts\/12500","targetHints":{"allow":["GET"]}}],"collection":[{"href":"https:\/\/www.rc03-ilbenstadt.de\/index.php?rest_route=\/wp\/v2\/posts"}],"about":[{"href":"https:\/\/www.rc03-ilbenstadt.de\/index.php?rest_route=\/wp\/v2\/types\/post"}],"author":[{"embeddable":true,"href":"https:\/\/www.rc03-ilbenstadt.de\/index.php?rest_route=\/wp\/v2\/users\/9"}],"replies":[{"embeddable":true,"href":"https:\/\/www.rc03-ilbenstadt.de\/index.php?rest_route=%2Fwp%2Fv2%2Fcomments&post=12500"}],"version-history":[{"count":5,"href":"https:\/\/www.rc03-ilbenstadt.de\/index.php?rest_route=\/wp\/v2\/posts\/12500\/revisions"}],"predecessor-version":[{"id":12865,"href":"https:\/\/www.rc03-ilbenstadt.de\/index.php?rest_route=\/wp\/v2\/posts\/12500\/revisions\/12865"}],"wp:featuredmedia":[{"embeddable":true,"href":"https:\/\/www.rc03-ilbenstadt.de\/index.php?rest_route=\/wp\/v2\/media\/8311"}],"wp:attachment":[{"href":"https:\/\/www.rc03-ilbenstadt.de\/index.php?rest_route=%2Fwp%2Fv2%2Fmedia&parent=12500"}],"wp:term":[{"taxonomy":"category","embeddable":true,"href":"https:\/\/www.rc03-ilbenstadt.de\/index.php?rest_route=%2Fwp%2Fv2%2Fcategories&post=12500"},{"taxonomy":"post_tag","embeddable":true,"href":"https:\/\/www.rc03-ilbenstadt.de\/index.php?rest_route=%2Fwp%2Fv2%2Ftags&post=12500"}],"curies":[{"name":"wp","href":"https:\/\/api.w.org\/{rel}","templated":true}]}}